{"id":2160,"date":"2020-11-09T18:40:56","date_gmt":"2020-11-09T20:40:56","guid":{"rendered":"http:\/\/www.ovg.org.br\/site\/?p=2160"},"modified":"2022-10-04T10:41:39","modified_gmt":"2022-10-04T13:41:39","slug":"bff-girls-e-a-atracao-de-hoje-do-natal-do-bem","status":"publish","type":"post","link":"https:\/\/www.ovg.org.br\/site\/?p=2160","title":{"rendered":"BFF Girls \u00e9 a atra\u00e7\u00e3o de hoje do Natal do Bem"},"content":{"rendered":"\n<p><em><strong>Karinthia Wanderley&nbsp;<\/strong><\/em><\/p>\n\n\n\n<p>&nbsp;&nbsp;&nbsp;&nbsp;&nbsp;&nbsp;&nbsp;&nbsp; A banda teen BFF Girls anima a noite desta ter\u00e7a-feira, 17, no Natal do Bem. O grupo \u00e9 formado por Giulia Nassa, Laura Castro e Bia Torres. Elas se conheceram no The Voice Kids da Rede Globo (2016\/2017) e fazem muito sucesso entre os adolescentes. A apresenta\u00e7\u00e3o come\u00e7a \u00e0s 20 horas, na Pra\u00e7a C\u00edvica.<\/p>\n\n\n\n<p>&nbsp;&nbsp;&nbsp;&nbsp;&nbsp;&nbsp;&nbsp; A banda iniciou sua trajet\u00f3ria com uma s\u00e9rie de covers nacionais e internacionais de seus artistas favoritos. Sucesso no YouTube, as BFF j\u00e1 ultrapassaram a marca de 160 milh\u00f5es de visualiza\u00e7\u00f5es em seus v\u00eddeos, al\u00e9m de ter seu canal no Top 10 maiores n\u00fameros de views na VEVO de 2018.<\/p>\n\n\n\n<p>&nbsp;&nbsp;&nbsp;&nbsp;&nbsp;&nbsp;&nbsp; Foi em janeiro de 2018 que o trio lan\u00e7ou sua primeira m\u00fasica in\u00e9dita, chamada \u201cBFF\u201d, que conta com um clipe que j\u00e1 passou de 5 milh\u00f5es de visualiza\u00e7\u00f5es. \u201cMeu Crush\u201d, o segundo lan\u00e7amento da banda, atingiu a impressionante marca de 67 milh\u00f5es de visualiza\u00e7\u00e3o no Youtube e um milh\u00e3o de play no Spotify, se tornando um hit teen do pop nacional.<\/p>\n\n\n\n<p>&nbsp;&nbsp;&nbsp;&nbsp;&nbsp;&nbsp; A terceira m\u00fasica in\u00e9dita do BFF Girls, \u201cPode Parar\u201d, estreou um clipe inspirado na s\u00e9rie da televis\u00e3o americana Riverdale e atualmente possui atualmente mais de 10 milh\u00f5es de visualiza\u00e7\u00f5es. O show \u00e9 um patroc\u00ednio da Federa\u00e7\u00e3o do Com\u00e9rcio do Estado de Goi\u00e1s (Fecom\u00e9rcio-GO) e do Servi\u00e7o Social do Com\u00e9rcio (SESC).<\/p>\n\n\n\n<p>&nbsp;&nbsp; &nbsp; &nbsp;O Natal do Bem conta com o apoio da Ag\u00eancia Municipal do Meio Ambiente (AMMA), Companhia de Urbaniza\u00e7\u00e3o de Goi\u00e2nia (Comurg), Corpo de Bombeiros do Estado de Goi\u00e1s, Departamento Estadual de Tr\u00e2nsito de Goi\u00e1s (Detran), Guarda Civil Metropolitana, Ind\u00fastria Qu\u00edmica do Estado de Goi\u00e1s (Iquego), Imagine Eventos, JC Distribui\u00e7\u00e3o Log\u00edstica Importa\u00e7\u00e3o e Exporta\u00e7\u00e3o, Juizado da Inf\u00e2ncia e Juventude da Comarca de Goi\u00e2nia, P\u00e9rola Distribui\u00e7\u00e3o e Log\u00edstica, Rio Vermelho Distribuidora, Rede Metropolitana de Transporte Coletivo, Refrigerantes do Tri\u00e2ngulo, Refrescos Bandeirantes, Rede Brasil de Distribui\u00e7\u00e3o e Log\u00edstica (Goi\u00e1s Atacado), Saneago, Secretaria de Esportes e Lazer, Secretaria Municipal de Sa\u00fade e SAMU, Secretaria Municipal de Tr\u00e2nsito e Mobilidade (SMT), Secretaria Municipal de Desenvolvimento Econ\u00f4mico, Trabalho, Ci\u00eancia e Tecnologia (SEDETEC), Servi\u00e7o Social do Com\u00e9rcio (Sesc), Servi\u00e7o Nacional de Aprendizagem Comercial (Senac), Fecom\u00e9rcio-GO, Pol\u00edcia Militar do Estado de Goi\u00e1s, Pol\u00edcia Rodovi\u00e1ria Federal, Sindicato das Empresas de Transporte Coletivo Urbano de Passageiros de Goi\u00e2nia (SET) e Unimed Goi\u00e2nia.<\/p>\n\n\n\n<p><strong>Servi\u00e7o<\/strong><strong>: BFF Girls \u00e9 a atra\u00e7\u00e3o do Natal do Bem desta ter\u00e7a-feira<\/strong><\/p>\n\n\n\n<p><strong>Data:&nbsp;<\/strong>17\/12\/2019 \u2013 ter\u00e7a-feira<\/p>\n\n\n\n<p><strong>Hor\u00e1rio:&nbsp;<\/strong>20 horas<\/p>\n\n\n\n<p><strong>Local:&nbsp;<\/strong>Pra\u00e7a C\u00edvica \u2013 Centro &#8211; Goi\u00e2nia<\/p>\n\n\n\n<p><strong>Programa\u00e7\u00e3o do Natal do Bem:<\/strong><\/p>\n\n\n\n<p>18 de dezembro \u2013 quarta-feira 20h30 &#8211; \u201cO Melhor Momento \u00e9 Natal\u201d &#8211; Grupo Cantoria\/ Elen Lara<br><br>19 de dezembro \u2013 quinta-feira 20h &#8211; Show de Victor Hugo Igreja \u2013 \u201cCl\u00e1ssicos Natalinos\u201d<br><br>20 de dezembro \u2013 sexta-feira 19h30 &#8211; Banda Sinf\u00f4nica Jovem e Corpo Circense Basileu Fran\u00e7a 20h30 \u2013 Show Pedro Scalon (Pop Rock)<br><br>21 de dezembro \u2013 s\u00e1bado 20h &#8211; Espet\u00e1culo Natal de Encantos 2019<br><br>22 de dezembro \u2013 domingo 20h &#8211; Cantata Goi\u00e2nia Coral \u2013 Maestro Cardoso 23 de dezembro \u2013 segunda-feira 20h &#8211; Espet\u00e1culo Natalino \u201cMagic Color\u201d<br><br>24 de dezembro \u2013 ter\u00e7a-feira 20h &#8211; Programa\u00e7\u00e3o Especial<br><br>25 de dezembro \u2013 quarta-feira 20h &#8211; Espet\u00e1culo Natalino \u201cMagic Color\u201d<\/p>\n\n\n\n<p><strong>Ger\u00eancia Estrat\u00e9gica<\/strong>&nbsp;d<strong>e Comunica\u00e7\u00e3o<\/strong><\/p>\n\n\n\n<p><strong>e Marketing Institucional<\/strong><\/p>\n\n\n\n<p><strong>(62) 3201-9482<\/strong><\/p>\n","protected":false},"excerpt":{"rendered":"<p>Karinthia Wanderley&nbsp; &nbsp;&nbsp;&nbsp;&nbsp;&nbsp;&nbsp;&nbsp;&nbsp; A banda teen BFF Girls anima a noite desta ter\u00e7a-feira, 17, no Natal do Bem. O grupo \u00e9 formado por Giulia Nassa, Laura Castro e Bia Torres.&hellip;<\/p>\n","protected":false},"author":8,"featured_media":2161,"comment_status":"closed","ping_status":"closed","sticky":false,"template":"","format":"standard","meta":{"_acf_changed":false,"footnotes":""},"categories":[1],"tags":[],"class_list":["post-2160","post","type-post","status-publish","format-standard","has-post-thumbnail","hentry","category-noticias-ovg"],"acf":[],"_links":{"self":[{"href":"https:\/\/www.ovg.org.br\/site\/index.php?rest_route=\/wp\/v2\/posts\/2160","targetHints":{"allow":["GET"]}}],"collection":[{"href":"https:\/\/www.ovg.org.br\/site\/index.php?rest_route=\/wp\/v2\/posts"}],"about":[{"href":"https:\/\/www.ovg.org.br\/site\/index.php?rest_route=\/wp\/v2\/types\/post"}],"author":[{"embeddable":true,"href":"https:\/\/www.ovg.org.br\/site\/index.php?rest_route=\/wp\/v2\/users\/8"}],"replies":[{"embeddable":true,"href":"https:\/\/www.ovg.org.br\/site\/index.php?rest_route=%2Fwp%2Fv2%2Fcomments&post=2160"}],"version-history":[{"count":1,"href":"https:\/\/www.ovg.org.br\/site\/index.php?rest_route=\/wp\/v2\/posts\/2160\/revisions"}],"predecessor-version":[{"id":2162,"href":"https:\/\/www.ovg.org.br\/site\/index.php?rest_route=\/wp\/v2\/posts\/2160\/revisions\/2162"}],"wp:featuredmedia":[{"embeddable":true,"href":"https:\/\/www.ovg.org.br\/site\/index.php?rest_route=\/wp\/v2\/media\/2161"}],"wp:attachment":[{"href":"https:\/\/www.ovg.org.br\/site\/index.php?rest_route=%2Fwp%2Fv2%2Fmedia&parent=2160"}],"wp:term":[{"taxonomy":"category","embeddable":true,"href":"https:\/\/www.ovg.org.br\/site\/index.php?rest_route=%2Fwp%2Fv2%2Fcategories&post=2160"},{"taxonomy":"post_tag","embeddable":true,"href":"https:\/\/www.ovg.org.br\/site\/index.php?rest_route=%2Fwp%2Fv2%2Ftags&post=2160"}],"curies":[{"name":"wp","href":"https:\/\/api.w.org\/{rel}","templated":true}]}}