{"id":21647,"date":"2024-05-29T11:56:54","date_gmt":"2024-05-29T14:56:54","guid":{"rendered":"https:\/\/www.ovg.org.br\/site\/?p=21647"},"modified":"2024-05-29T12:03:13","modified_gmt":"2024-05-29T15:03:13","slug":"goias-social-recebe-doacao-de-71-mil-litros-de-leite","status":"publish","type":"post","link":"https:\/\/www.ovg.org.br\/site\/?p=21647","title":{"rendered":"Goi\u00e1s Social recebe doa\u00e7\u00e3o de 71 mil litros de leite"},"content":{"rendered":"\n<p class=\"has-text-align-center has-small-font-size\"><em>Gracinha Caiado recebe doa\u00e7\u00e3o de leite para entidades sociais: rico em c\u00e1lcio, alimento \u00e9 essencial para <\/em>uma vida mais saud\u00e1vel<\/p>\n\n\n\n<p>O Governo do Estado, por meio do Goi\u00e1s Social, recebeu, nesta quarta-feira (29\/05), 71 mil litros de leite doados pelo Sindicato das Ind\u00fastrias de Latic\u00ednios (Sindileite Goi\u00e1s). O alimento ser\u00e1 destinado a entidades sociais cadastradas na Organiza\u00e7\u00e3o das Volunt\u00e1rias de Goi\u00e1s (OVG) para refor\u00e7ar as refei\u00e7\u00f5es de crian\u00e7as e idosos em vulnerabilidade social, conforme pontuou a coordenadora do Goi\u00e1s Social e primeira-dama, Gracinha Caiado. \u201cCada litro de leite chegar\u00e1 at\u00e9 \u00e0s m\u00e3os de quem mais precisa com total responsabilidade\u201d, ressaltou.<\/p>\n\n\n\n<p>A primeira-dama participou da solenidade de entrega do produto no Pal\u00e1cio das Esmeraldas, em Goi\u00e2nia, onde tamb\u00e9m fez um brinde simb\u00f3lico com ta\u00e7as de leite, ao lado de empres\u00e1rios. Ela agradeceu o gesto de solidariedade e comprometimento social da entidade. \u201cNossa cadeia produtiva do leite \u00e9 uma das mais fortes do pa\u00eds e posso dizer com toda certeza que n\u00e3o \u00e9 s\u00f3 grande, mas tamb\u00e9m solid\u00e1ria\u201d, enalteceu.<\/p>\n\n\n\n<p>Durante o evento, Gracinha fez quest\u00e3o de frisar a import\u00e2ncia das parcerias da gest\u00e3o estadual com a iniciativa privada. &#8220;Essa nova doa\u00e7\u00e3o do Sindileite mostra que o agro e a iniciativa privada t\u00eam muito a contribuir para o social. Como eu gosto sempre de dizer, um estado pode muito, mas n\u00e3o pode tudo e, com boas parcerias, podemos ir muito mais longe&#8221;, acrescentou.<\/p>\n\n\n\n<p>Neste ano, o volume doado foi o dobro em rela\u00e7\u00e3o a 2023, com a colabora\u00e7\u00e3o de 22 empresas. De acordo com o presidente do Sindileite Goi\u00e1s, Jair Jos\u00e9 Ant\u00f4nio Borges, a escolha da OVG se deve \u00e0 certeza de transpar\u00eancia no processo de distribui\u00e7\u00e3o. \u201c\u00c9 important\u00edssimo para n\u00f3s ver quem cuida, quem leva at\u00e9 quem mais necessita\u201d, elogiou. Esta \u00e9 a 17a doa\u00e7\u00e3o realizada pelos latic\u00ednios desde 2007, totalizando 1 milh\u00e3o de litros, e marca o Dia Mundial do Leite, celebrado em 1\u00ba de junho.<\/p>\n\n\n\n<p>A diretora-geral da OVG, Adryanna Caiado, celebrou o acr\u00e9scimo nos donativos. \u201c\u00c9 um aumento de quase 100% em rela\u00e7\u00e3o ao ano passado, quando foram doados 36 mil litros, o que far\u00e1 com que ainda mais pessoas sejam beneficiadas\u201d, destacou. Presidente da Federa\u00e7\u00e3o da Agricultura e Pecu\u00e1ria de Goi\u00e1s, Jos\u00e9 M\u00e1rio Schreiner destacou que a doa\u00e7\u00e3o tamb\u00e9m \u00e9 uma forma de demonstrar a import\u00e2ncia da cadeia produtiva do leite. \u201cO setor l\u00e1cteo emprega mais de 200 mil pessoas em Goi\u00e1s\u201d, contabilizou.<\/p>\n\n\n\n<p><strong>Cen\u00e1rio<\/strong><br>Fundado em 1989, o Sindicato das Ind\u00fastrias de Latic\u00ednios de Goi\u00e1s (Sindileite Goi\u00e1s) atua com produtores de leite e derivados que impulsionam a economia goiana com produtos comercializados no Brasil e em outros pa\u00edses. Segundo o Instituto Brasileiro de Geografia e Estat\u00edstica (IBGE), em 2023 o estado produziu 2,2 bilh\u00f5es de litros do produto. O rebanho leiteiro possui quase 2 milh\u00f5es de animais, com destaque para os munic\u00edpios de Orizona, Jata\u00ed e Piracanjuba.<\/p>\n\n\n\n<p><strong>Secretaria de Comunica\u00e7\u00e3o \u2013 Governo de Goi\u00e1s<\/strong><\/p>\n","protected":false},"excerpt":{"rendered":"<p>Alimento foi arrecadado por latic\u00ednios e ser\u00e1 destinado a institui\u00e7\u00f5es cadastradas na OVG que atendem crian\u00e7as e idosos em situa\u00e7\u00e3o de vulnerabilidade social<\/p>\n","protected":false},"author":4,"featured_media":21648,"comment_status":"closed","ping_status":"closed","sticky":false,"template":"","format":"standard","meta":{"_acf_changed":false,"footnotes":""},"categories":[1],"tags":[],"class_list":["post-21647","post","type-post","status-publish","format-standard","has-post-thumbnail","hentry","category-noticias-ovg"],"acf":[],"_links":{"self":[{"href":"https:\/\/www.ovg.org.br\/site\/index.php?rest_route=\/wp\/v2\/posts\/21647","targetHints":{"allow":["GET"]}}],"collection":[{"href":"https:\/\/www.ovg.org.br\/site\/index.php?rest_route=\/wp\/v2\/posts"}],"about":[{"href":"https:\/\/www.ovg.org.br\/site\/index.php?rest_route=\/wp\/v2\/types\/post"}],"author":[{"embeddable":true,"href":"https:\/\/www.ovg.org.br\/site\/index.php?rest_route=\/wp\/v2\/users\/4"}],"replies":[{"embeddable":true,"href":"https:\/\/www.ovg.org.br\/site\/index.php?rest_route=%2Fwp%2Fv2%2Fcomments&post=21647"}],"version-history":[{"count":5,"href":"https:\/\/www.ovg.org.br\/site\/index.php?rest_route=\/wp\/v2\/posts\/21647\/revisions"}],"predecessor-version":[{"id":21654,"href":"https:\/\/www.ovg.org.br\/site\/index.php?rest_route=\/wp\/v2\/posts\/21647\/revisions\/21654"}],"wp:featuredmedia":[{"embeddable":true,"href":"https:\/\/www.ovg.org.br\/site\/index.php?rest_route=\/wp\/v2\/media\/21648"}],"wp:attachment":[{"href":"https:\/\/www.ovg.org.br\/site\/index.php?rest_route=%2Fwp%2Fv2%2Fmedia&parent=21647"}],"wp:term":[{"taxonomy":"category","embeddable":true,"href":"https:\/\/www.ovg.org.br\/site\/index.php?rest_route=%2Fwp%2Fv2%2Fcategories&post=21647"},{"taxonomy":"post_tag","embeddable":true,"href":"https:\/\/www.ovg.org.br\/site\/index.php?rest_route=%2Fwp%2Fv2%2Ftags&post=21647"}],"curies":[{"name":"wp","href":"https:\/\/api.w.org\/{rel}","templated":true}]}}