{"id":21866,"date":"2024-06-21T08:38:01","date_gmt":"2024-06-21T11:38:01","guid":{"rendered":"https:\/\/www.ovg.org.br\/site\/?p=21866"},"modified":"2024-06-21T08:38:02","modified_gmt":"2024-06-21T11:38:02","slug":"no-arraia-do-bem-caiado-e-gracinha-ressaltam-compromisso-social-com-os-mais-vulneraveis","status":"publish","type":"post","link":"https:\/\/www.ovg.org.br\/site\/?p=21866","title":{"rendered":"No Arrai\u00e1 do Bem, Caiado e Gracinha ressaltam compromisso social com os mais vulner\u00e1veis"},"content":{"rendered":"\n<p class=\"has-text-align-center has-small-font-size\"><em>Ronaldo e Gracinha Caiado receberam os convidados e cuidaram de cada detalhe do Arrai\u00e1 do Bem, que se tornou uma tradi\u00e7\u00e3o anual<\/em><\/p>\n\n\n\n<p>O governador Ronaldo Caiado e a coordenadora do Goi\u00e1s Social, primeira-dama Gracinha Caiado, comandaram a 4\u00aa edi\u00e7\u00e3o do Arrai\u00e1 do Bem, realizado na noite de quinta-feira (20\/06), em Goi\u00e2nia. Promovida pelo Gabinete de Pol\u00edticas Sociais (GPS) e pela Organiza\u00e7\u00e3o das Volunt\u00e1rias de Goi\u00e1s (OVG), a festa solid\u00e1ria, nos jardins do Pal\u00e1cio das Esmeraldas, reuniu mais de 1,7 mil pessoas em prol das fam\u00edlias goianas em situa\u00e7\u00e3o de vulnerabilidade social.<\/p>\n\n\n\n<p>A edi\u00e7\u00e3o de 2024 teve a contribui\u00e7\u00e3o de mais de 40 patrocinadores e esgotou os ingressos cerca de 10 dias antes da festa. As doa\u00e7\u00f5es s\u00e3o destinadas integralmente a a\u00e7\u00f5es sociais que beneficiam entidades e fam\u00edlias em situa\u00e7\u00e3o de vulnerabilidade nos 246 munic\u00edpios goianos. \u201cIsso aqui foi tomado por um carinho muito grande de todo o pessoal que, espontaneamente, veio pra c\u00e1 produzir tudo\u201d, afirmou o governador, que agradeceu a confian\u00e7a dos parceiros.<\/p>\n\n\n\n<p>\u201cA OVG cresce cada vez mais e os patrocinadores se sentem realizados em ver esse trabalho\u201d, acrescentou Caiado em alus\u00e3o \u00e0 prote\u00e7\u00e3o social que atende a um planejamento embasado no que chamou de \u201ctransforma\u00e7\u00e3o de vida\u201d para a popula\u00e7\u00e3o mais carente. Anfitri\u00f5es, o governador e Gracinha Caiado receberam os convidados do evento, que se tornou uma tradi\u00e7\u00e3o anual e conta com o apoio de parcerias da sociedade civil e da iniciativa privada.<\/p>\n\n\n\n<p><strong>Divers\u00e3o e solidariedade<\/strong><br>Com sucesso de p\u00fablico e engajamento de apoiadores da causa, a festividade aglutina divers\u00e3o e solidariedade. \u201c\u00c9 a forma real de fazer o bem, atendendo aqueles que mais precisam no nosso Estado de Goi\u00e1s\u201d, destacou a coordenadora do Goi\u00e1s Social, primeira-dama Gracinha Caiado. \u201cHoje aqui \u00e9 dia de festejar e agradecer a todos que fizeram com que o Arrai\u00e1 do Bem fosse essa realidade t\u00e3o linda\u201d, enalteceu.<\/p>\n\n\n\n<p>Inspirado nas tradicionais festas juninas, o Arrai\u00e1 do Bem oferece um ambiente decorado com cores vibrantes e adere\u00e7os cl\u00e1ssicos da festividade. \u201cNossos convites se esgotaram 10 dias antes. Ent\u00e3o isso pra gente \u00e9 uma alegria muito grande saber que as pessoas queriam ajudar\u201d, comentou a diretora-geral da OVG, Adryanna Caiado. Ao todo a OVG atende 600 institui\u00e7\u00f5es. O evento contou ainda com a presen\u00e7a do vice-governador Daniel Vilela e auxiliares do governo.<\/p>\n\n\n\n<p><strong>Atra\u00e7\u00f5es<\/strong><br>Os convidados puderam desfrutar de barraquinhas com comidas doces e salgadas t\u00edpicas, al\u00e9m de uma programa\u00e7\u00e3o com apresenta\u00e7\u00f5es de grupos de quadrilha e shows de grandes nomes da m\u00fasica. Este ano as atra\u00e7\u00f5es musicais inclu\u00edram Jo\u00e3o Neto e Frederico, Cleber e Cauan, Filipe Santos, Bia Lasmar, Malu\u00ea e Rayan Barreto, al\u00e9m da Quadrilha Renascer, que garantiu uma noite de entretenimento para todos os presentes.<\/p>\n\n\n\n<p><strong>Secretaria de Comunica\u00e7\u00e3o \u2013 Governo de Goi\u00e1s<\/strong><\/p>\n","protected":false},"excerpt":{"rendered":"<p>\u201c\u00c9 a forma real de fazer o bem\u201d, destaca primeira-dama durante a festividade. Evento solid\u00e1rio destina 100% das arrecada\u00e7\u00f5es para a\u00e7\u00f5es sociais vinculadas \u00e0 OVG<\/p>\n","protected":false},"author":4,"featured_media":21867,"comment_status":"closed","ping_status":"closed","sticky":false,"template":"","format":"standard","meta":{"_acf_changed":false,"footnotes":""},"categories":[1],"tags":[],"class_list":["post-21866","post","type-post","status-publish","format-standard","has-post-thumbnail","hentry","category-noticias-ovg"],"acf":[],"_links":{"self":[{"href":"https:\/\/www.ovg.org.br\/site\/index.php?rest_route=\/wp\/v2\/posts\/21866","targetHints":{"allow":["GET"]}}],"collection":[{"href":"https:\/\/www.ovg.org.br\/site\/index.php?rest_route=\/wp\/v2\/posts"}],"about":[{"href":"https:\/\/www.ovg.org.br\/site\/index.php?rest_route=\/wp\/v2\/types\/post"}],"author":[{"embeddable":true,"href":"https:\/\/www.ovg.org.br\/site\/index.php?rest_route=\/wp\/v2\/users\/4"}],"replies":[{"embeddable":true,"href":"https:\/\/www.ovg.org.br\/site\/index.php?rest_route=%2Fwp%2Fv2%2Fcomments&post=21866"}],"version-history":[{"count":1,"href":"https:\/\/www.ovg.org.br\/site\/index.php?rest_route=\/wp\/v2\/posts\/21866\/revisions"}],"predecessor-version":[{"id":21868,"href":"https:\/\/www.ovg.org.br\/site\/index.php?rest_route=\/wp\/v2\/posts\/21866\/revisions\/21868"}],"wp:featuredmedia":[{"embeddable":true,"href":"https:\/\/www.ovg.org.br\/site\/index.php?rest_route=\/wp\/v2\/media\/21867"}],"wp:attachment":[{"href":"https:\/\/www.ovg.org.br\/site\/index.php?rest_route=%2Fwp%2Fv2%2Fmedia&parent=21866"}],"wp:term":[{"taxonomy":"category","embeddable":true,"href":"https:\/\/www.ovg.org.br\/site\/index.php?rest_route=%2Fwp%2Fv2%2Fcategories&post=21866"},{"taxonomy":"post_tag","embeddable":true,"href":"https:\/\/www.ovg.org.br\/site\/index.php?rest_route=%2Fwp%2Fv2%2Ftags&post=21866"}],"curies":[{"name":"wp","href":"https:\/\/api.w.org\/{rel}","templated":true}]}}