{"id":22345,"date":"2024-07-23T08:25:43","date_gmt":"2024-07-23T11:25:43","guid":{"rendered":"https:\/\/www.ovg.org.br\/site\/?p=22345"},"modified":"2024-07-23T08:25:44","modified_gmt":"2024-07-23T11:25:44","slug":"governo-de-goias-divulga-resultado-preliminar-do-probem","status":"publish","type":"post","link":"https:\/\/www.ovg.org.br\/site\/?p=22345","title":{"rendered":"Governo de Goi\u00e1s divulga resultado preliminar do ProBem"},"content":{"rendered":"\n<p class=\"has-text-align-center has-small-font-size\">Divulga\u00e7\u00e3o dos classificados no processo seletivo 2024\/2 est\u00e1 dispon\u00edvel no site da OVG (ovg.org.br)<\/p>\n\n\n\n<p><strong>Elis\u00e2ngela Vieira<\/strong><\/p>\n\n\n\n<p>O Governo de Goi\u00e1s disponibilizou, nesta segunda-feira (22\/07), o resultado preliminar do processo seletivo 2024\/2 do Programa Universit\u00e1rio do Bem (ProBem). A consulta est\u00e1 dispon\u00edvel no site da Organiza\u00e7\u00e3o das Volunt\u00e1rias de Goi\u00e1s (OVG) \u2013 ovg.org.br -, no Portal do ProBem\/Central do Candidato. O prazo para interposi\u00e7\u00e3o de recursos segue at\u00e9 a pr\u00f3xima sexta-feira (26\/07). O resultado final, com a lista dos contemplados, ser\u00e1 publicado em 2 de agosto.<\/p>\n\n\n\n<p>S\u00e3o oferecidas 4 mil bolsas: mil integrais e 3 mil parciais para estudantes em situa\u00e7\u00e3o de vulnerabilidade social de todo o estado, com registro ativo e atualizado no Cadastro \u00danico para Programas Sociais do Governo Federal (Cad\u00danico). O ProBem \u00e9 uma a\u00e7\u00e3o do Goi\u00e1s Social e gerido pela OVG.<\/p>\n\n\n\n<p>Presidente de honra da OVG e coordenadora do Goi\u00e1s Social, a primeira-dama Gracinha Caiado ressalta a import\u00e2ncia da forma\u00e7\u00e3o acad\u00eamica: \u201cCom uma forma\u00e7\u00e3o superior no curr\u00edculo, muitas portas se abrem para bons empregos. Com certeza, esse programa estar\u00e1 formando m\u00e9dicos, advogados, engenheiros e muitos outros profissionais que contribuir\u00e3o para o desenvolvimento de Goi\u00e1s e a melhoria da qualidade de vida para a sua fam\u00edlia como resultado desse investimento&#8221;.<\/p>\n\n\n\n<p><strong>Matr\u00edcula ativa<\/strong><br>Para usufruir do benef\u00edcio, \u00e9 necess\u00e1rio que o estudante esteja com matr\u00edcula ativa. A comprova\u00e7\u00e3o da regularidade ser\u00e1 feita mediante informa\u00e7\u00f5es prestadas pelas Institui\u00e7\u00f5es de Ensino Superior (IES) em sistema informatizado do ProBem, at\u00e9 o dia 20 de agosto de 2024. Caso a matr\u00edcula do estudante n\u00e3o seja confirmada pela IES at\u00e9 a data mencionada, o estudante perder\u00e1 o direito ao benef\u00edcio, ap\u00f3s Processo Administrativo, como previsto no artigo 36 do Decreto n\u00ba 9.843\/2021. Neste caso, a bolsa ir\u00e1 compor o saldo de vagas direcionadas aos pr\u00f3ximos classificados, conforme prev\u00ea o Edital.<\/p>\n\n\n\n<p>Em caso de d\u00favidas, o candidato pode entrar em contato com a Central de Relacionamento do ProBem pelos telefones (62) 3270-8500 (para residentes da capital) e 0800 062 9413 (para o interior) ou ainda pelo WhastApp (62) 9 9641 6090. O atendimento \u00e9 de segunda a sexta-feira, das 8 \u00e0s 18 horas.<\/p>\n\n\n\n<p>Criado pelo atual Governo, o ProBem amplia a capacidade de atendimento aos mais vulner\u00e1veis, trazendo maior seguran\u00e7a ao processo seletivo, elevando a redu\u00e7\u00e3o das desigualdades sociais por meio do acesso ao ensino superior, al\u00e9m de gerar m\u00e3o de obra qualificada no estado de Goi\u00e1s.<\/p>\n\n\n\n<p>A iniciativa ainda oferece oportunidades de est\u00e1gio, cursos de capacita\u00e7\u00e3o, participa\u00e7\u00e3o em projetos sociais e integra\u00e7\u00e3o ao mundo do trabalho por meio do Banco de Oportunidades. Atualmente, o Probem tem 14.922 benefici\u00e1rios em 233 munic\u00edpios goianos, distribu\u00eddos em 98 institui\u00e7\u00f5es de ensino superior, em 75 cursos diferentes. Os estudantes contemplados nesta sele\u00e7\u00e3o receber\u00e3o o benef\u00edcio no segundo semestre deste ano (2024\/2).<\/p>\n\n\n\n<p><strong>Organiza\u00e7\u00e3o das Volunt\u00e1rias de Goi\u00e1s \u2013 Governo de Goi\u00e1s<\/strong><\/p>\n","protected":false},"excerpt":{"rendered":"<p>Lista dos classificados no processo seletivo 2024\/2 est\u00e1 dispon\u00edvel no site da OVG (ovg.org.br). Recursos podem ser interpostos at\u00e9 sexta-feira (26\/07)<\/p>\n","protected":false},"author":4,"featured_media":22346,"comment_status":"closed","ping_status":"closed","sticky":false,"template":"","format":"standard","meta":{"_acf_changed":false,"footnotes":""},"categories":[1],"tags":[],"class_list":["post-22345","post","type-post","status-publish","format-standard","has-post-thumbnail","hentry","category-noticias-ovg"],"acf":[],"_links":{"self":[{"href":"https:\/\/www.ovg.org.br\/site\/index.php?rest_route=\/wp\/v2\/posts\/22345","targetHints":{"allow":["GET"]}}],"collection":[{"href":"https:\/\/www.ovg.org.br\/site\/index.php?rest_route=\/wp\/v2\/posts"}],"about":[{"href":"https:\/\/www.ovg.org.br\/site\/index.php?rest_route=\/wp\/v2\/types\/post"}],"author":[{"embeddable":true,"href":"https:\/\/www.ovg.org.br\/site\/index.php?rest_route=\/wp\/v2\/users\/4"}],"replies":[{"embeddable":true,"href":"https:\/\/www.ovg.org.br\/site\/index.php?rest_route=%2Fwp%2Fv2%2Fcomments&post=22345"}],"version-history":[{"count":1,"href":"https:\/\/www.ovg.org.br\/site\/index.php?rest_route=\/wp\/v2\/posts\/22345\/revisions"}],"predecessor-version":[{"id":22347,"href":"https:\/\/www.ovg.org.br\/site\/index.php?rest_route=\/wp\/v2\/posts\/22345\/revisions\/22347"}],"wp:featuredmedia":[{"embeddable":true,"href":"https:\/\/www.ovg.org.br\/site\/index.php?rest_route=\/wp\/v2\/media\/22346"}],"wp:attachment":[{"href":"https:\/\/www.ovg.org.br\/site\/index.php?rest_route=%2Fwp%2Fv2%2Fmedia&parent=22345"}],"wp:term":[{"taxonomy":"category","embeddable":true,"href":"https:\/\/www.ovg.org.br\/site\/index.php?rest_route=%2Fwp%2Fv2%2Fcategories&post=22345"},{"taxonomy":"post_tag","embeddable":true,"href":"https:\/\/www.ovg.org.br\/site\/index.php?rest_route=%2Fwp%2Fv2%2Ftags&post=22345"}],"curies":[{"name":"wp","href":"https:\/\/api.w.org\/{rel}","templated":true}]}}