{"id":22422,"date":"2024-07-29T14:21:35","date_gmt":"2024-07-29T17:21:35","guid":{"rendered":"https:\/\/www.ovg.org.br\/site\/?p=22422"},"modified":"2024-07-29T14:21:37","modified_gmt":"2024-07-29T17:21:37","slug":"goias-social-e-ovg-promovem-intercambio-social-entre-municipios-do-interior-do-estado","status":"publish","type":"post","link":"https:\/\/www.ovg.org.br\/site\/?p=22422","title":{"rendered":"Goi\u00e1s Social e OVG promovem Interc\u00e2mbio Social entre munic\u00edpios do interior do estado"},"content":{"rendered":"\n<p class=\"has-text-align-center has-small-font-size\">Com mais de 1,8 mil certifica\u00e7\u00f5es emitidas desde 2022, Interc\u00e2mbio Social promove encontros para troca de experi\u00eancias entre munic\u00edpios goianos<\/p>\n\n\n\n<p><strong>Lucas Dellamare<\/strong><\/p>\n\n\n\n<p>Com o objetivo de fortalecer a rede socioassistencial goiana por meio da troca de experi\u00eancias entre munic\u00edpios, o Governo do Estado, por meio do Goi\u00e1s Social e da Organiza\u00e7\u00e3o das Volunt\u00e1rias de Goi\u00e1s (OVG), promove, entre julho e agosto deste ano, um ciclo formativo de Interc\u00e2mbio Social em munic\u00edpios goianos. A iniciativa, que \u00e9 voltada para a capacita\u00e7\u00e3o de primeiras-damas, assistentes sociais, psic\u00f3logos, educadores sociais e demais profissionais que atuam nos \u00f3rg\u00e3os e entidades vinculados ao Sistema \u00danico de Assist\u00eancia Social (Suas) em Goi\u00e1s, j\u00e1 realizou oito encontros neste m\u00eas de julho, com a participa\u00e7\u00e3o de 123 munic\u00edpios. Ao todo, 570 certifica\u00e7\u00f5es j\u00e1 foram emitidas e 334 pessoas capacitadas.<\/p>\n\n\n\n<p>\u201cA meta do Interc\u00e2mbio Social \u00e9 implementar resultados reais na vida dos goianos. A prioridade do governo Ronaldo Caiado \u00e9 melhorar a qualidade de vida e o bem-estar das fam\u00edlias, especialmente daquelas que se encontram em situa\u00e7\u00e3o de vulnerabilidade social. Por isso, \u00e9 extremamente importante que o Goi\u00e1s Social possibilite a troca de experi\u00eancias entre esses agentes que atuam em todos os cantos do estado\u201d, destacou a presidente de honra da OVG e coordenadora do Goi\u00e1s Social, primeira-dama Gracinha Caiado.<\/p>\n\n\n\n<p>Entre as tem\u00e1ticas trabalhadas neste ciclo formativo de troca de experi\u00eancias, est\u00e3o: as A\u00e7\u00f5es Estrat\u00e9gicas do Programa de Erradica\u00e7\u00e3o do Trabalho Infantil (AEPETI) e a Intersetorialidade dos Munic\u00edpios, de Formosa; o Servi\u00e7o de Conviv\u00eancia e Fortalecimento de V\u00ednculos, de Amorin\u00f3polis; a atua\u00e7\u00e3o com crian\u00e7as e idosos e a contribui\u00e7\u00e3o das oficinas para o desenvolvimento e melhoria do Servi\u00e7o Social, de \u00c1gua Fria de Goi\u00e1s; o atendimento para mulheres v\u00edtimas de viol\u00eancia dom\u00e9stica e grupo reflexivo para homens, de Rio Verde; o Servi\u00e7o de Conviv\u00eancia e Fortalecimento de V\u00ednculos para Idosos, de Jata\u00ed; e de idosos, crian\u00e7as e adolescentes, de Santo Ant\u00f4nio do Descoberto; o acompanhamento do Grupo P\u00e9rolas \u00e0s Mulheres V\u00edtimas de Viol\u00eancia, de Niquel\u00e2ndia, e a evolu\u00e7\u00e3o dos trabalhos do Conviv\u00eancia e Fortalecimento de V\u00ednculos, de Vian\u00f3polis.<\/p>\n\n\n\n<p>Membro da Secretaria de Assist\u00eancia Social de Formosa, Charles de Assis ressalta que a iniciativa contribui para a melhoria constante do trabalho que j\u00e1 vem sendo realizado em todo o estado. \u201cEssa \u00e9 uma ferramenta poderosa para o aprimoramento dos trabalhos sociais, porque promove uma gest\u00e3o mais eficiente, colaborativa e inovadora. Ao compartilhar desafios, solu\u00e7\u00f5es e boas pr\u00e1ticas, n\u00f3s conseguimos identificar novas abordagens e metodologias que podem ser adaptadas \u00e0 nossa realidade\u201d.<\/p>\n\n\n\n<p><strong>Interc\u00e2mbio Social<\/strong><br>As a\u00e7\u00f5es do Interc\u00e2mbio Social, que s\u00e3o realizadas desde 2022 e j\u00e1 capacitaram 709 pessoas em 175 munic\u00edpios, com um total de 1.816 certifica\u00e7\u00f5es emitidas em 37 encontros, t\u00eam a fun\u00e7\u00e3o de destacar iniciativas positivas de determinados munic\u00edpios e apresent\u00e1-las \u00e0s demais cidades do estado, al\u00e9m de refor\u00e7ar a integra\u00e7\u00e3o entre estado e munic\u00edpios para combater as desigualdades e as desprote\u00e7\u00f5es sociais. Por meio da OVG e do Goi\u00e1s Social, essas trocas de experi\u00eancia t\u00eam resultado na melhoria da qualidade de vida de milhares de fam\u00edlias goianas. \u201c\u00c9 por tudo isso que, hoje, Goi\u00e1s \u00e9 refer\u00eancia para todo o Brasil\u201d, enfatizou Gracinha Caiado.<\/p>\n\n\n\n<p><strong>Organiza\u00e7\u00e3o das Volunt\u00e1rias de Goi\u00e1s \u2013 Governo de Goi\u00e1s<\/strong><\/p>\n","protected":false},"excerpt":{"rendered":"<p>Ciclo formativo \u00e9 voltado para primeiras-damas, assistentes sociais, psic\u00f3logos, educadores sociais e demais profissionais que atuam nos \u00f3rg\u00e3os e entidades vinculados ao Sistema \u00danico de Assist\u00eancia Social (Suas) em Goi\u00e1s<\/p>\n","protected":false},"author":4,"featured_media":22423,"comment_status":"closed","ping_status":"closed","sticky":false,"template":"","format":"standard","meta":{"_acf_changed":false,"footnotes":""},"categories":[1],"tags":[],"class_list":["post-22422","post","type-post","status-publish","format-standard","has-post-thumbnail","hentry","category-noticias-ovg"],"acf":[],"_links":{"self":[{"href":"https:\/\/www.ovg.org.br\/site\/index.php?rest_route=\/wp\/v2\/posts\/22422","targetHints":{"allow":["GET"]}}],"collection":[{"href":"https:\/\/www.ovg.org.br\/site\/index.php?rest_route=\/wp\/v2\/posts"}],"about":[{"href":"https:\/\/www.ovg.org.br\/site\/index.php?rest_route=\/wp\/v2\/types\/post"}],"author":[{"embeddable":true,"href":"https:\/\/www.ovg.org.br\/site\/index.php?rest_route=\/wp\/v2\/users\/4"}],"replies":[{"embeddable":true,"href":"https:\/\/www.ovg.org.br\/site\/index.php?rest_route=%2Fwp%2Fv2%2Fcomments&post=22422"}],"version-history":[{"count":1,"href":"https:\/\/www.ovg.org.br\/site\/index.php?rest_route=\/wp\/v2\/posts\/22422\/revisions"}],"predecessor-version":[{"id":22424,"href":"https:\/\/www.ovg.org.br\/site\/index.php?rest_route=\/wp\/v2\/posts\/22422\/revisions\/22424"}],"wp:featuredmedia":[{"embeddable":true,"href":"https:\/\/www.ovg.org.br\/site\/index.php?rest_route=\/wp\/v2\/media\/22423"}],"wp:attachment":[{"href":"https:\/\/www.ovg.org.br\/site\/index.php?rest_route=%2Fwp%2Fv2%2Fmedia&parent=22422"}],"wp:term":[{"taxonomy":"category","embeddable":true,"href":"https:\/\/www.ovg.org.br\/site\/index.php?rest_route=%2Fwp%2Fv2%2Fcategories&post=22422"},{"taxonomy":"post_tag","embeddable":true,"href":"https:\/\/www.ovg.org.br\/site\/index.php?rest_route=%2Fwp%2Fv2%2Ftags&post=22422"}],"curies":[{"name":"wp","href":"https:\/\/api.w.org\/{rel}","templated":true}]}}