{"id":22518,"date":"2024-08-02T10:18:00","date_gmt":"2024-08-02T13:18:00","guid":{"rendered":"https:\/\/www.ovg.org.br\/site\/?p=22518"},"modified":"2024-08-02T10:19:49","modified_gmt":"2024-08-02T13:19:49","slug":"goias-social-e-ovg-abrem-inscricoes-para-a-2a-caminhada-do-bem","status":"publish","type":"post","link":"https:\/\/www.ovg.org.br\/site\/?p=22518","title":{"rendered":"Goi\u00e1s Social e OVG abrem inscri\u00e7\u00f5es para a 2\u00aa Caminhada do Bem"},"content":{"rendered":"\n<p class=\"has-text-align-center has-small-font-size\"><em>Caminhada do Bem celebra o Dia Nacional do Voluntariado, em Goi\u00e2nia<\/em><\/p>\n\n\n\n<p><strong>Elis\u00e2ngela Vieira<\/strong><\/p>\n\n\n\n<p>Est\u00e3o abertas as inscri\u00e7\u00f5es para a 2\u00aa Caminhada do Bem do Goi\u00e1s Social e da Organiza\u00e7\u00e3o das Volunt\u00e1rias de Goi\u00e1s (OVG). Refer\u00eancia no trabalho humanit\u00e1rio, a entidade celebra, com o evento, o Dia Nacional do Voluntariado. Para participar, \u00e9 necess\u00e1rio fazer a inscri\u00e7\u00e3o pelo site ovg.org.br\/voluntariado e doar seis litros de leite longa vida, que ser\u00e3o repassados para institui\u00e7\u00f5es sociais cadastradas na OVG. A estimativa \u00e9 de que cerca de mil pessoas participem da atividade, que ter\u00e1 trecho de 5 quil\u00f4metros.<\/p>\n\n\n\n<p>A 2\u00aa Caminhada do Bem ser\u00e1 no dia 25 de agosto, domingo. A concentra\u00e7\u00e3o come\u00e7a \u00e0s 7h30, na porta da sede da OVG, que fica na Avenida T-14, Setor Bueno, Goi\u00e2nia. O ponto de chegada ser\u00e1 a Pra\u00e7a Doutor Pedro Ludovico Teixeira (Pra\u00e7a C\u00edvica), na regi\u00e3o Central da capital, onde haver\u00e1 um caf\u00e9 da manh\u00e3 e atividades recreativas e de bem-estar. A expectativa \u00e9 que o percurso seja feito em uma hora e meia.<\/p>\n\n\n\n<p>Os participantes devem fazer a entrega de seis litros de leite longa vida no dia do evento, quando receber\u00e3o instru\u00e7\u00f5es sobre a rota e aquecimento. Na ocasi\u00e3o, eles tamb\u00e9m receber\u00e3o um kit.<\/p>\n\n\n\n<p>Em 2023, 440 pessoas participaram da Caminhada do Bem. A a\u00e7\u00e3o arrecadou 1.180 litros de leite longa vida que foram destinados a quatro institui\u00e7\u00f5es sociais e beneficiaram, principalmente, crian\u00e7as e adolescentes.<\/p>\n\n\n\n<p><strong>Refer\u00eancia<\/strong><br>Desde 2019, a OVG j\u00e1 preparou 15.111 pessoas, de 162 munic\u00edpios goianos, para o trabalho volunt\u00e1rio. A Organiza\u00e7\u00e3o ainda realizou 272 a\u00e7\u00f5es de promo\u00e7\u00e3o do voluntariado. \u201cGoi\u00e1s \u00e9 o estado do voluntariado. Isso nos d\u00e1 muito orgulho porque a for\u00e7a do voluntariado \u00e9 essencial para que os projetos sociais tomem forma e aconte\u00e7am\u201d, destaca a presidente de honra da OVG e coordenadora do Goi\u00e1s Social, primeira-dama Gracinha Caiado. Como na edi\u00e7\u00e3o do ano passado, ela promete estar \u00e0 frente da caminhada, com muita anima\u00e7\u00e3o.<\/p>\n\n\n\n<p><\/p>\n\n\n\n<p><strong>Organiza\u00e7\u00e3o das Volunt\u00e1rias de Goi\u00e1s<\/strong><\/p>\n","protected":false},"excerpt":{"rendered":"<p>Processo \u00e9 feito pelo site da Organiza\u00e7\u00e3o, que \u00e9 refer\u00eancia no trabalho humanit\u00e1rio. Evento ocorre no dia 25 de agosto, em comemora\u00e7\u00e3o ao Dia do Voluntariado<\/p>\n","protected":false},"author":4,"featured_media":22519,"comment_status":"closed","ping_status":"closed","sticky":false,"template":"","format":"standard","meta":{"_acf_changed":false,"footnotes":""},"categories":[1],"tags":[],"class_list":["post-22518","post","type-post","status-publish","format-standard","has-post-thumbnail","hentry","category-noticias-ovg"],"acf":[],"_links":{"self":[{"href":"https:\/\/www.ovg.org.br\/site\/index.php?rest_route=\/wp\/v2\/posts\/22518","targetHints":{"allow":["GET"]}}],"collection":[{"href":"https:\/\/www.ovg.org.br\/site\/index.php?rest_route=\/wp\/v2\/posts"}],"about":[{"href":"https:\/\/www.ovg.org.br\/site\/index.php?rest_route=\/wp\/v2\/types\/post"}],"author":[{"embeddable":true,"href":"https:\/\/www.ovg.org.br\/site\/index.php?rest_route=\/wp\/v2\/users\/4"}],"replies":[{"embeddable":true,"href":"https:\/\/www.ovg.org.br\/site\/index.php?rest_route=%2Fwp%2Fv2%2Fcomments&post=22518"}],"version-history":[{"count":2,"href":"https:\/\/www.ovg.org.br\/site\/index.php?rest_route=\/wp\/v2\/posts\/22518\/revisions"}],"predecessor-version":[{"id":22521,"href":"https:\/\/www.ovg.org.br\/site\/index.php?rest_route=\/wp\/v2\/posts\/22518\/revisions\/22521"}],"wp:featuredmedia":[{"embeddable":true,"href":"https:\/\/www.ovg.org.br\/site\/index.php?rest_route=\/wp\/v2\/media\/22519"}],"wp:attachment":[{"href":"https:\/\/www.ovg.org.br\/site\/index.php?rest_route=%2Fwp%2Fv2%2Fmedia&parent=22518"}],"wp:term":[{"taxonomy":"category","embeddable":true,"href":"https:\/\/www.ovg.org.br\/site\/index.php?rest_route=%2Fwp%2Fv2%2Fcategories&post=22518"},{"taxonomy":"post_tag","embeddable":true,"href":"https:\/\/www.ovg.org.br\/site\/index.php?rest_route=%2Fwp%2Fv2%2Ftags&post=22518"}],"curies":[{"name":"wp","href":"https:\/\/api.w.org\/{rel}","templated":true}]}}