{"id":23293,"date":"2024-10-07T14:36:49","date_gmt":"2024-10-07T17:36:49","guid":{"rendered":"https:\/\/www.ovg.org.br\/site\/?p=23293"},"modified":"2024-10-07T16:57:07","modified_gmt":"2024-10-07T19:57:07","slug":"gracinha-caiado-inaugura-centro-dia-do-espaco-bem-viver-i-e-reforca-cuidado-integral-a-idosos-em-vulnerabilidade","status":"publish","type":"post","link":"https:\/\/www.ovg.org.br\/site\/?p=23293","title":{"rendered":"Gracinha Caiado inaugura Centro Dia do Espa\u00e7o Bem Viver I e refor\u00e7a cuidado integral a idosos em vulnerabilidade"},"content":{"rendered":"\n<p><strong>Lucas Dellamare<\/strong><\/p>\n\n\n\n<p>Nesta segunda-feira (7\/10), o Governo do Estado, por meio do Goi\u00e1s Social e da Organiza\u00e7\u00e3o das Volunt\u00e1rias de Goi\u00e1s (OVG), inaugurou o Centro Dia do Espa\u00e7o Bem Viver I (EBV I), em Goi\u00e2nia. A nova modalidade de atendimento, voltada para idosos em situa\u00e7\u00e3o de vulnerabilidade social, marca um importante avan\u00e7o nas pol\u00edticas de acolhimento e promo\u00e7\u00e3o do bem-estar da terceira idade no estado.<\/p>\n\n\n\n<p>A inaugura\u00e7\u00e3o contou com a presen\u00e7a da coordenadora do Goi\u00e1s Social e presidente de honra da OVG, primeira-dama Gracinha Caiado, que ressaltou a import\u00e2ncia da unidade para o fortalecimento da rede de prote\u00e7\u00e3o social em Goi\u00e1s. \u201cEsse \u00e9 um espa\u00e7o de acolhimento onde os idosos podem passar o dia envolvidos em atividades que promovem o bem-estar e a integra\u00e7\u00e3o social. Nosso compromisso \u00e9 oferecer a esses cidad\u00e3os a dignidade e o respeito que merecem, al\u00e9m de um cuidado integral\u201d, afirmou Gracinha.<\/p>\n\n\n\n<p>Com investimento de R$ 2,3 milh\u00f5es do Governo do Estado, o Espa\u00e7o Bem Viver I passou por uma grande reforma, que ampliou as suas instala\u00e7\u00f5es e modernizou os servi\u00e7os oferecidos. Desde 2019, a unidade j\u00e1 realizou mais de 21 mil atendimentos na modalidade Centro de Conviv\u00eancia. Para a diretora de Programas Socioassistenciais da OVG, Roberta Wendorf, \u201ccom a implanta\u00e7\u00e3o do Centro Dia, a expectativa \u00e9 que ainda mais idosos sejam beneficiados, tanto pela amplia\u00e7\u00e3o de vagas, quanto pela oferta de novas atividades que j\u00e1 eram esperadas pela comunidade\u201d.<\/p>\n\n\n\n<p>Benefici\u00e1ria da unidade h\u00e1 oito anos, Maria Lina dos Santos, 78 anos, disse que, com essa reforma, tudo ficar\u00e1 ainda melhor. \u201cQuando a gente vem pra c\u00e1, \u00e9 uma alegria. Parece que at\u00e9 a sa\u00fade melhora. Nesse tempo que eu frequento o EBV, sempre pedi por uma piscina pra fazermos hidrogin\u00e1stica. Hoje, essa piscina est\u00e1 sendo entregue. S\u00f3 tenho a agradecer\u201d.<\/p>\n\n\n\n<p>O Centro Dia do EBV I oferecer\u00e1 uma s\u00e9rie de atividades voltadas para o fortalecimento f\u00edsico, mental e social dos idosos, como hidrogin\u00e1stica, pilates, oficinas laborativas e cozinha terap\u00eautica, al\u00e9m de a\u00e7\u00f5es de inclus\u00e3o digital, tudo sem nenhum custo. Nesta modalidade, os benefici\u00e1rios passam o dia na unidade e retornam para suas casas no fim da tarde.<\/p>\n\n\n\n<p>Diretora geral da OVG, Adryanna Caiado destaca que todo esse trabalho \u00e9 oferecido sem nenhum custo, n\u00e3o s\u00f3 no EBV I, mas em todas as quatro unidades para idosos da Organiza\u00e7\u00e3o. \u201cCom o Goi\u00e1s Social, conseguimos levar toda essa gama de servi\u00e7os sem nenhum custo para as fam\u00edlias goianas\u201d.<\/p>\n\n\n\n<p><strong>Apoio \u00e0 Pessoa Idosa<br><\/strong>Com zelo e aten\u00e7\u00e3o, a OVG e o Goi\u00e1s Social atendem uma m\u00e9dia mensal de 1.584 benefici\u00e1rios com mais de 60 anos nos Centros de Idosos Sagrada Fam\u00edlia e Vila Vida e Espa\u00e7os Bem Viver I e II. As quatro unidades integram um conjunto de a\u00e7\u00f5es do Governo de Goi\u00e1s para promover a inclus\u00e3o social e a qualidade de vida de idosos em situa\u00e7\u00e3o de vulnerabilidade.<\/p>\n\n\n\n<p>O atendimento \u00e9 realizado nas modalidades Centro Dia, Centro de Conviv\u00eancia, Casa Lar e Institui\u00e7\u00e3o de longa Perman\u00eancia para Idosos (ILPI) e conta com atendimento multiprofissional voltado para sa\u00fade e bem-estar. Entre os crit\u00e9rios de participa\u00e7\u00e3o, est\u00e3o: idade m\u00ednima de 60 anos; renda comprovada de at\u00e9 um sal\u00e1rio-m\u00ednimo per capita e apresenta\u00e7\u00e3o da documenta\u00e7\u00e3o pessoal e comprovante de endere\u00e7o.<\/p>\n\n\n\n<p>\u201cO cuidado com os nossos idosos \u00e9 uma prioridade. Eles merecem um espa\u00e7o onde possam se sentir valorizados e estimulados a participar ativamente da vida social. Essas unidades v\u00e3o al\u00e9m de locais de cuidado, s\u00e3o espa\u00e7os de afeto e de pertencimento\u201d, finalizou Gracinha.<\/p>\n\n\n\n<p><strong>Organiza\u00e7\u00e3o das Volunt\u00e1rias de Goi\u00e1s &#8211; Governo de Goi\u00e1s<\/strong><\/p>\n","protected":false},"excerpt":{"rendered":"<p>Com investimento de R$ 2,3 milh\u00f5es do Governo de Goi\u00e1s, o Centro Dia do Espa\u00e7o Bem Viver I oferecer\u00e1 atividades gratuitas que promovem o bem-estar f\u00edsico e social de idosos em vulnerabilidade<\/p>\n","protected":false},"author":8,"featured_media":23294,"comment_status":"closed","ping_status":"closed","sticky":false,"template":"","format":"standard","meta":{"_acf_changed":false,"footnotes":""},"categories":[1],"tags":[],"class_list":["post-23293","post","type-post","status-publish","format-standard","has-post-thumbnail","hentry","category-noticias-ovg"],"acf":[],"_links":{"self":[{"href":"https:\/\/www.ovg.org.br\/site\/index.php?rest_route=\/wp\/v2\/posts\/23293","targetHints":{"allow":["GET"]}}],"collection":[{"href":"https:\/\/www.ovg.org.br\/site\/index.php?rest_route=\/wp\/v2\/posts"}],"about":[{"href":"https:\/\/www.ovg.org.br\/site\/index.php?rest_route=\/wp\/v2\/types\/post"}],"author":[{"embeddable":true,"href":"https:\/\/www.ovg.org.br\/site\/index.php?rest_route=\/wp\/v2\/users\/8"}],"replies":[{"embeddable":true,"href":"https:\/\/www.ovg.org.br\/site\/index.php?rest_route=%2Fwp%2Fv2%2Fcomments&post=23293"}],"version-history":[{"count":1,"href":"https:\/\/www.ovg.org.br\/site\/index.php?rest_route=\/wp\/v2\/posts\/23293\/revisions"}],"predecessor-version":[{"id":23295,"href":"https:\/\/www.ovg.org.br\/site\/index.php?rest_route=\/wp\/v2\/posts\/23293\/revisions\/23295"}],"wp:featuredmedia":[{"embeddable":true,"href":"https:\/\/www.ovg.org.br\/site\/index.php?rest_route=\/wp\/v2\/media\/23294"}],"wp:attachment":[{"href":"https:\/\/www.ovg.org.br\/site\/index.php?rest_route=%2Fwp%2Fv2%2Fmedia&parent=23293"}],"wp:term":[{"taxonomy":"category","embeddable":true,"href":"https:\/\/www.ovg.org.br\/site\/index.php?rest_route=%2Fwp%2Fv2%2Fcategories&post=23293"},{"taxonomy":"post_tag","embeddable":true,"href":"https:\/\/www.ovg.org.br\/site\/index.php?rest_route=%2Fwp%2Fv2%2Ftags&post=23293"}],"curies":[{"name":"wp","href":"https:\/\/api.w.org\/{rel}","templated":true}]}}