{"id":23808,"date":"2024-11-14T09:23:32","date_gmt":"2024-11-14T12:23:32","guid":{"rendered":"https:\/\/www.ovg.org.br\/site\/?p=23808"},"modified":"2024-11-14T09:24:36","modified_gmt":"2024-11-14T12:24:36","slug":"caiado-e-gracinha-abrem-o-maior-natal-gratuito-do-brasil","status":"publish","type":"post","link":"https:\/\/www.ovg.org.br\/site\/?p=23808","title":{"rendered":"Caiado e Gracinha abrem o maior Natal gratuito do Brasil"},"content":{"rendered":"\n<p>O governador Ronaldo Caiado e a coordenadora do Goi\u00e1s Social, primeira-dama Gracinha Caiado, abrem, nesta quinta-feira (14\/11), no Centro Cultural Oscar Niemeyer (CCON), em Goi\u00e2nia, a edi\u00e7\u00e3o 2024 do Natal do Bem. \u00c0s 17 horas, haver\u00e1 uma reuni\u00e3o com as primeiras-damas e prefeitos do Estado, no Museu de Arte Contempor\u00e2nea de Goi\u00e1s e, em seguida, \u00e0s 18h, a cerim\u00f4nia de acendimento das luzes natalinas na esplanada do CCON.<\/p>\n\n\n\n<p>A noite de abertura ter\u00e1 a presen\u00e7a do Papai Noel e apresenta\u00e7\u00e3o do Coral Infantil do Instituto de Educa\u00e7\u00e3o em Artes Professor Gustav Ritter, composto por 63 crian\u00e7as, al\u00e9m de professores instrumentistas com forma\u00e7\u00e3o em teclado, contrabaixo, sax, flauta e bateria. Este ano, a festa, que \u00e9 uma realiza\u00e7\u00e3o do Governo de Goi\u00e1s, do Goi\u00e1s Social e da Organiza\u00e7\u00e3o das Volunt\u00e1rias de Goi\u00e1s (OVG), segue at\u00e9 o dia 5 de janeiro de 2025, com funcionamento de ter\u00e7a-feira a domingo, das 18h \u00e0s 23h. Apenas em 24 e 31 de dezembro, o hor\u00e1rio ser\u00e1 diferente, das 17h \u00e0s 21h.<\/p>\n\n\n\n<p>O evento \u00e9 o maior do g\u00eanero natalino no pa\u00eds com entrada gratuita e tem como destaques um complexo com mais de 30 mil metros quadrados, 2,7 milh\u00f5es de pontos de luz, al\u00e9m de uma \u00e1rvore de Natal de 40 metros de altura. A expectativa \u00e9 que o Natal do Bem 2024 receba um p\u00fablico recorde de 1,5 milh\u00e3o de visitantes.<\/p>\n\n\n\n<p><strong>Parceiros do Bem<\/strong><strong><\/strong><\/p>\n\n\n\n<p>O Natal do Bem 2024 tem seu brilho ampliado pela contribui\u00e7\u00e3o de diversos parceiros, que unem for\u00e7as para levar ainda mais alegria \u00e0 popula\u00e7\u00e3o goiana neste fim de ano. O evento conta com os patroc\u00ednios da Saneago, Flamboyant Shopping, Flamboyant Urbanismo, O Botic\u00e1rio, Sicoob, Sistema OCB, Equatorial e Mobi Transporte, fundamentais para a realiza\u00e7\u00e3o desta celebra\u00e7\u00e3o especial.<\/p>\n\n\n\n<p>Al\u00e9m deles, h\u00e1 tamb\u00e9m a contribui\u00e7\u00e3o do Sistema Fecom\u00e9rcio, Sesc e Senac e \u00f3rg\u00e3os estaduais, como as Secretarias da Retomada, da Cultura e de Seguran\u00e7a P\u00fablica; da Goinfra, Pol\u00edcia Militar, Corpo de Bombeiros, Detran, Goi\u00e1s Turismo, Secretaria-Geral de Governo, Secretaria Municipal de Mobilidade de Goi\u00e2nia, CMTC e Redemob, assim como da Triunfo Concebra e da Pol\u00edcia Rodovi\u00e1ria Federal.<\/p>\n\n\n\n<p><strong>Servi\u00e7o<\/strong><strong><\/strong><\/p>\n\n\n\n<p><strong>Assunto: Lan\u00e7amento do Natal do Bem 2024<\/strong><\/p>\n\n\n\n<p>Quando: Quinta-feira (14\/11)<\/p>\n\n\n\n<p>17h: Reuni\u00e3o com as Primeiras-Damas e Prefeitos<\/p>\n\n\n\n<p>Onde: Museu de Arte Contempor\u00e2nea de Goi\u00e1s. Centro Cultural Oscar Niemeyer, Avenida Deputado Jamel Cec\u00edlio, rodovia estadual GO-020, Quadra Gleba, Lote 1, Goi\u00e2nia (GO)<\/p>\n\n\n\n<p>18h30: Cerim\u00f4nia de acendimento das luzes do Natal do Bem 2024.<\/p>\n\n\n\n<p>Onde: Esplanada do Centro Cultural Oscar Niemeyer, Avenida Deputado Jamel Cec\u00edlio, rodovia estadual GO-020, Quadra Gleba, Lote 1, Goi\u00e2nia (GO)<\/p>\n","protected":false},"excerpt":{"rendered":"<p>O governador Ronaldo Caiado e a coordenadora do Goi\u00e1s Social, primeira-dama Gracinha Caiado, abrem, nesta quinta-feira (14\/11), no Centro Cultural Oscar Niemeyer (CCON), em Goi\u00e2nia, a edi\u00e7\u00e3o 2024 do Natal do Bem<\/p>\n","protected":false},"author":4,"featured_media":23809,"comment_status":"closed","ping_status":"closed","sticky":false,"template":"","format":"standard","meta":{"_acf_changed":false,"footnotes":""},"categories":[1],"tags":[],"class_list":["post-23808","post","type-post","status-publish","format-standard","has-post-thumbnail","hentry","category-noticias-ovg"],"acf":[],"_links":{"self":[{"href":"https:\/\/www.ovg.org.br\/site\/index.php?rest_route=\/wp\/v2\/posts\/23808","targetHints":{"allow":["GET"]}}],"collection":[{"href":"https:\/\/www.ovg.org.br\/site\/index.php?rest_route=\/wp\/v2\/posts"}],"about":[{"href":"https:\/\/www.ovg.org.br\/site\/index.php?rest_route=\/wp\/v2\/types\/post"}],"author":[{"embeddable":true,"href":"https:\/\/www.ovg.org.br\/site\/index.php?rest_route=\/wp\/v2\/users\/4"}],"replies":[{"embeddable":true,"href":"https:\/\/www.ovg.org.br\/site\/index.php?rest_route=%2Fwp%2Fv2%2Fcomments&post=23808"}],"version-history":[{"count":2,"href":"https:\/\/www.ovg.org.br\/site\/index.php?rest_route=\/wp\/v2\/posts\/23808\/revisions"}],"predecessor-version":[{"id":23811,"href":"https:\/\/www.ovg.org.br\/site\/index.php?rest_route=\/wp\/v2\/posts\/23808\/revisions\/23811"}],"wp:featuredmedia":[{"embeddable":true,"href":"https:\/\/www.ovg.org.br\/site\/index.php?rest_route=\/wp\/v2\/media\/23809"}],"wp:attachment":[{"href":"https:\/\/www.ovg.org.br\/site\/index.php?rest_route=%2Fwp%2Fv2%2Fmedia&parent=23808"}],"wp:term":[{"taxonomy":"category","embeddable":true,"href":"https:\/\/www.ovg.org.br\/site\/index.php?rest_route=%2Fwp%2Fv2%2Fcategories&post=23808"},{"taxonomy":"post_tag","embeddable":true,"href":"https:\/\/www.ovg.org.br\/site\/index.php?rest_route=%2Fwp%2Fv2%2Ftags&post=23808"}],"curies":[{"name":"wp","href":"https:\/\/api.w.org\/{rel}","templated":true}]}}