{"id":2382,"date":"2020-11-10T10:38:45","date_gmt":"2020-11-10T12:38:45","guid":{"rendered":"http:\/\/www.ovg.org.br\/site\/?p=2382"},"modified":"2022-10-04T10:41:39","modified_gmt":"2022-10-04T13:41:39","slug":"aquisicao-de-alimentos-para-familias-vulneraveis","status":"publish","type":"post","link":"https:\/\/www.ovg.org.br\/site\/?p=2382","title":{"rendered":"Aquisi\u00e7\u00e3o de Alimentos para fam\u00edlias vulner\u00e1veis"},"content":{"rendered":"\n<p><strong><em>Karinthia Wanderley<\/em><\/strong><\/p>\n\n\n\n<p>&nbsp; &nbsp;As fam\u00edlias goianas mais vulner\u00e1veis selecionadas pela Organiza\u00e7\u00e3o das Volunt\u00e1rias de Goi\u00e1s (OVG) ser\u00e3o beneficiadas pelo Programa de Aquisi\u00e7\u00e3o de Alimentos (PAA) Estadual, que come\u00e7ar\u00e1 a ser desenvolvido a partir do pr\u00f3ximo m\u00eas de setembro. A iniciativa \u00e9 uma das primeiras a\u00e7\u00f5es da Secretaria da Retomada, criada pelo Governo de Goi\u00e1s e ser\u00e1 desenvolvida em parceria com a Secretaria de Estado de Agricultura, Pecu\u00e1ria e Abastecimento (Seapa) a Ag\u00eancia Goiana de Assist\u00eancia T\u00e9cnica, Extens\u00e3o Rural e Pesquisa Agropecu\u00e1ria (Emater) e a OVG. A estimativa de libera\u00e7\u00e3o \u00e9 superior a R$ 4 milh\u00f5es, oriundos do Minist\u00e9rio da Cidadania.<\/p>\n\n\n\n<p>&nbsp; &nbsp;O programa prev\u00ea a articula\u00e7\u00e3o entre a produ\u00e7\u00e3o da agricultura familiar e as demandas locais de suplementa\u00e7\u00e3o alimentar, al\u00e9m do desenvolvimento da economia local, na qual os produtos adquiridos desses agricultores s\u00e3o doados \u00e0s entidades que atendem pessoas em inseguran\u00e7a alimentar. Dessa forma, haver\u00e1 o desenvolvimento econ\u00f4mico e as a\u00e7\u00f5es sociais necess\u00e1rias \u00e0s fam\u00edlias em situa\u00e7\u00e3o de vulnerabilidade no Estado.<\/p>\n\n\n\n<p>&nbsp; Em Goi\u00e1s, a OVG vai apontar as entidades sociais que atendem os requisitos estabelecidos pelo Minist\u00e9rio da Cidadania para o recebimento dos alimentos. Caber\u00e1 \u00e0 Emater viabilizar o acesso a essa pol\u00edtica p\u00fablica, orientando os pequenos produtores quanto aos documentos necess\u00e1rios e provid\u00eancias que precisam ser tomadas para a ades\u00e3o ao programa. A entrega dos alimentos ser\u00e1 feita diretamente dos produtores para as institui\u00e7\u00f5es sociais, o que garantir\u00e1 uma alimenta\u00e7\u00e3o de boa qualidade e direto da horta para a mesa.<\/p>\n\n\n\n<p>&nbsp; A expectativa \u00e9 que mais de 100 mil pessoas sejam beneficiadas diretamente pela a\u00e7\u00e3o em 75 munic\u00edpios goianos, onde ser\u00e3o feitas a aquisi\u00e7\u00e3o de produtos da agricultura familiar e a doa\u00e7\u00e3o simult\u00e2nea \u00e0s entidades cadastradas.<\/p>\n\n\n\n<p>&nbsp; O secret\u00e1rio de Estado de Agricultura, Pecu\u00e1ria e Abastecimento, Ant\u00f4nio Carlos de Souza Lima Neto, destaca que Goi\u00e1s vai desenvolver, pela primeira vez, um PAA Estadual e que isso representa um ganho enorme para o Estado. &#8220;Vamos atender n\u00e3o s\u00f3 os agricultores familiares que v\u00e3o poder vender sua produ\u00e7\u00e3o, gerando renda e contribuindo para movimentar a economia local, como tamb\u00e9m beneficiar a popula\u00e7\u00e3o mais vulner\u00e1vel do nosso Estado, j\u00e1 que a modalidade a qual aderimos \u00e9 a da compra com doa\u00e7\u00e3o simult\u00e2nea. Nesse ponto, a Emater vai cuidar da compra dessa produ\u00e7\u00e3o e a OVG vai nos ajudar ao podermos levar esses alimentos \u00e0s fam\u00edlias que mais precisam no nosso Estado&#8221;, avalia.<\/p>\n\n\n\n<p>&nbsp; &nbsp;A presidente de honra da OVG e coordenadora do Gabinete de Pol\u00edticas Sociais, primeira-dama Gracinha Caiado, comemora a parceria e destaca o compromisso do Governo de Goi\u00e1s em atender os goianos mais vulner\u00e1veis. \u201c\u00c9 uma iniciativa louv\u00e1vel, que vai ajudar os produtores rurais e as pessoas mais carentes de nosso Estado. Gra\u00e7as a esse esfor\u00e7o conjunto, haver\u00e1 garantia de alimento na mesa daqueles que realmente precisam\u201d.<\/p>\n\n\n\n<p>&nbsp; &nbsp;A diretora-geral da Organiza\u00e7\u00e3o, Adryanna Melo Caiado, afirma que a OVG vai abra\u00e7ar a causa. \u201cNossas equipes v\u00e3o identificar essas entidades sociais que atendam os requisitos exigidos. Temos certeza que esse programa vai contribuir para garantir a seguran\u00e7a alimentar dos goianos de baixa renda\u201d.<\/p>\n\n\n\n<p><strong>Ger\u00eancia Estrat\u00e9gica de Comunica\u00e7\u00e3o e Marketing Institucional<\/strong><\/p>\n\n\n\n<p><strong>(62) 3201-9482<\/strong><\/p>\n","protected":false},"excerpt":{"rendered":"<p>Karinthia Wanderley &nbsp; &nbsp;As fam\u00edlias goianas mais vulner\u00e1veis selecionadas pela Organiza\u00e7\u00e3o das Volunt\u00e1rias de Goi\u00e1s (OVG) ser\u00e3o beneficiadas pelo Programa de Aquisi\u00e7\u00e3o de Alimentos (PAA) Estadual, que come\u00e7ar\u00e1 a ser&hellip;<\/p>\n","protected":false},"author":8,"featured_media":2383,"comment_status":"closed","ping_status":"closed","sticky":false,"template":"","format":"standard","meta":{"_acf_changed":false,"footnotes":""},"categories":[1],"tags":[],"class_list":["post-2382","post","type-post","status-publish","format-standard","has-post-thumbnail","hentry","category-noticias-ovg"],"acf":[],"_links":{"self":[{"href":"https:\/\/www.ovg.org.br\/site\/index.php?rest_route=\/wp\/v2\/posts\/2382","targetHints":{"allow":["GET"]}}],"collection":[{"href":"https:\/\/www.ovg.org.br\/site\/index.php?rest_route=\/wp\/v2\/posts"}],"about":[{"href":"https:\/\/www.ovg.org.br\/site\/index.php?rest_route=\/wp\/v2\/types\/post"}],"author":[{"embeddable":true,"href":"https:\/\/www.ovg.org.br\/site\/index.php?rest_route=\/wp\/v2\/users\/8"}],"replies":[{"embeddable":true,"href":"https:\/\/www.ovg.org.br\/site\/index.php?rest_route=%2Fwp%2Fv2%2Fcomments&post=2382"}],"version-history":[{"count":1,"href":"https:\/\/www.ovg.org.br\/site\/index.php?rest_route=\/wp\/v2\/posts\/2382\/revisions"}],"predecessor-version":[{"id":2384,"href":"https:\/\/www.ovg.org.br\/site\/index.php?rest_route=\/wp\/v2\/posts\/2382\/revisions\/2384"}],"wp:featuredmedia":[{"embeddable":true,"href":"https:\/\/www.ovg.org.br\/site\/index.php?rest_route=\/wp\/v2\/media\/2383"}],"wp:attachment":[{"href":"https:\/\/www.ovg.org.br\/site\/index.php?rest_route=%2Fwp%2Fv2%2Fmedia&parent=2382"}],"wp:term":[{"taxonomy":"category","embeddable":true,"href":"https:\/\/www.ovg.org.br\/site\/index.php?rest_route=%2Fwp%2Fv2%2Fcategories&post=2382"},{"taxonomy":"post_tag","embeddable":true,"href":"https:\/\/www.ovg.org.br\/site\/index.php?rest_route=%2Fwp%2Fv2%2Ftags&post=2382"}],"curies":[{"name":"wp","href":"https:\/\/api.w.org\/{rel}","templated":true}]}}