{"id":23849,"date":"2024-11-19T16:09:36","date_gmt":"2024-11-19T19:09:36","guid":{"rendered":"https:\/\/www.ovg.org.br\/site\/?p=23849"},"modified":"2024-11-19T16:09:37","modified_gmt":"2024-11-19T19:09:37","slug":"caiado-e-gracinha-inauguram-unidade-modelo-do-restaurante-do-bem-no-centro-de-goiania","status":"publish","type":"post","link":"https:\/\/www.ovg.org.br\/site\/?p=23849","title":{"rendered":"Caiado e Gracinha inauguram unidade modelo do Restaurante do Bem, no Centro de Goi\u00e2nia"},"content":{"rendered":"\n<p>O Governo de Goi\u00e1s, por meio do Goi\u00e1s Social e da Organiza\u00e7\u00e3o da Volunt\u00e1rias de Goi\u00e1s (OVG), inaugurou, nesta ter\u00e7a-feira (19\/11), o novo Restaurante do Bem da regi\u00e3o central de Goi\u00e2nia. A unidade modelo est\u00e1 localizada na Avenida Araguaia, na esquina com a Rua 3, em substitui\u00e7\u00e3o \u00e0 que funcionava na Avenida Goi\u00e1s, e foi aberta com a presen\u00e7a do governador Ronaldo Caiado e da primeira-dama e coordenadora do Goi\u00e1s Social, Gracinha Caiado.<\/p>\n\n\n\n<p>&#8220;Quem est\u00e1 longe de casa, precisa de uma alimenta\u00e7\u00e3o, mas n\u00e3o tem condi\u00e7\u00f5es de ter essa despesa, pode contar com o nosso restaurante&#8221;, disse o governador, que almo\u00e7ou no local. \u201cHouve um tempo em que se achava que o bem p\u00fablico, direcionado \u00e0s pessoas mais vulner\u00e1veis, n\u00e3o precisava ter qualidade. N\u00f3s trouxemos o melhor para essas pessoas que buscam os servi\u00e7os do governo&#8221;, complementou Gracinha.<\/p>\n\n\n\n<p>Do lado de fora, a popula\u00e7\u00e3o fez fila para experimentar o card\u00e1pio, cuidadosamente elaborado por nutricionistas, e elogiou a comida. A aposentada S\u00f4nia Andrade, de 88 anos, afirmou que o almo\u00e7o estava \u201cmaravilhoso, saboroso, nutritivo\u201d. Ela frequenta o Restaurante do Bem desde que o antigo foi inaugurado e atesta que o servi\u00e7o tem melhorado a cada dia. \u201cEst\u00e1 tudo muito bonito organizado e o pessoal que serve \u00e9 alegre\u201d, ressaltou.<\/p>\n\n\n\n<figure class=\"wp-block-image size-large\"><img loading=\"lazy\" decoding=\"async\" width=\"1024\" height=\"682\" src=\"https:\/\/www.ovg.org.br\/site\/wp-content\/uploads\/2024\/11\/WhatsApp-Image-2024-11-19-at-15.59.31-1024x682.jpeg\" alt=\"\" class=\"wp-image-23851\" srcset=\"https:\/\/www.ovg.org.br\/site\/wp-content\/uploads\/2024\/11\/WhatsApp-Image-2024-11-19-at-15.59.31-1024x682.jpeg 1024w, https:\/\/www.ovg.org.br\/site\/wp-content\/uploads\/2024\/11\/WhatsApp-Image-2024-11-19-at-15.59.31-300x200.jpeg 300w, https:\/\/www.ovg.org.br\/site\/wp-content\/uploads\/2024\/11\/WhatsApp-Image-2024-11-19-at-15.59.31-768x512.jpeg 768w, https:\/\/www.ovg.org.br\/site\/wp-content\/uploads\/2024\/11\/WhatsApp-Image-2024-11-19-at-15.59.31-1536x1023.jpeg 1536w, https:\/\/www.ovg.org.br\/site\/wp-content\/uploads\/2024\/11\/WhatsApp-Image-2024-11-19-at-15.59.31.jpeg 1600w\" sizes=\"auto, (max-width: 1024px) 100vw, 1024px\" \/><\/figure>\n\n\n\n<p>Os investimentos do governo estadual na reforma do pr\u00e9dio somam mais de R$ 1 milh\u00e3o. Desde 2019, foram mais de R$ 125 milh\u00f5es destinados aos 15 restaurantes espalhados pelo estado. \u201cAqui temos ar-condicionado, mesa de granito, equipamentos de inox, com tudo arrumado e asseado. J\u00e1 s\u00e3o 15 restaurantes e vamos fazer mais cinco, porque quando n\u00e3o se rouba, o dinheiro aparece para o povo &#8220;, afirmou Caiado.<\/p>\n\n\n\n<p>S\u00e3o mais de 40 mil refei\u00e7\u00f5es servidas na unidade todos os meses. O novo espa\u00e7o conta com ambiente climatizado e de maior acessibilidade aos usu\u00e1rios, com rampas e sanit\u00e1rios para pessoas com defici\u00eancia (PcD). Todo mobili\u00e1rio e os utens\u00edlios de cozinha s\u00e3o novos, bem como os materiais utilizados durante as refei\u00e7\u00f5es dos usu\u00e1rios. As cozinhas atendem \u00e0s exig\u00eancias da Ag\u00eancia Nacional de Vigil\u00e2ncia Sanit\u00e1ria (Anvisa).<\/p>\n\n\n\n<p>&#8220;Estamos inaugurando um local mais aconchegante, com adapta\u00e7\u00f5es, tudo novo, conforme o padr\u00e3o de atendimento que o Governo de Goi\u00e1s exige&#8221;, falou a diretora-geral da OVG, Adryanna Caiado, que destacou ainda a expectativa de atendimento di\u00e1rio de cerca de 2,1 mil pessoas durante o hor\u00e1rio de funcionamento, de segunda a sexta-feira, das 10h30 \u00e0s 14h. \u201cO Restaurante do Bem que estamos entregando hoje \u00e9 o modelo que ser\u00e1 aplicado em todas as unidades espalhadas pelo estado\u201d, finalizou a diretora de Unidades Socioassistenciais da OVG, Roberta Wendorf de Carvalho.<\/p>\n\n\n\n<p><strong>Secretaria de Comunica\u00e7\u00e3o &#8211; Governo de Goi\u00e1s<\/strong><\/p>\n","protected":false},"excerpt":{"rendered":"<p>Espa\u00e7o est\u00e1 localizado na Avenida Araguaia, na esquina com a Rua 3, em substitui\u00e7\u00e3o ao que funcionava na Avenida Goi\u00e1s; investimento soma mais de R$ 1 milh\u00e3o e refei\u00e7\u00f5es continuam com o pre\u00e7o simb\u00f3lico de R$ 2<\/p>\n","protected":false},"author":8,"featured_media":23850,"comment_status":"closed","ping_status":"closed","sticky":false,"template":"","format":"standard","meta":{"_acf_changed":false,"footnotes":""},"categories":[1],"tags":[],"class_list":["post-23849","post","type-post","status-publish","format-standard","has-post-thumbnail","hentry","category-noticias-ovg"],"acf":[],"_links":{"self":[{"href":"https:\/\/www.ovg.org.br\/site\/index.php?rest_route=\/wp\/v2\/posts\/23849","targetHints":{"allow":["GET"]}}],"collection":[{"href":"https:\/\/www.ovg.org.br\/site\/index.php?rest_route=\/wp\/v2\/posts"}],"about":[{"href":"https:\/\/www.ovg.org.br\/site\/index.php?rest_route=\/wp\/v2\/types\/post"}],"author":[{"embeddable":true,"href":"https:\/\/www.ovg.org.br\/site\/index.php?rest_route=\/wp\/v2\/users\/8"}],"replies":[{"embeddable":true,"href":"https:\/\/www.ovg.org.br\/site\/index.php?rest_route=%2Fwp%2Fv2%2Fcomments&post=23849"}],"version-history":[{"count":1,"href":"https:\/\/www.ovg.org.br\/site\/index.php?rest_route=\/wp\/v2\/posts\/23849\/revisions"}],"predecessor-version":[{"id":23852,"href":"https:\/\/www.ovg.org.br\/site\/index.php?rest_route=\/wp\/v2\/posts\/23849\/revisions\/23852"}],"wp:featuredmedia":[{"embeddable":true,"href":"https:\/\/www.ovg.org.br\/site\/index.php?rest_route=\/wp\/v2\/media\/23850"}],"wp:attachment":[{"href":"https:\/\/www.ovg.org.br\/site\/index.php?rest_route=%2Fwp%2Fv2%2Fmedia&parent=23849"}],"wp:term":[{"taxonomy":"category","embeddable":true,"href":"https:\/\/www.ovg.org.br\/site\/index.php?rest_route=%2Fwp%2Fv2%2Fcategories&post=23849"},{"taxonomy":"post_tag","embeddable":true,"href":"https:\/\/www.ovg.org.br\/site\/index.php?rest_route=%2Fwp%2Fv2%2Ftags&post=23849"}],"curies":[{"name":"wp","href":"https:\/\/api.w.org\/{rel}","templated":true}]}}