{"id":23857,"date":"2024-11-14T23:24:00","date_gmt":"2024-11-15T02:24:00","guid":{"rendered":"https:\/\/www.ovg.org.br\/site\/?p=23857"},"modified":"2024-11-19T17:27:04","modified_gmt":"2024-11-19T20:27:04","slug":"caiado-e-gracinha-abrem-temporada-de-53-dias-do-natal-do-bem","status":"publish","type":"post","link":"https:\/\/www.ovg.org.br\/site\/?p=23857","title":{"rendered":"Caiado e Gracinha abrem temporada de 53 dias do Natal do Bem"},"content":{"rendered":"\n<p>O governador Ronaldo Caiado e a coordenadora do Goi\u00e1s Social, primeira-dama Gracinha Caiado, abriram o Natal do Bem 2024, nesta quinta-feira (14\/11), no Centro Cultural Oscar Niemeyer, em Goi\u00e2nia. A festividade \u00e9 a maior do pa\u00eds com entrada gratuita e segue at\u00e9 o dia 5 de janeiro de 2025, com expectativa de receber cerca de 1,5 milh\u00e3o de visitantes.<\/p>\n\n\n\n<p>\u201cGoi\u00e1s est\u00e1 mostrando para o Brasil que estamos fazendo o Natal mais lindo e gratuito para todas as pessoas\u201d, enalteceu o governador. \u201cMe emocionei ao ver essa decora\u00e7\u00e3o que enche os olhos dos visitantes. Todas as crian\u00e7as do estado v\u00e3o poder viver a magia do Natal aqui no Oscar Niemeyer\u201d, disse a primeira-dama. A abertura contou com desfile do Papai Noel e acendimento oficial das mais de 2,7 milh\u00f5es de luzes instaladas no local. O espa\u00e7o recebeu centenas de visitantes para celebrar o in\u00edcio da edi\u00e7\u00e3o 2024.<\/p>\n\n\n\n<p>O governador ressaltou que, apesar da festa estar montada em Goi\u00e2nia, \u00e9 para todos os goianos e tamb\u00e9m para os visitantes de outros estados. \u201cO Natal tem uma mensagem diferente, uma energia pr\u00f3pria, um sentimento de congra\u00e7amento, de confraterniza\u00e7\u00e3o e as crian\u00e7as, quando chegam aqui, ficam deslumbradas\u201d, descreveu. \u201c\u00c9 muito gratificante ver Goi\u00e1s ser refer\u00eancia em todas as \u00e1reas e ter essa sensibilidade de chegar \u00e0s crian\u00e7as e \u00e0s fam\u00edlias com essa festa linda\u201d, acrescentou.<\/p>\n\n\n\n<p>No comando da organiza\u00e7\u00e3o do evento, promovido pelo Goi\u00e1s Social, a primeira-dama Gracinha Caiado destacou que o trabalho teve como objetivo entregar uma festa de excel\u00eancia e acess\u00edvel a todos, com uma programa\u00e7\u00e3o de alto n\u00edvel. \u201cTudo isso foi preparado com muito carinho, em cada detalhe, para receber voc\u00eas, a popula\u00e7\u00e3o de Goi\u00e1s\u201d, frisou Gracinha Caiado. A primeira-dama agradeceu o empenho dos parceiros do Natal do Bem e destacou o crescimento do evento. \u201cO Goi\u00e1s Social tem trabalhado em todos os \u00e2ngulos para atender as pessoas em vulnerabilidade e n\u00e3o \u00e9 diferente no Natal\u201d, destacou.<\/p>\n\n\n\n<p>Para manter o clima festivo do Natal, o espa\u00e7o com 30 mil metros quadrados tem ilhas de brinquedos, gastronomia e neve artificial, al\u00e9m de pres\u00e9pio, carrossel, trenzinho e uma roda-gigante in\u00e9dita. \u201cEsse ano estamos com v\u00e1rias novidades. Vamos ter apresenta\u00e7\u00f5es art\u00edsticas com talentos locais. Tem atra\u00e7\u00e3o para todos os gostos para que a popula\u00e7\u00e3o possa aproveitar\u201d, complementou a diretora-geral da Organiza\u00e7\u00e3o das Volunt\u00e1rias de Goi\u00e1s (OVG), Adryanna Caiado.<\/p>\n\n\n\n<figure class=\"wp-block-image size-large\"><img loading=\"lazy\" decoding=\"async\" width=\"1024\" height=\"576\" src=\"https:\/\/www.ovg.org.br\/site\/wp-content\/uploads\/2024\/11\/WhatsApp-Image-2024-11-19-at-17.23.46-1024x576.jpeg\" alt=\"\" class=\"wp-image-23860\" srcset=\"https:\/\/www.ovg.org.br\/site\/wp-content\/uploads\/2024\/11\/WhatsApp-Image-2024-11-19-at-17.23.46-1024x576.jpeg 1024w, https:\/\/www.ovg.org.br\/site\/wp-content\/uploads\/2024\/11\/WhatsApp-Image-2024-11-19-at-17.23.46-300x169.jpeg 300w, https:\/\/www.ovg.org.br\/site\/wp-content\/uploads\/2024\/11\/WhatsApp-Image-2024-11-19-at-17.23.46-768x432.jpeg 768w, https:\/\/www.ovg.org.br\/site\/wp-content\/uploads\/2024\/11\/WhatsApp-Image-2024-11-19-at-17.23.46-1536x864.jpeg 1536w, https:\/\/www.ovg.org.br\/site\/wp-content\/uploads\/2024\/11\/WhatsApp-Image-2024-11-19-at-17.23.46-2048x1152.jpeg 2048w\" sizes=\"auto, (max-width: 1024px) 100vw, 1024px\" \/><\/figure>\n\n\n\n<p>\u201cEst\u00e1 perfeito. Eu vim de uma cidade onde n\u00e3o tem essa estrutura. \u00c9 uma coisa m\u00e1gica\u201d, enalteceu Rosemeire Lopes, que trouxe toda a fam\u00edlia de Rond\u00f4nia especialmente para o evento. A programa\u00e7\u00e3o inaugural contou com apresenta\u00e7\u00e3o do Coral Infantil do Instituto de Educa\u00e7\u00e3o em Artes Professor Gustav Ritter, formado por crian\u00e7as com idades entre 8 e 13 anos. Ao longo desta edi\u00e7\u00e3o, no Pal\u00e1cio da M\u00fasica, no Coreto e na Vila do Papai Noel, ser\u00e3o mais de 300 apresenta\u00e7\u00f5es culturais gratuitas, com mais de 90% dos artistas residentes em Goi\u00e1s.<\/p>\n\n\n\n<p><strong>Estrutura<\/strong><br>O hor\u00e1rio do funcionamento \u00e9 de ter\u00e7a-feira a domingo, das 18h \u00e0s 23h, exceto nos dias 24 e 31 de dezembro, em que o espa\u00e7o funcionar\u00e1 das 17h \u00e0s 21h. A estrutura disp\u00f5e ainda de 12 mil vagas rotativas gratuitas, divididas em seis espa\u00e7os para estacionamento com acessos pela GO-020 e BR-153. Para os visitantes que usam transporte coletivo, s\u00e3o duas linhas regulares da RMTC, com embarque e desembarque no Centro Cultural Oscar Niemeyer, sendo a 990, que parte do Terminal Pra\u00e7a da B\u00edblia, e a 991, que sai do Terminal Isid\u00f3ria. H\u00e1 tamb\u00e9m duas linhas exclusivas e gratuitas fazendo os trajetos a partir da Pra\u00e7a C\u00edvica e do Flamboyant Shopping.<\/p>\n\n\n\n<p><strong>Entrega de brinquedos<br><\/strong>Tradicionalmente, o Natal do Bem \u00e9 dividido no evento natalino no Centro Cultural Oscar Niemeyer e na distribui\u00e7\u00e3o de 525 mil brinquedos nos 246 munic\u00edpios goianos, como bolas de futebol e v\u00f4lei, carrinhos, bonecas e kits de panelinhas. Em Goi\u00e2nia a entrega dos brinquedos ser\u00e1 no dia 15 de dezembro, \u00e0s 8 horas, no Gin\u00e1sio Goi\u00e2nia Arena. As crian\u00e7as tamb\u00e9m poder\u00e3o participar de sorteios de bicicletas e receber\u00e3o lanche, al\u00e9m da presen\u00e7a do Papai Noel e personagens encantados.<\/p>\n\n\n\n<p><strong>Secretaria de Comunica\u00e7\u00e3o \u2013 Governo de Goi\u00e1s<\/strong><\/p>\n","protected":false},"excerpt":{"rendered":"<p>Centenas de visitantes acompanharam o acendimento das 2,7 milh\u00f5es de luzes do maior evento natalino gratuito do Brasil, que tem expectativa de receber 1,5 milh\u00e3o de visitantes<\/p>\n","protected":false},"author":8,"featured_media":23858,"comment_status":"closed","ping_status":"closed","sticky":false,"template":"","format":"standard","meta":{"_acf_changed":false,"footnotes":""},"categories":[1],"tags":[],"class_list":["post-23857","post","type-post","status-publish","format-standard","has-post-thumbnail","hentry","category-noticias-ovg"],"acf":[],"_links":{"self":[{"href":"https:\/\/www.ovg.org.br\/site\/index.php?rest_route=\/wp\/v2\/posts\/23857","targetHints":{"allow":["GET"]}}],"collection":[{"href":"https:\/\/www.ovg.org.br\/site\/index.php?rest_route=\/wp\/v2\/posts"}],"about":[{"href":"https:\/\/www.ovg.org.br\/site\/index.php?rest_route=\/wp\/v2\/types\/post"}],"author":[{"embeddable":true,"href":"https:\/\/www.ovg.org.br\/site\/index.php?rest_route=\/wp\/v2\/users\/8"}],"replies":[{"embeddable":true,"href":"https:\/\/www.ovg.org.br\/site\/index.php?rest_route=%2Fwp%2Fv2%2Fcomments&post=23857"}],"version-history":[{"count":1,"href":"https:\/\/www.ovg.org.br\/site\/index.php?rest_route=\/wp\/v2\/posts\/23857\/revisions"}],"predecessor-version":[{"id":23861,"href":"https:\/\/www.ovg.org.br\/site\/index.php?rest_route=\/wp\/v2\/posts\/23857\/revisions\/23861"}],"wp:featuredmedia":[{"embeddable":true,"href":"https:\/\/www.ovg.org.br\/site\/index.php?rest_route=\/wp\/v2\/media\/23858"}],"wp:attachment":[{"href":"https:\/\/www.ovg.org.br\/site\/index.php?rest_route=%2Fwp%2Fv2%2Fmedia&parent=23857"}],"wp:term":[{"taxonomy":"category","embeddable":true,"href":"https:\/\/www.ovg.org.br\/site\/index.php?rest_route=%2Fwp%2Fv2%2Fcategories&post=23857"},{"taxonomy":"post_tag","embeddable":true,"href":"https:\/\/www.ovg.org.br\/site\/index.php?rest_route=%2Fwp%2Fv2%2Ftags&post=23857"}],"curies":[{"name":"wp","href":"https:\/\/api.w.org\/{rel}","templated":true}]}}