{"id":23862,"date":"2024-11-21T10:07:03","date_gmt":"2024-11-21T13:07:03","guid":{"rendered":"https:\/\/www.ovg.org.br\/site\/?p=23862"},"modified":"2024-11-21T10:15:19","modified_gmt":"2024-11-21T13:15:19","slug":"o-coral-infantil-escola-genesis-e-o-trio-a-go-go-fazem-parte-da-agenda-cultural-do-bem-2024-nessa-semana","status":"publish","type":"post","link":"https:\/\/www.ovg.org.br\/site\/?p=23862","title":{"rendered":"O Coral Infantil Escola G\u00eanesis e o Trio a Go Go fazem parte da agenda cultural do Natal do Bem 2024 nessa semana"},"content":{"rendered":"\n<p class=\"has-text-align-center has-small-font-size\"><br>O Coral Infantil Escola G\u00eanesis apresentar\u00e1 o musical \u201cNatal no Egito\u201d. O espet\u00e1culo trar\u00e1 uma encena\u00e7\u00e3o sobre o nascimento de Jesus<\/p>\n\n\n\n<p><\/p>\n\n\n\n<p><\/p>\n\n\n\n<p><strong>Elis\u00e2ngela Vieira<\/strong><\/p>\n\n\n\n<p>O Natal do Bem 2024 est\u00e1 repleto de atra\u00e7\u00f5es para todas as idades. O maior evento natalino gratuito do Brasil re\u00fane, essa semana, no Centro Cultural Oscar Niemeyer, em Goi\u00e2nia, apresenta\u00e7\u00f5es musicais que prometem celebrar toda a magia da \u00e9poca mais encantada do ano. Toda a programa\u00e7\u00e3o \u00e9 gratuita.<\/p>\n\n\n\n<p><\/p>\n\n\n\n<p><\/p>\n\n\n\n<p><strong>Coral Infantil Adventista Jardim Europa<\/strong><br>O Coral Infantil Adventista Jardim Europa apresentar\u00e1, nesta quinta-feira, \u00e0s 20 horas, a cantata \u201cO Primeiro Natal\u201d. Crian\u00e7as da educa\u00e7\u00e3o infantil ao 9\u00ba ano, por meio da m\u00fasica e da encena\u00e7\u00e3o, compartilhar\u00e3o a mensagem central do Natal: o amor, a esperan\u00e7a e a renova\u00e7\u00e3o que o nascimento de Cristo traz para a humanidade.<\/p>\n\n\n\n<p><strong>Local<\/strong>: Pal\u00e1cio da M\u00fasica do Centro Cultural Oscar Niemeyer.<br><strong>Hor\u00e1rio:<\/strong> 20 horas<\/p>\n\n\n\n<p><strong>Trio a Go Go<br><\/strong>O trio Trilhas a Go Go, projeto dos m\u00fasicos Ge\u00f3rgia Cynara (voz e violino), V\u00edtor Brand\u00e3o (voz e percuss\u00e3o) e Douglas S\u00e1 (voz e viol\u00e3o), tamb\u00e9m se apresenta no Natal do Bem 2024 na quinta-feira (21). No repert\u00f3rio, sucessos nacionais e hits internacionais de v\u00e1rias \u00e9pocas.<\/p>\n\n\n\n<p><strong>Local:<\/strong> Coreto do Natal do Bem 2024<br>Hor\u00e1rio: 21 horas<\/p>\n\n\n\n<p><strong>Coral Infantil Escola G\u00eanesis<\/strong><br>O musical \u201cNatal no Egito\u201d faz parte da programa\u00e7\u00e3o do Natal do Bem, na noite de sexta-feira (22). Alunos do col\u00e9gio apresentar\u00e3o oito m\u00fasicas natalinas. O espet\u00e1culo ter\u00e1, ainda, uma encena\u00e7\u00e3o sobre o nascimento de Jesus.<\/p>\n\n\n\n<p><strong>Local:<\/strong> Pal\u00e1cio da M\u00fasica do Centro Cultural Oscar Niemeyer.<br><strong>Hor\u00e1rio:<\/strong> 20 horas<\/p>\n\n\n\n<p><strong>Lourany Cruz e Banda<\/strong><br>A cantora goiana Lourany Cruz, natural da cidade de Goi\u00e1s, celebra sua participa\u00e7\u00e3o, por mais um ano, no Natal do Bem. Ela \u00e9 sua banda ir\u00e3o se apresentar na noite desta sexta-feira (22). O grupo, que tem na bagagem apresenta\u00e7\u00f5es em v\u00e1rios eventos culturais, como Canto da Primavera e Festival Internacional de Cinema e V\u00eddeo Ambiental (Fica), trar\u00e1 um repert\u00f3rio diversificado, com muito Rock, al\u00e9m de trilhas que ir\u00e3o te transportar para filmes que marcaram sua vida.<\/p>\n\n\n\n<p><strong>Local:<\/strong> Coreto do Natal do Bem 2024<br><strong>Hor\u00e1rio<\/strong>: 21 horas<\/p>\n\n\n\n<p><strong>Servi\u00e7o: O Coral Infantil Escola G\u00eanesis e o Trio a Go Go fazem parte da agenda cultural do Bem 2024 nessa semana<\/strong><\/p>\n\n\n\n<p><strong>Local<\/strong>: Natal do Bem 2024. Centro Cultural Oscar Niemeyer, GO \u2013 020, Km 1, Ch\u00e1caras Alto da Gl\u00f3ria \u2013 Goi\u00e2nia\/Goi\u00e1s<\/p>\n\n\n\n<p><strong>Organiza\u00e7\u00e3o das Volunt\u00e1rias de Goi\u00e1s (OVG) \u2013 Goi\u00e1s Social<\/strong><\/p>\n","protected":false},"excerpt":{"rendered":"<p>Noites de concertos natalinos e apresenta\u00e7\u00f5es musicais de Jazz, Pop e Rock fazem parte da programa\u00e7\u00e3o do maior evento natalino gratuito do Brasil<\/p>\n","protected":false},"author":4,"featured_media":23863,"comment_status":"closed","ping_status":"closed","sticky":false,"template":"","format":"standard","meta":{"_acf_changed":false,"footnotes":""},"categories":[1],"tags":[],"class_list":["post-23862","post","type-post","status-publish","format-standard","has-post-thumbnail","hentry","category-noticias-ovg"],"acf":[],"_links":{"self":[{"href":"https:\/\/www.ovg.org.br\/site\/index.php?rest_route=\/wp\/v2\/posts\/23862","targetHints":{"allow":["GET"]}}],"collection":[{"href":"https:\/\/www.ovg.org.br\/site\/index.php?rest_route=\/wp\/v2\/posts"}],"about":[{"href":"https:\/\/www.ovg.org.br\/site\/index.php?rest_route=\/wp\/v2\/types\/post"}],"author":[{"embeddable":true,"href":"https:\/\/www.ovg.org.br\/site\/index.php?rest_route=\/wp\/v2\/users\/4"}],"replies":[{"embeddable":true,"href":"https:\/\/www.ovg.org.br\/site\/index.php?rest_route=%2Fwp%2Fv2%2Fcomments&post=23862"}],"version-history":[{"count":5,"href":"https:\/\/www.ovg.org.br\/site\/index.php?rest_route=\/wp\/v2\/posts\/23862\/revisions"}],"predecessor-version":[{"id":23868,"href":"https:\/\/www.ovg.org.br\/site\/index.php?rest_route=\/wp\/v2\/posts\/23862\/revisions\/23868"}],"wp:featuredmedia":[{"embeddable":true,"href":"https:\/\/www.ovg.org.br\/site\/index.php?rest_route=\/wp\/v2\/media\/23863"}],"wp:attachment":[{"href":"https:\/\/www.ovg.org.br\/site\/index.php?rest_route=%2Fwp%2Fv2%2Fmedia&parent=23862"}],"wp:term":[{"taxonomy":"category","embeddable":true,"href":"https:\/\/www.ovg.org.br\/site\/index.php?rest_route=%2Fwp%2Fv2%2Fcategories&post=23862"},{"taxonomy":"post_tag","embeddable":true,"href":"https:\/\/www.ovg.org.br\/site\/index.php?rest_route=%2Fwp%2Fv2%2Ftags&post=23862"}],"curies":[{"name":"wp","href":"https:\/\/api.w.org\/{rel}","templated":true}]}}