{"id":23888,"date":"2024-11-22T09:53:39","date_gmt":"2024-11-22T12:53:39","guid":{"rendered":"https:\/\/www.ovg.org.br\/site\/?p=23888"},"modified":"2024-11-22T09:57:02","modified_gmt":"2024-11-22T12:57:02","slug":"confira-as-atracoes-culturais-do-natal-do-bem-2024-deste-fim-de-semana","status":"publish","type":"post","link":"https:\/\/www.ovg.org.br\/site\/?p=23888","title":{"rendered":"Confira as atra\u00e7\u00f5es culturais do Natal do Bem 2024 deste fim de semana"},"content":{"rendered":"\n<p class=\"has-text-align-center has-small-font-size\">Larissa Moura e Banda trar\u00e3o ao Coreto do Natal do Bem 2024 can\u00e7\u00f5es natalinas, samba e cl\u00e1ssicos da MPB<\/p>\n\n\n\n<p><strong>Elis\u00e2ngela Vieira<\/strong><\/p>\n\n\n\n<p>O maior evento natalino gratuito do Brasil acontece no Centro Cultural Oscar Niemeyer, em Goi\u00e2nia. Confira a programa\u00e7\u00e3o cultural deste fim de semana:<\/p>\n\n\n\n<p><strong>O Presente de Deus &#8211; Coral Infantil da Escola Adventista da unidade Novo Mundo<\/strong><br>No dia 23 de novembro, s\u00e1bado, o Coral Infantil do Col\u00e9gio Adventista \u2013 unidade Novo Mundo \u2013 apresenta a cantata \u201cO Presente de Deus\u201d. Crian\u00e7as das turmas do 2\u00ba ao 5\u00ba ano mostrar\u00e3o o real significado do Natal: o nascimento de Jesus. Ser\u00e3o oito m\u00fasicas intercaladas com narra\u00e7\u00f5es e apresenta\u00e7\u00e3o teatral.<\/p>\n\n\n\n<p><br><strong>Local:<\/strong> Pal\u00e1cio da M\u00fasica<br><strong>Hor\u00e1rio:<\/strong> 20 horas<\/p>\n\n\n\n<p><strong>Corpora\u00e7\u00e3o Musical do Col\u00e9gio Estadual Jardim Europa<\/strong><br>Refer\u00eancia no cen\u00e1rio das bandas e fanfarras de Goi\u00e1s, a Corpora\u00e7\u00e3o Musical do Col\u00e9gio Estadual Jardim Europa \u00e9 uma das atra\u00e7\u00f5es da noite do Natal do Bem 2024, na noite de domingo. Cerca de 95 integrantes, distribu\u00eddos entre corpo musical e corpo coreogr\u00e1fico, apresentar\u00e3o um espet\u00e1culo dividido em duas partes: o primeiro, com um repert\u00f3rio tradicional de bandas marciais e musicais e, o segundo, com can\u00e7\u00f5es natalinas.<\/p>\n\n\n\n<p><br><strong>Local: <\/strong>Pal\u00e1cio da M\u00fasica<br><strong>Hor\u00e1rio:<\/strong> 20 horas<\/p>\n\n\n\n<p><strong>Larissa Moura e Banda<\/strong><br>Larissa Moura apresenta, no domingo, um repert\u00f3rio que mescla lindas can\u00e7\u00f5es natalinas e can\u00e7\u00f5es que costuma interpretar em seus shows habituais, como sambas e cl\u00e1ssicos da MPB, estruturando uma apresenta\u00e7\u00e3o alegre e contagiante, perfeita para elevar as energias durante as festas de fim de ano.<\/p>\n\n\n\n<p><br><strong>Local: <\/strong>Coreto<br><strong>Hor\u00e1rio: <\/strong>21 horas<\/p>\n\n\n\n<p><strong>Servi\u00e7o<\/strong>: Confira as atra\u00e7\u00f5es culturais, do Natal do Bem 2024, deste fim de semana<br><strong>Local<\/strong>: Natal do Bem 2024. Centro Cultural Oscar Niemeyer, GO \u2013 020, Km 1, Ch\u00e1caras Alto da Gl\u00f3ria \u2013 Goi\u00e2nia\/Goi\u00e1s<\/p>\n\n\n\n<p><strong>Organiza\u00e7\u00e3o das Volunt\u00e1rias de Goi\u00e1s \u2013 Governo de Goi\u00e1s<\/strong><\/p>\n","protected":false},"excerpt":{"rendered":"<p>Apresenta\u00e7\u00f5es musicais gratuitas prometem encantar p\u00fablico no Centro Cultural Oscar Niemeyer<\/p>\n","protected":false},"author":4,"featured_media":23889,"comment_status":"closed","ping_status":"closed","sticky":false,"template":"","format":"standard","meta":{"_acf_changed":false,"footnotes":""},"categories":[1],"tags":[],"class_list":["post-23888","post","type-post","status-publish","format-standard","has-post-thumbnail","hentry","category-noticias-ovg"],"acf":[],"_links":{"self":[{"href":"https:\/\/www.ovg.org.br\/site\/index.php?rest_route=\/wp\/v2\/posts\/23888","targetHints":{"allow":["GET"]}}],"collection":[{"href":"https:\/\/www.ovg.org.br\/site\/index.php?rest_route=\/wp\/v2\/posts"}],"about":[{"href":"https:\/\/www.ovg.org.br\/site\/index.php?rest_route=\/wp\/v2\/types\/post"}],"author":[{"embeddable":true,"href":"https:\/\/www.ovg.org.br\/site\/index.php?rest_route=\/wp\/v2\/users\/4"}],"replies":[{"embeddable":true,"href":"https:\/\/www.ovg.org.br\/site\/index.php?rest_route=%2Fwp%2Fv2%2Fcomments&post=23888"}],"version-history":[{"count":3,"href":"https:\/\/www.ovg.org.br\/site\/index.php?rest_route=\/wp\/v2\/posts\/23888\/revisions"}],"predecessor-version":[{"id":23892,"href":"https:\/\/www.ovg.org.br\/site\/index.php?rest_route=\/wp\/v2\/posts\/23888\/revisions\/23892"}],"wp:featuredmedia":[{"embeddable":true,"href":"https:\/\/www.ovg.org.br\/site\/index.php?rest_route=\/wp\/v2\/media\/23889"}],"wp:attachment":[{"href":"https:\/\/www.ovg.org.br\/site\/index.php?rest_route=%2Fwp%2Fv2%2Fmedia&parent=23888"}],"wp:term":[{"taxonomy":"category","embeddable":true,"href":"https:\/\/www.ovg.org.br\/site\/index.php?rest_route=%2Fwp%2Fv2%2Fcategories&post=23888"},{"taxonomy":"post_tag","embeddable":true,"href":"https:\/\/www.ovg.org.br\/site\/index.php?rest_route=%2Fwp%2Fv2%2Ftags&post=23888"}],"curies":[{"name":"wp","href":"https:\/\/api.w.org\/{rel}","templated":true}]}}