{"id":23936,"date":"2024-11-25T17:20:32","date_gmt":"2024-11-25T20:20:32","guid":{"rendered":"https:\/\/www.ovg.org.br\/site\/?p=23936"},"modified":"2024-11-25T17:22:49","modified_gmt":"2024-11-25T20:22:49","slug":"natal-do-bem-recebe-300-mil-visitantes-nos-primeiros-10-dias","status":"publish","type":"post","link":"https:\/\/www.ovg.org.br\/site\/?p=23936","title":{"rendered":"Natal do Bem recebe 300 mil visitantes nos primeiros 10 dias"},"content":{"rendered":"\n<p><strong>Lucas Dellamare<\/strong><\/p>\n\n\n\n<p>Nos primeiros 10 dias de realiza\u00e7\u00e3o, o Natal do Bem 2024 j\u00e1 recebeu 300 mil pessoas, oferecendo um espet\u00e1culo de luzes, som e alegria para os visitantes. Promovido pelo Governo do Estado, em parceria com o Goi\u00e1s Social e a Organiza\u00e7\u00e3o das Volunt\u00e1rias de Goi\u00e1s (OVG), o evento, que acontece no Centro Cultural Oscar Niemeyer, em Goi\u00e2nia, aguarda mais de 1,5 milh\u00e3o de visitantes at\u00e9 o final da programa\u00e7\u00e3o, no dia 5 de janeiro, refor\u00e7ando sua posi\u00e7\u00e3o como o maior Natal gratuito do pa\u00eds.<\/p>\n\n\n\n<p>Com uma \u00e1rea de 30 mil metros quadrados decorada para proporcionar verdadeira imers\u00e3o natalina, o Natal do Bem tem programa\u00e7\u00e3o variada. As atra\u00e7\u00f5es incluem cenas teatrais, m\u00fasica cl\u00e1ssica e popular, al\u00e9m de apresenta\u00e7\u00f5es com bailarinos, cantores, acrobatas e artistas circenses. Os visitantes podem tamb\u00e9m se encantar com a Vila do Papai Noel, a Vila de Brinquedos, a Vila Gastron\u00f4mica, com 25 quiosques, e a Vila Gelada, onde a neve artificial cria experi\u00eancia m\u00e1gica para crian\u00e7as e adultos.<\/p>\n\n\n\n<p>Uma imponente \u00e1rvore de Natal de 40 metros e 2,7 milh\u00f5es de pontos de luz completam o cen\u00e1rio, transportando os visitantes para um mundo de fantasia e celebra\u00e7\u00e3o. \u201cO Natal do Bem 2024 ser\u00e1 inesquec\u00edvel, isso eu posso garantir. A cada ano que passa, o Governo de Goi\u00e1s melhora ainda mais esse evento, que \u00e9 pensado para assegurar \u00e0s crian\u00e7as e fam\u00edlias em vulnerabilidade o direito de viver a magia do Natal. Inclusive, esse ano com novidade especial, que \u00e9 a roda-gigante in\u00e9dita em Goi\u00e1s\u201d, destacou a presidente de honra da OVG e coordenadora do Goi\u00e1s Social, primeira-dama Gracinha Caiado.<\/p>\n\n\n\n<p>Ainda segundo ela, o n\u00famero expressivo de visitantes demonstra o impacto positivo da iniciativa para Goi\u00e1s. \u201cEm apenas 10 dias, 300 mil pessoas j\u00e1 passaram por aqui, o que confirma o quanto o Natal do Bem \u00e9 importante. Este evento n\u00e3o \u00e9 apenas uma celebra\u00e7\u00e3o natalina, \u00e9 uma experi\u00eancia que emociona e transforma vidas\u201d.<\/p>\n\n\n\n<p>Al\u00e9m de promover a magia do Natal, o evento mant\u00e9m o compromisso com a seguran\u00e7a e acessibilidade: equipes de apoio de sa\u00fade e seguran\u00e7a est\u00e3o presentes, e a estrutura conta com rampas de acesso, piso t\u00e1til e int\u00e9rpretes de Libras para garantir que todos possam participar e se emocionar.<\/p>\n\n\n\n<figure class=\"wp-block-image size-large is-resized\"><img loading=\"lazy\" decoding=\"async\" width=\"1024\" height=\"682\" src=\"https:\/\/www.ovg.org.br\/site\/wp-content\/uploads\/2024\/11\/WhatsApp-Image-2024-11-25-at-17.14.33-1-1024x682.jpeg\" alt=\"\" class=\"wp-image-23939\" style=\"width:840px;height:auto\" srcset=\"https:\/\/www.ovg.org.br\/site\/wp-content\/uploads\/2024\/11\/WhatsApp-Image-2024-11-25-at-17.14.33-1-1024x682.jpeg 1024w, https:\/\/www.ovg.org.br\/site\/wp-content\/uploads\/2024\/11\/WhatsApp-Image-2024-11-25-at-17.14.33-1-300x200.jpeg 300w, https:\/\/www.ovg.org.br\/site\/wp-content\/uploads\/2024\/11\/WhatsApp-Image-2024-11-25-at-17.14.33-1-768x512.jpeg 768w, https:\/\/www.ovg.org.br\/site\/wp-content\/uploads\/2024\/11\/WhatsApp-Image-2024-11-25-at-17.14.33-1-1536x1024.jpeg 1536w, https:\/\/www.ovg.org.br\/site\/wp-content\/uploads\/2024\/11\/WhatsApp-Image-2024-11-25-at-17.14.33-1-2048x1365.jpeg 2048w\" sizes=\"auto, (max-width: 1024px) 100vw, 1024px\" \/><\/figure>\n\n\n\n<p>Para muitos visitantes, o Natal do Bem \u00e9 mais do que um espet\u00e1culo: \u00e9 uma oportunidade de reunir a fam\u00edlia e vivenciar a tradi\u00e7\u00e3o. \u201cEu nunca tinha visto nada assim. Parece que entramos num conto de Natal de verdade. A gratuidade permite que todos, principalmente fam\u00edlias que n\u00e3o t\u00eam condi\u00e7\u00f5es de pagar por entretenimento, possam participar dessa experi\u00eancia. \u00c9 emocionante ver os olhos das crian\u00e7as brilhando\u201d, compartilhou Valdirene Sampaio.<\/p>\n\n\n\n<p><strong>Destaque Nacional<br><\/strong>O Natal do Bem foi destaque no Jornal Nacional do \u00faltimo s\u00e1bado (23\/11), que ressaltou a grandiosidade e impacto social do evento. A reportagem enfatizou o sucesso da iniciativa ao atrair visitantes de diversas regi\u00f5es do Brasil e transformar a \u00e9poca natalina em um momento inesquec\u00edvel de uni\u00e3o e solidariedade para as fam\u00edlias mais vulner\u00e1veis de Goi\u00e1s.<\/p>\n\n\n\n<p>Mais que um evento natalino, o Natal do Bem \u00e9 uma iniciativa de solidariedade e inclus\u00e3o. O projeto tem a miss\u00e3o de garantir que todas as fam\u00edlias possam vivenciar a magia do Natal de forma gratuita e acess\u00edvel. Hoje, o evento se destaca como o maior Natal gratuito do Brasil, atraindo visitantes de diversas partes do pa\u00eds e se tornando uma das tradi\u00e7\u00f5es mais prestigiada pelo p\u00fablico.<\/p>\n\n\n\n<p>\u201c\u00c9 uma alegria saber que o Goi\u00e1s Social conseguiu transformar a experi\u00eancia das fam\u00edlias goianas durante o Natal. Saber que esse trabalho tem melhorado a qualidade de vida das pessoas \u00e9 nossa maior recompensa\u201d, frisou Gracinha Caiado.<\/p>\n\n\n\n<p><strong>Organiza\u00e7\u00e3o das Volunt\u00e1rias de Goi\u00e1s \u2013 Governo de Goi\u00e1s<\/strong><\/p>\n","protected":false},"excerpt":{"rendered":"<p>Com mais de 30 mil metros quadrados de decora\u00e7\u00e3o, 2,7 milh\u00f5es de pontos de luz e atra\u00e7\u00f5es culturais gratuitas, o Natal do Bem transforma Goi\u00e2nia em um dos maiores cen\u00e1rios natalinos do Brasil, fortalecendo a tradi\u00e7\u00e3o e a solidariedade em Goi\u00e1s<\/p>\n","protected":false},"author":8,"featured_media":23940,"comment_status":"closed","ping_status":"closed","sticky":false,"template":"","format":"standard","meta":{"_acf_changed":false,"footnotes":""},"categories":[1],"tags":[],"class_list":["post-23936","post","type-post","status-publish","format-standard","has-post-thumbnail","hentry","category-noticias-ovg"],"acf":[],"_links":{"self":[{"href":"https:\/\/www.ovg.org.br\/site\/index.php?rest_route=\/wp\/v2\/posts\/23936","targetHints":{"allow":["GET"]}}],"collection":[{"href":"https:\/\/www.ovg.org.br\/site\/index.php?rest_route=\/wp\/v2\/posts"}],"about":[{"href":"https:\/\/www.ovg.org.br\/site\/index.php?rest_route=\/wp\/v2\/types\/post"}],"author":[{"embeddable":true,"href":"https:\/\/www.ovg.org.br\/site\/index.php?rest_route=\/wp\/v2\/users\/8"}],"replies":[{"embeddable":true,"href":"https:\/\/www.ovg.org.br\/site\/index.php?rest_route=%2Fwp%2Fv2%2Fcomments&post=23936"}],"version-history":[{"count":4,"href":"https:\/\/www.ovg.org.br\/site\/index.php?rest_route=\/wp\/v2\/posts\/23936\/revisions"}],"predecessor-version":[{"id":23946,"href":"https:\/\/www.ovg.org.br\/site\/index.php?rest_route=\/wp\/v2\/posts\/23936\/revisions\/23946"}],"wp:featuredmedia":[{"embeddable":true,"href":"https:\/\/www.ovg.org.br\/site\/index.php?rest_route=\/wp\/v2\/media\/23940"}],"wp:attachment":[{"href":"https:\/\/www.ovg.org.br\/site\/index.php?rest_route=%2Fwp%2Fv2%2Fmedia&parent=23936"}],"wp:term":[{"taxonomy":"category","embeddable":true,"href":"https:\/\/www.ovg.org.br\/site\/index.php?rest_route=%2Fwp%2Fv2%2Fcategories&post=23936"},{"taxonomy":"post_tag","embeddable":true,"href":"https:\/\/www.ovg.org.br\/site\/index.php?rest_route=%2Fwp%2Fv2%2Ftags&post=23936"}],"curies":[{"name":"wp","href":"https:\/\/api.w.org\/{rel}","templated":true}]}}