{"id":23947,"date":"2024-11-26T10:24:55","date_gmt":"2024-11-26T13:24:55","guid":{"rendered":"https:\/\/www.ovg.org.br\/site\/?p=23947"},"modified":"2024-11-26T10:37:16","modified_gmt":"2024-11-26T13:37:16","slug":"natal-do-bem-2024-deixa-a-agenda-cultural-de-goiania-repleta-de-atracoes","status":"publish","type":"post","link":"https:\/\/www.ovg.org.br\/site\/?p=23947","title":{"rendered":"Natal do Bem 2024 deixa a agenda cultural de Goi\u00e2nia repleta de atra\u00e7\u00f5es"},"content":{"rendered":"\n<p class=\"has-text-align-center has-small-font-size\">O Vocal Onix Brasil Internacional levar\u00e1 alegria, com can\u00e7\u00f5es natalinas, a noite daqueles que forem ao Natal do Bem 2024 nesta ter\u00e7a-feira (26)<\/p>\n\n\n\n<p><strong>Elis\u00e2ngela Vieira<\/strong><\/p>\n\n\n\n<p>A agenda cultural do Natal do Bem 2024 est\u00e1 recheada de programa\u00e7\u00f5es gratuitas e para todas as idades. Confira a agenda dos pr\u00f3ximos dias:<\/p>\n\n\n\n<p><strong>Vocal Onix Brasil Internacional<\/strong><br>Com muita intera\u00e7\u00e3o com a plateia, os artistas do Vocal Onix Brasil Internacional levar\u00e3o alegria, com can\u00e7\u00f5es natalinas, a noite daqueles que forem ao Natal do Bem 2024 nesta ter\u00e7a-feira (26). O Onix Brasil j\u00e1 se apresentou em in\u00fameros encontros presenciais de coros e grupos no Rio de Janeiro, S\u00e3o Paulo, Minas Gerais e no Estado de Goi\u00e1s. Virtualmente durante o per\u00edodo da pandemia, o coro se apresentou na Espanha, Argentina, Panam\u00e1, Bol\u00edvia, M\u00e9xico, Equador, Venezuela, Chile entre outros pa\u00edses passando a ser reconhecido internacionalmente.<\/p>\n\n\n\n<p><strong>Local:<\/strong> Pal\u00e1cio da M\u00fasica<br><strong>Hor\u00e1rio<\/strong>: 20 horas<\/p>\n\n\n\n<p><strong>Shekin\u00e1h &#8211; Coral Infantojuvenil Fonte da Vida<\/strong><br>O p\u00fablico do Natal do Bem 2024 tamb\u00e9m \u00e9 convidado para assistir, nesta ter\u00e7a-feira (26), uma apresenta\u00e7\u00e3o do Shekin\u00e1h &#8211; Coral Infantojuvenil Fonte da Vida. Por meio da m\u00fasica, dan\u00e7a e encena\u00e7\u00e3o o grupo falar\u00e1 sobre o nascimento de Jesus.<\/p>\n\n\n\n<p><strong>Local:<\/strong> Pal\u00e1cio da M\u00fasica<br><strong>Hor\u00e1rio:<\/strong> 21 horas<\/p>\n\n\n\n<p><strong>Uma Noite Especial: Nasce Jesus &#8211; Coro Italiano Toscanelli<\/strong><br>O evento deste ano tamb\u00e9m ser\u00e1 palco de celebra\u00e7\u00e3o repleta de can\u00e7\u00f5es tradicionais italianas e obras cl\u00e1ssicas. O Coro Italiano Toscanelli se apresenta no maior Natal gratuito do Brasil na quarta-feira (27). O nascimento de Jesus ser\u00e1 celebrado com a performance de 35 coralistas, acompanhados de m\u00fasicos convidados.<\/p>\n\n\n\n<p><strong>Local: <\/strong>Pal\u00e1cio da M\u00fasica<br><strong>Hor\u00e1rio<\/strong>: 20 horas<\/p>\n\n\n\n<p><strong>O Natal Chegou &#8211; Coral Escola Fonte do Saber<\/strong><br>Outra atra\u00e7\u00e3o do Natal do Bem 2024, na noite de quarta-feira (27), ser\u00e1 o musical \u201cO Natal Chegou\u201d. Com m\u00fasica e encena\u00e7\u00e3o, alunos das aulas de musicaliza\u00e7\u00e3o da Escola Fonte do Saber trar\u00e3o ao palco o nascimento do menino Jesus.<\/p>\n\n\n\n<p><strong>Local:<\/strong> Pal\u00e1cio da M\u00fasica<br><strong>Hor\u00e1rio:<\/strong> 21 horas<\/p>\n\n\n\n<p><strong>Coral Vozes em Canto<\/strong><br>O Coro Vozes em Canto apresentar\u00e1, na quinta-feira (28), a cantata Natal Brasileiro. Crian\u00e7as da rede de ensino da Secretaria Municipal de Educa\u00e7\u00e3o de Goi\u00e2nia cantar\u00e3o tradicionais can\u00e7\u00f5es natalinas conhecidas do p\u00fablico. A plateia ser\u00e1 levada a pensar em como teria sido a hist\u00f3ria do Natal se ela acontecesse, hoje, no Brasil. O show ter\u00e1 ga\u00facho, nordestino e ind\u00edgenas, ritmos e personagens bem t\u00edpicos.<\/p>\n\n\n\n<p><strong>Local: <\/strong>Pal\u00e1cio da M\u00fasica<br><strong>Hor\u00e1rio:<\/strong> 20 horas<\/p>\n\n\n\n<p><strong>Os Brinquedos M\u00e1gicos de Natal<\/strong><br>Na quinta-feira (28), o Circo Mison apresentar\u00e1 o espet\u00e1culo Os Brinquedos M\u00e1gicos de Natal. A obra tem como personagem principal tio \u00c2ngelo, um habilidoso criador de brinquedos encantados que trabalha incansavelmente para garantir que todas as crian\u00e7as recebam seus presentes. Tudo \u00e9 feito com a ajuda de pequenos duendes. O espet\u00e1culo culmina com malabarismo com claves, que prometem trazer mais magia ao show.<\/p>\n\n\n\n<p><strong>Local:<\/strong> Coreto do Natal do Bem 2024<br><strong>Hor\u00e1rio<\/strong>: 21 horas<\/p>\n\n\n\n<p><strong>Hugo Vitti<\/strong><br>O cantor Hugo Vitti far\u00e1, na sexta-feira (29), um show especial de Natal. Ele cantar\u00e1 cl\u00e1ssicos internacionais e m\u00fasicas natalinas ic\u00f4nicas, como \u201cAmazing Grace\u201d; \u201cWhite Christmas\u201d e \u201cJingle Bells Rock\u201d.<\/p>\n\n\n\n<p><strong>Local:<\/strong> Pal\u00e1cio da M\u00fasica<br><strong>Hor\u00e1rio:<\/strong> 20 horas<\/p>\n\n\n\n<p><strong>Romana de S\u00e1 e os Coloreds<\/strong><br>Tamb\u00e9m tem show na sexta-feira (29) com a cantora Romana de S\u00e1 e os Coloreds. O espet\u00e1culo O Cora\u00e7\u00e3o do Natal trar\u00e1 um repert\u00f3rio exclusivamente natalino, misturando cl\u00e1ssicos e contempor\u00e2neos, em uma noite repleta de alegria e esp\u00edrito natalino.<\/p>\n\n\n\n<p><strong>Local:<\/strong> Coreto do Natal do Bem 2024<br><strong>Hor\u00e1rio:<\/strong> 21 horas<\/p>\n\n\n\n<p><strong>Servi\u00e7o:<\/strong><\/p>\n\n\n\n<p><strong>Local:<\/strong> Natal do Bem 2024. Centro Cultural Oscar Niemeyer, GO \u2013 020, Km 1, Ch\u00e1caras Alto da Gl\u00f3ria \u2013 Goi\u00e2nia\/Goi\u00e1s<\/p>\n\n\n\n<p><strong>Organiza\u00e7\u00e3o das Volunt\u00e1rias de Goi\u00e1s &#8211; Governo de Goi\u00e1s<\/strong><\/p>\n","protected":false},"excerpt":{"rendered":"<p>Confira a programa\u00e7\u00e3o desta semana. S\u00e3o gratuitas e para todas as idades<\/p>\n","protected":false},"author":4,"featured_media":23948,"comment_status":"closed","ping_status":"closed","sticky":false,"template":"","format":"standard","meta":{"_acf_changed":false,"footnotes":""},"categories":[1],"tags":[],"class_list":["post-23947","post","type-post","status-publish","format-standard","has-post-thumbnail","hentry","category-noticias-ovg"],"acf":[],"_links":{"self":[{"href":"https:\/\/www.ovg.org.br\/site\/index.php?rest_route=\/wp\/v2\/posts\/23947","targetHints":{"allow":["GET"]}}],"collection":[{"href":"https:\/\/www.ovg.org.br\/site\/index.php?rest_route=\/wp\/v2\/posts"}],"about":[{"href":"https:\/\/www.ovg.org.br\/site\/index.php?rest_route=\/wp\/v2\/types\/post"}],"author":[{"embeddable":true,"href":"https:\/\/www.ovg.org.br\/site\/index.php?rest_route=\/wp\/v2\/users\/4"}],"replies":[{"embeddable":true,"href":"https:\/\/www.ovg.org.br\/site\/index.php?rest_route=%2Fwp%2Fv2%2Fcomments&post=23947"}],"version-history":[{"count":4,"href":"https:\/\/www.ovg.org.br\/site\/index.php?rest_route=\/wp\/v2\/posts\/23947\/revisions"}],"predecessor-version":[{"id":23953,"href":"https:\/\/www.ovg.org.br\/site\/index.php?rest_route=\/wp\/v2\/posts\/23947\/revisions\/23953"}],"wp:featuredmedia":[{"embeddable":true,"href":"https:\/\/www.ovg.org.br\/site\/index.php?rest_route=\/wp\/v2\/media\/23948"}],"wp:attachment":[{"href":"https:\/\/www.ovg.org.br\/site\/index.php?rest_route=%2Fwp%2Fv2%2Fmedia&parent=23947"}],"wp:term":[{"taxonomy":"category","embeddable":true,"href":"https:\/\/www.ovg.org.br\/site\/index.php?rest_route=%2Fwp%2Fv2%2Fcategories&post=23947"},{"taxonomy":"post_tag","embeddable":true,"href":"https:\/\/www.ovg.org.br\/site\/index.php?rest_route=%2Fwp%2Fv2%2Ftags&post=23947"}],"curies":[{"name":"wp","href":"https:\/\/api.w.org\/{rel}","templated":true}]}}