{"id":23992,"date":"2024-11-29T11:39:04","date_gmt":"2024-11-29T14:39:04","guid":{"rendered":"https:\/\/www.ovg.org.br\/site\/?p=23992"},"modified":"2024-11-29T11:39:05","modified_gmt":"2024-11-29T14:39:05","slug":"apresentacoes-musicais-danca-circo-e-ginastica-artistica-confira-a-programacao-cultural-do-natal-do-bem-2024-deste-fim-de-semana","status":"publish","type":"post","link":"https:\/\/www.ovg.org.br\/site\/?p=23992","title":{"rendered":"Apresenta\u00e7\u00f5es musicais, dan\u00e7a, circo e gin\u00e1stica art\u00edstica. Confira a programa\u00e7\u00e3o cultural do Natal do Bem 2024 deste fim de semana"},"content":{"rendered":"\n<p class=\"has-text-align-center has-small-font-size\">A programa\u00e7\u00e3o cultural do Natal do Bem 2024 traz uma apresenta\u00e7\u00e3o especial neste s\u00e1bado (30): o musical \u201cNatal de Encantos\u201d<\/p>\n\n\n\n<p><strong>Elis\u00e2ngela Vieira<\/strong><\/p>\n\n\n\n<p>Quem for ao Natal do Bem 2024 poder\u00e1 aproveitar uma programa\u00e7\u00e3o cultural que vai movimentar o Centro Cultural Oscar Niemeyer neste fim de semana. Apresenta\u00e7\u00f5es musicais, dan\u00e7a, circo e gin\u00e1stica art\u00edstica est\u00e3o entre as op\u00e7\u00f5es oferecidas. Tudo gratuito. Confira as agendas dos dias 30 de novembro, s\u00e1bado, e 1\u00ba de dezembro, domingo.<\/p>\n\n\n\n<p><strong>Natal de Encantos &#8211; O Musical<\/strong><br>A programa\u00e7\u00e3o cultural do Natal do Bem 2024 traz uma apresenta\u00e7\u00e3o especial neste s\u00e1bado (30): o musical \u201cNatal de Encantos\u201d que reunir\u00e1, no mesmo palco, artistas do canto, da dan\u00e7a, do circo, da gin\u00e1stica e das artes c\u00eanicas. A espet\u00e1culo ter\u00e1 m\u00fasicas que incluem cl\u00e1ssicos de Natal e resgatam as tradi\u00e7\u00f5es familiares e contar\u00e1 com tecnologia avan\u00e7ada em ilumina\u00e7\u00e3o, som e pain\u00e9is de LED.<\/p>\n\n\n\n<p><br><strong>Local:<\/strong> Pal\u00e1cio da M\u00fasica do Centro Cultural Oscar Niemeyer<br><strong>Hor\u00e1rio:<\/strong> 20 horas<\/p>\n\n\n\n<p><strong>Eduardo Machado e Banda<\/strong><br>A programa\u00e7\u00e3o cultural do Natal do Bem 2024 ainda conta, no s\u00e1bado (30), com uma apresenta\u00e7\u00e3o especial com o tenor Eduardo Machado e Banda. O repert\u00f3rio ser\u00e1 variado, mesclando can\u00e7\u00f5es natalinas e cl\u00e1ssicos da MPB.<\/p>\n\n\n\n<p><br><strong>Local<\/strong>: Coreto do Natal do Bem 2024<br><strong>Hor\u00e1rio:<\/strong> 21 horas<\/p>\n\n\n\n<p><strong>Pr\u00e1tica de Conjunto \u2013 Col\u00e9gio Estadual Desor Hamilton de Barros Velasco<\/strong><br>Estudantes do Col\u00e9gio Estadual Desor Hamilton de Barros Velasco v\u00e3o oferecer ao p\u00fablico no domingo, 1\u00ba de dezembro, uma experi\u00eancia musical \u00fanica e diversificada. Eles apresentar\u00e3o um repert\u00f3rio com 20 m\u00fasicas natalinas e estilos variados, al\u00e9m de can\u00e7\u00f5es instrumentais.<\/p>\n\n\n\n<p><br><strong>Local:<\/strong> Pal\u00e1cio da M\u00fasica do Centro Cultural Oscar Niemeyer<br><strong>Hor\u00e1rio:<\/strong> 20 horas<\/p>\n\n\n\n<p><strong>Mr. Ponce in Solo<\/strong><br>O cantor Gennyson Ponce apresentar\u00e1, no domingo, 1\u00ba de dezembro, o show Mr. Ponde in Solo. O artista apresentar\u00e1 releituras de can\u00e7\u00f5es de Natal e algumas m\u00fasicas do seu repert\u00f3rio autoral.<\/p>\n\n\n\n<p><br><strong>Local:<\/strong> coreto do Natal do Bem 2024<br><strong>Hor\u00e1rio:<\/strong> 21 horas<\/p>\n\n\n\n<p><strong>Servi\u00e7o:<\/strong><br>Local: Natal do Bem 2024. Centro Cultural Oscar Niemeyer, GO \u2013 020, Km 1, Ch\u00e1caras Alto da Gl\u00f3ria \u2013 Goi\u00e2nia\/Goi\u00e1s<\/p>\n\n\n\n<p><strong>Organiza\u00e7\u00e3o das Volunt\u00e1rias de Goi\u00e1s &#8211; Governo de Goi\u00e1s<\/strong><\/p>\n","protected":false},"excerpt":{"rendered":"<p>Confira as agendas dos dias 30 de novembro e 1\u00ba de dezembro<\/p>\n","protected":false},"author":4,"featured_media":23993,"comment_status":"closed","ping_status":"closed","sticky":false,"template":"","format":"standard","meta":{"_acf_changed":false,"footnotes":""},"categories":[1],"tags":[],"class_list":["post-23992","post","type-post","status-publish","format-standard","has-post-thumbnail","hentry","category-noticias-ovg"],"acf":[],"_links":{"self":[{"href":"https:\/\/www.ovg.org.br\/site\/index.php?rest_route=\/wp\/v2\/posts\/23992","targetHints":{"allow":["GET"]}}],"collection":[{"href":"https:\/\/www.ovg.org.br\/site\/index.php?rest_route=\/wp\/v2\/posts"}],"about":[{"href":"https:\/\/www.ovg.org.br\/site\/index.php?rest_route=\/wp\/v2\/types\/post"}],"author":[{"embeddable":true,"href":"https:\/\/www.ovg.org.br\/site\/index.php?rest_route=\/wp\/v2\/users\/4"}],"replies":[{"embeddable":true,"href":"https:\/\/www.ovg.org.br\/site\/index.php?rest_route=%2Fwp%2Fv2%2Fcomments&post=23992"}],"version-history":[{"count":1,"href":"https:\/\/www.ovg.org.br\/site\/index.php?rest_route=\/wp\/v2\/posts\/23992\/revisions"}],"predecessor-version":[{"id":23994,"href":"https:\/\/www.ovg.org.br\/site\/index.php?rest_route=\/wp\/v2\/posts\/23992\/revisions\/23994"}],"wp:featuredmedia":[{"embeddable":true,"href":"https:\/\/www.ovg.org.br\/site\/index.php?rest_route=\/wp\/v2\/media\/23993"}],"wp:attachment":[{"href":"https:\/\/www.ovg.org.br\/site\/index.php?rest_route=%2Fwp%2Fv2%2Fmedia&parent=23992"}],"wp:term":[{"taxonomy":"category","embeddable":true,"href":"https:\/\/www.ovg.org.br\/site\/index.php?rest_route=%2Fwp%2Fv2%2Fcategories&post=23992"},{"taxonomy":"post_tag","embeddable":true,"href":"https:\/\/www.ovg.org.br\/site\/index.php?rest_route=%2Fwp%2Fv2%2Ftags&post=23992"}],"curies":[{"name":"wp","href":"https:\/\/api.w.org\/{rel}","templated":true}]}}