{"id":24087,"date":"2024-12-10T09:00:12","date_gmt":"2024-12-10T12:00:12","guid":{"rendered":"https:\/\/www.ovg.org.br\/site\/?p=24087"},"modified":"2024-12-10T09:00:13","modified_gmt":"2024-12-10T12:00:13","slug":"natal-do-bem-semana-tera-teatro-musica-e-danca","status":"publish","type":"post","link":"https:\/\/www.ovg.org.br\/site\/?p=24087","title":{"rendered":"Natal do Bem: semana ter\u00e1 teatro, m\u00fasica e dan\u00e7a"},"content":{"rendered":"\n<p class=\"has-text-align-center has-small-font-size\"><em>O musical \u201cNatal de Encantos\u201d reunir\u00e1 artistas do canto, da dan\u00e7a, do circo, da gin\u00e1stica e das artes c\u00eanicas.<\/em><\/p>\n\n\n\n<p><strong>Elis\u00e2ngela Vieira<\/strong><\/p>\n\n\n\n<p>O Natal do Bem 2024 oferece eventos culturais gratuitos para todas as idades. Nesta semana, haver\u00e1 teatro, dan\u00e7a e muita m\u00fasica. Confira abaixo.<\/p>\n\n\n\n<p><strong>Coral Infantil da Escola Adventista Vila Nova<\/strong><br>O Coral Infantil da Escola Adventista Vila Nova se apresenta na noite desta ter\u00e7a-feira (10) no Natal do Bem 2024. As crian\u00e7as interpretar\u00e3o can\u00e7\u00f5es natalinas.<\/p>\n\n\n\n<p><strong>Local:<\/strong> Pal\u00e1cio da M\u00fasica do Centro Cultural Oscar Niemeyer<br><strong>Hor\u00e1rio:<\/strong> 20 horas<\/p>\n\n\n\n<p><strong>Espet\u00e1culo \u201cLuz, C\u00e2mara, A\u00e7\u00e3o!\u201d &#8211; Projeto Mudan\u00e7as<\/strong><br>A montagem far\u00e1 uma releitura dan\u00e7ante de v\u00e1rios filmes, dos cl\u00e1ssicos aos mais famosos, com coreografias que passeiam por romances que marcaram \u00e9pocas, com\u00e9dia, drama, terror, anima\u00e7\u00f5es infantis e fic\u00e7\u00e3o. Entre um filme e outro, ser\u00e3o apresentadas curiosidades cinematogr\u00e1ficas. A atra\u00e7\u00e3o pode ser conferida na quarta-feira (11).<\/p>\n\n\n\n<p><strong>Local: <\/strong>Pal\u00e1cio da M\u00fasica do Centro Cultural Oscar Niemeyer<br><strong>Hor\u00e1rio:<\/strong> 20 horas<\/p>\n\n\n\n<p><strong>Gabrielly Santos<\/strong><br>Natural de S\u00e3o Paulo, a violinista Gabrielly Santos faz parte da Orquestra Sinf\u00f4nica de Goi\u00e2nia. A artista, que tem no curr\u00edculo v\u00e1rias grava\u00e7\u00f5es de DVD e j\u00e1 se apresentou com artistas de renome internacional como DJ Alok, Ivete Sangalo, Mar\u00edlia Mendon\u00e7a, Flavio Venturini, Jo\u00e3o Bosco e festivais como Rock in Rio e Festival Vila Mix, \u00e9 uma das atra\u00e7\u00f5es da noite de quarta-feira (11). Para o Natal do Bem 2024, Gabrielly Santos trar\u00e1 um repert\u00f3rio exclusivo natalino, com grandes cl\u00e1ssicos de Natal.<\/p>\n\n\n\n<p><strong>Local: <\/strong>coreto do Natal do Bem 2024<br><strong>Hor\u00e1rio: <\/strong>21 horas<\/p>\n\n\n\n<p><strong>Natal de Encantos &#8211; O Musical<\/strong><br>A programa\u00e7\u00e3o cultural do Natal do Bem 2024 traz uma apresenta\u00e7\u00e3o especial na quinta-feira (12): o musical \u201cNatal de Encantos\u201d que reunir\u00e1, no mesmo palco, artistas do canto, da dan\u00e7a, do circo, da gin\u00e1stica e das artes c\u00eanicas. A espet\u00e1culo ter\u00e1 m\u00fasicas que incluem cl\u00e1ssicos de Natal e resgatam as tradi\u00e7\u00f5es familiares e contar\u00e1 com tecnologia avan\u00e7ada em ilumina\u00e7\u00e3o, som e pain\u00e9is de LED.<\/p>\n\n\n\n<p><strong>Local<\/strong>: Pal\u00e1cio da M\u00fasica do Centro Cultural Oscar Niemeyer<br><strong>Hor\u00e1rio<\/strong>: 20 horas<\/p>\n\n\n\n<p><strong>Walkir Sax<\/strong><br>Walkir Sax apresentar\u00e1, na noite de quinta-feira (12), m\u00fasicas nacionais e internacionais, de estilos variados. O artista, que j\u00e1 fez parte da banda de Mar\u00edlia Mendon\u00e7a, far\u00e1 um show bem dan\u00e7ante para o p\u00fablico do Natal do Bem 2024.<\/p>\n\n\n\n<p><strong>Local: <\/strong>coreto do Natal do Bem 2024<br><strong>Hor\u00e1rio:<\/strong> 21 horas<\/p>\n\n\n\n<p><strong>Organiza\u00e7\u00e3o das Volunt\u00e1rias de Goi\u00e1s &#8211; Governo de Goi\u00e1s<\/strong><\/p>\n","protected":false},"excerpt":{"rendered":"<p>Confira a programa\u00e7\u00e3o dos dias 10, 11 e 12 de dezembro<\/p>\n","protected":false},"author":4,"featured_media":24088,"comment_status":"closed","ping_status":"closed","sticky":false,"template":"","format":"standard","meta":{"_acf_changed":false,"footnotes":""},"categories":[1],"tags":[],"class_list":["post-24087","post","type-post","status-publish","format-standard","has-post-thumbnail","hentry","category-noticias-ovg"],"acf":[],"_links":{"self":[{"href":"https:\/\/www.ovg.org.br\/site\/index.php?rest_route=\/wp\/v2\/posts\/24087","targetHints":{"allow":["GET"]}}],"collection":[{"href":"https:\/\/www.ovg.org.br\/site\/index.php?rest_route=\/wp\/v2\/posts"}],"about":[{"href":"https:\/\/www.ovg.org.br\/site\/index.php?rest_route=\/wp\/v2\/types\/post"}],"author":[{"embeddable":true,"href":"https:\/\/www.ovg.org.br\/site\/index.php?rest_route=\/wp\/v2\/users\/4"}],"replies":[{"embeddable":true,"href":"https:\/\/www.ovg.org.br\/site\/index.php?rest_route=%2Fwp%2Fv2%2Fcomments&post=24087"}],"version-history":[{"count":1,"href":"https:\/\/www.ovg.org.br\/site\/index.php?rest_route=\/wp\/v2\/posts\/24087\/revisions"}],"predecessor-version":[{"id":24089,"href":"https:\/\/www.ovg.org.br\/site\/index.php?rest_route=\/wp\/v2\/posts\/24087\/revisions\/24089"}],"wp:featuredmedia":[{"embeddable":true,"href":"https:\/\/www.ovg.org.br\/site\/index.php?rest_route=\/wp\/v2\/media\/24088"}],"wp:attachment":[{"href":"https:\/\/www.ovg.org.br\/site\/index.php?rest_route=%2Fwp%2Fv2%2Fmedia&parent=24087"}],"wp:term":[{"taxonomy":"category","embeddable":true,"href":"https:\/\/www.ovg.org.br\/site\/index.php?rest_route=%2Fwp%2Fv2%2Fcategories&post=24087"},{"taxonomy":"post_tag","embeddable":true,"href":"https:\/\/www.ovg.org.br\/site\/index.php?rest_route=%2Fwp%2Fv2%2Ftags&post=24087"}],"curies":[{"name":"wp","href":"https:\/\/api.w.org\/{rel}","templated":true}]}}