{"id":24599,"date":"2025-01-20T17:09:00","date_gmt":"2025-01-20T20:09:00","guid":{"rendered":"https:\/\/www.ovg.org.br\/site\/?p=24599"},"modified":"2025-01-22T10:12:04","modified_gmt":"2025-01-22T13:12:04","slug":"gracinha-caiado-anuncia-abertura-de-restaurante-do-bem-em-aparecida-e-amplia-parcerias-com-prefeito-leandro-vilela","status":"publish","type":"post","link":"https:\/\/www.ovg.org.br\/site\/?p=24599","title":{"rendered":"Gracinha Caiado anuncia abertura de Restaurante do Bem em Aparecida e amplia parcerias com prefeito Leandro Vilela"},"content":{"rendered":"\n<p>A coordenadora do Goi\u00e1s Social, primeira-dama Gracinha Caiado, se reuniu na manh\u00e3 desta segunda-feira (20\/1) com o prefeito de Aparecida de Goi\u00e2nia, Leandro Vilela. O encontro teve o objetivo de discutir parcerias entre o Governo de Goi\u00e1s e o munic\u00edpio na \u00e1rea social. Uma nova a\u00e7\u00e3o do Goi\u00e1s Social em Aparecida est\u00e1 prevista para mar\u00e7o, durante a Corrida e Caminhada da Mulher.<\/p>\n\n\n\n<p>\u201cO governo do Estado, com todos os seus programas sociais, ser\u00e1 um parceiro para fazer o melhor por Aparecida\u201d, afirmou Gracinha, que aproveitou a reuni\u00e3o para frisar a necessidade de aprimorar a gest\u00e3o do Cadastro \u00danico para melhor atender as fam\u00edlias em situa\u00e7\u00e3o de vulnerabilidade. \u201cAqui em Aparecida, temos apenas 2,8 mil benefici\u00e1rias do M\u00e3es de Goi\u00e1s. Enquanto voc\u00ea v\u00ea cidades no Entorno de Bras\u00edlia que t\u00eam 200 mil habitantes, com 14 mil M\u00e3es de Goi\u00e1s\u201d, explicou.<\/p>\n\n\n\n<p>O prefeito Leandro Vilela informou que j\u00e1 estuda solu\u00e7\u00f5es para ampliar o cadastramento, para que mais fam\u00edlias possam receber aux\u00edlio. \u201cConversamos sobre a possibilidade de criar uma equipe m\u00f3vel, que v\u00e1 \u00e0 casa das pessoas para atualizar o cadastro\u201d, comentou. \u201cAparecida e o Governo de Goi\u00e1s andar\u00e3o quatro anos de m\u00e3os dadas, pela cidade, pela popula\u00e7\u00e3o\u201d, emendou o prefeito. Por sua vez, a primeira-dama do munic\u00edpio, Lana Bezerra, se colocou \u00e0 disposi\u00e7\u00e3o para somar for\u00e7as neste trabalho.<\/p>\n\n\n\n<p>A reuni\u00e3o contou ainda com a presen\u00e7a do vice-prefeito de Aparecida, Jo\u00e3o Campos, do ex-prefeito Gustavo Mendanha, de vereadores e dos secret\u00e1rios de Estado da Retomada, Cesar Moura, e de Desenvolvimento Social, Wellington Matos, al\u00e9m da diretora-geral da Organiza\u00e7\u00e3o das Volunt\u00e1rias de Goi\u00e1s (OVG), Adryanna Caiado.<\/p>\n\n\n\n<p><strong>Restaurante do Bem<br><\/strong>Outra novidade, a inaugura\u00e7\u00e3o de uma unidade do Restaurante do Bem no munic\u00edpio est\u00e1 prevista para abril deste ano. \u201c\u00c9 assim que eu quero trabalhar com voc\u00eas, com resultado r\u00e1pido, porque quem est\u00e1 l\u00e1 na ponta tem pressa, quem tem fome tem pressa, quem est\u00e1 em vulnerabilidade tem pressa\u201d, garantiu a coordenadora do Goi\u00e1s Social.<\/p>\n\n\n\n<p>O an\u00fancio foi comemorado pelo prefeito do munic\u00edpio. \u201cA primeira-dama veio aqui hoje nos visitar e trazer tantas boas novas para Aparecida, para os aparecidenses\u201d, afirmou. O prefeito tamb\u00e9m aproveitou a oportunidade para lembrar as dificuldades enfrentadas pela cidade, com seus 600 mil habitantes, e reconheceu o papel fundamental do Estado em auxiliar na supera\u00e7\u00e3o desses desafios. \u201cO Governo de Goi\u00e1s, atrav\u00e9s do nosso governador Ronaldo Caiado, tem sido extremamente colaborativo conosco\u201d, finalizou Leandro Vilela.<\/p>\n\n\n\n<p><strong>Secretaria de Comunica\u00e7\u00e3o &#8211; Governo de Goi\u00e1s<\/strong><\/p>\n","protected":false},"excerpt":{"rendered":"<p>Primeira-dama esteve na sede da administra\u00e7\u00e3o do munic\u00edpio, acompanhada de secret\u00e1rios de Estado, para fortalecer parcerias na \u00e1rea social<\/p>\n","protected":false},"author":8,"featured_media":24600,"comment_status":"closed","ping_status":"closed","sticky":false,"template":"","format":"standard","meta":{"_acf_changed":false,"footnotes":""},"categories":[1],"tags":[],"class_list":["post-24599","post","type-post","status-publish","format-standard","has-post-thumbnail","hentry","category-noticias-ovg"],"acf":[],"_links":{"self":[{"href":"https:\/\/www.ovg.org.br\/site\/index.php?rest_route=\/wp\/v2\/posts\/24599","targetHints":{"allow":["GET"]}}],"collection":[{"href":"https:\/\/www.ovg.org.br\/site\/index.php?rest_route=\/wp\/v2\/posts"}],"about":[{"href":"https:\/\/www.ovg.org.br\/site\/index.php?rest_route=\/wp\/v2\/types\/post"}],"author":[{"embeddable":true,"href":"https:\/\/www.ovg.org.br\/site\/index.php?rest_route=\/wp\/v2\/users\/8"}],"replies":[{"embeddable":true,"href":"https:\/\/www.ovg.org.br\/site\/index.php?rest_route=%2Fwp%2Fv2%2Fcomments&post=24599"}],"version-history":[{"count":1,"href":"https:\/\/www.ovg.org.br\/site\/index.php?rest_route=\/wp\/v2\/posts\/24599\/revisions"}],"predecessor-version":[{"id":24601,"href":"https:\/\/www.ovg.org.br\/site\/index.php?rest_route=\/wp\/v2\/posts\/24599\/revisions\/24601"}],"wp:featuredmedia":[{"embeddable":true,"href":"https:\/\/www.ovg.org.br\/site\/index.php?rest_route=\/wp\/v2\/media\/24600"}],"wp:attachment":[{"href":"https:\/\/www.ovg.org.br\/site\/index.php?rest_route=%2Fwp%2Fv2%2Fmedia&parent=24599"}],"wp:term":[{"taxonomy":"category","embeddable":true,"href":"https:\/\/www.ovg.org.br\/site\/index.php?rest_route=%2Fwp%2Fv2%2Fcategories&post=24599"},{"taxonomy":"post_tag","embeddable":true,"href":"https:\/\/www.ovg.org.br\/site\/index.php?rest_route=%2Fwp%2Fv2%2Ftags&post=24599"}],"curies":[{"name":"wp","href":"https:\/\/api.w.org\/{rel}","templated":true}]}}