{"id":24602,"date":"2025-01-21T15:12:00","date_gmt":"2025-01-21T18:12:00","guid":{"rendered":"https:\/\/www.ovg.org.br\/site\/?p=24602"},"modified":"2025-01-22T10:14:04","modified_gmt":"2025-01-22T13:14:04","slug":"em-reuniao-com-mabel-gracinha-caiado-anuncia-entrega-de-restaurante-do-bem-e-casa-da-pessoa-idosa-na-capital","status":"publish","type":"post","link":"https:\/\/www.ovg.org.br\/site\/?p=24602","title":{"rendered":"Em reuni\u00e3o com Mabel, Gracinha Caiado anuncia entrega de Restaurante do Bem e Casa da Pessoa Idosa na capital"},"content":{"rendered":"\n<p>Em primeiro encontro oficial para tratar sobre pol\u00edticas sociais com foco nos goianienses, a primeira-dama e coordenadora do Goi\u00e1s Social, Gracinha Caiado, apresentou na manh\u00e3 desta ter\u00e7a-feira (21\/1) ao prefeito de Goi\u00e2nia, Sandro Mabel, algumas das a\u00e7\u00f5es do governo para a capital ao longo de 2025. Entre eles, a inaugura\u00e7\u00e3o de um Restaurante do Bem e de uma Casa da Pessoa Idosa, ambos na regi\u00e3o Noroeste.<\/p>\n\n\n\n<p>Realizada no Pa\u00e7o Municipal, a reuni\u00e3o visou fortalecer os la\u00e7os entre o governo estadual e municipal. Gracinha afirmou que essa colabora\u00e7\u00e3o m\u00fatua vai favorecer a amplia\u00e7\u00e3o das a\u00e7\u00f5es. \u201cO trabalho social \u00e9 feito em parceria com o munic\u00edpio. E \u00e9 uma alegria imensa podermos ampliar, aqui em Goi\u00e2nia, todos os programas que o Goi\u00e1s Social vem fazendo. Com o apoio da prefeitura, poderemos fazer muito mais\u201d, assegurou a primeira-dama.<\/p>\n\n\n\n<p>Uma das primeiras a\u00e7\u00f5es conjuntas ser\u00e1 a atualiza\u00e7\u00e3o do Cadastro \u00danico (Cad\u00danico) dos moradores de Goi\u00e2nia. Gracinha disse que essa revis\u00e3o de dados pode garantir que mais pessoas sejam beneficiadas com as iniciativas sociais do Estado. \u201cPodemos ampliar todos os programas, inclusive o M\u00e3es de Goi\u00e1s\u201d, exemplificou. A a\u00e7\u00e3o citada pela primeira-dama transfere R$ 300 mensais para mulheres, em situa\u00e7\u00e3o de extrema pobreza, com filhos de at\u00e9 seis anos. O recurso garante a seguran\u00e7a alimentar e oferece melhor qualidade de vida.<\/p>\n\n\n\n<p>Mabel enalteceu o Goi\u00e1s Social, iniciativa lan\u00e7ada durante a gest\u00e3o do governador Ronaldo Caiado, reconhecendo que trata-se \u201cdo maior e mais eficiente programa social do Brasil\u201d e que essa parceria vai render bons frutos para o cidad\u00e3o goianiense. \u201cO Governo de Goi\u00e1s est\u00e1 preocupado [com o Cad\u00danico]. Est\u00e1 incentivando, criando condi\u00e7\u00f5es e fazendo parcerias para intensificarmos a atualiza\u00e7\u00e3o do banco de dados\u201d, reconheceu ao garantir que esse trabalho j\u00e1 come\u00e7ou com o levantamento de dados das fam\u00edlias que buscaram vagas no ensino p\u00fablico municipal para 2025.<\/p>\n\n\n\n<p>O prefeito indicou que uma das prioridades neste in\u00edcio de mandato \u00e9 intensificar pol\u00edticas p\u00fablicas para atender pessoas em situa\u00e7\u00e3o de rua, e acenou apoio do governo estadual nesse sentido. \u201cN\u00e3o queremos nenhuma pessoa morando na rua. Vamos colocar em casa de acolhimento, comunidade terap\u00eautica. Os que querem retornar para os seus lares, vamos incentivar e dar condi\u00e7\u00f5es. Enfim, faremos um trabalho pesado em cima dessa quest\u00e3o\u201d, garantiu o gestor municipal.<\/p>\n\n\n\n<p><strong>Inaugura\u00e7\u00f5es<\/strong><br>O Governo de Goi\u00e1s prepara para o m\u00eas de outubro a inaugura\u00e7\u00e3o de um Restaurante do Bem na regi\u00e3o Noroeste da capital. Com capacidade para servir at\u00e9 1,2 mil pratos por dia, ao custo de R$ 2 cada, o espa\u00e7o ser\u00e1 climatizado, com rampas acess\u00edveis e banheiros PCD. A unidade funcionar\u00e1 de segunda a sexta-feira, das 10h30 \u00e0s 14h.<\/p>\n\n\n\n<p>J\u00e1 a Casa da Pessoa Idosa da Vila Mutir\u00e3o ser\u00e1 entregue no primeiro semestre deste ano. A estrutura contar\u00e1 com 24 unidades habitacionais mobiliadas e adaptadas \u00e0s necessidades dos futuros moradores. Tamb\u00e9m ter\u00e1 um Centro Comunit\u00e1rio; sala de artesanato e terapia ocupacional; sal\u00e3o de festas; refeit\u00f3rio; ambiente para atendimento de enfermaria, fisioterapia e educa\u00e7\u00e3o f\u00edsica; academia e piscina.<\/p>\n\n\n\n<p>A reuni\u00e3o contou com a participa\u00e7\u00e3o da primeira-dama de Goi\u00e2nia, Karolyna Freitas; da vice-prefeita Coronel Cl\u00e1udia; dos secret\u00e1rios estaduais C\u00e9sar Moura (Retomada) e Wellington Matos (Desenvolvimento Social); da diretora-geral da Organiza\u00e7\u00e3o das Volunt\u00e1rias de Goi\u00e1s, Adryanna Caiado; al\u00e9m das secret\u00e1rias municipais Sabrina Garcez (Governo) e Erizania Freitas (Pol\u00edticas Para as Mulheres, Assist\u00eancia Social e Direitos Humanos), e t\u00e9cnicos da \u00e1rea.<\/p>\n\n\n\n<p><strong>Secretaria de Comunica\u00e7\u00e3o &#8211; Governo de Goi\u00e1s<\/strong><\/p>\n","protected":false},"excerpt":{"rendered":"<p>Em parceria com a prefeitura, primeira-dama projeta amplia\u00e7\u00e3o dos programas sociais para fam\u00edlias em situa\u00e7\u00e3o de vulnerabilidade<\/p>\n","protected":false},"author":8,"featured_media":24603,"comment_status":"closed","ping_status":"closed","sticky":false,"template":"","format":"standard","meta":{"_acf_changed":false,"footnotes":""},"categories":[1],"tags":[],"class_list":["post-24602","post","type-post","status-publish","format-standard","has-post-thumbnail","hentry","category-noticias-ovg"],"acf":[],"_links":{"self":[{"href":"https:\/\/www.ovg.org.br\/site\/index.php?rest_route=\/wp\/v2\/posts\/24602","targetHints":{"allow":["GET"]}}],"collection":[{"href":"https:\/\/www.ovg.org.br\/site\/index.php?rest_route=\/wp\/v2\/posts"}],"about":[{"href":"https:\/\/www.ovg.org.br\/site\/index.php?rest_route=\/wp\/v2\/types\/post"}],"author":[{"embeddable":true,"href":"https:\/\/www.ovg.org.br\/site\/index.php?rest_route=\/wp\/v2\/users\/8"}],"replies":[{"embeddable":true,"href":"https:\/\/www.ovg.org.br\/site\/index.php?rest_route=%2Fwp%2Fv2%2Fcomments&post=24602"}],"version-history":[{"count":1,"href":"https:\/\/www.ovg.org.br\/site\/index.php?rest_route=\/wp\/v2\/posts\/24602\/revisions"}],"predecessor-version":[{"id":24604,"href":"https:\/\/www.ovg.org.br\/site\/index.php?rest_route=\/wp\/v2\/posts\/24602\/revisions\/24604"}],"wp:featuredmedia":[{"embeddable":true,"href":"https:\/\/www.ovg.org.br\/site\/index.php?rest_route=\/wp\/v2\/media\/24603"}],"wp:attachment":[{"href":"https:\/\/www.ovg.org.br\/site\/index.php?rest_route=%2Fwp%2Fv2%2Fmedia&parent=24602"}],"wp:term":[{"taxonomy":"category","embeddable":true,"href":"https:\/\/www.ovg.org.br\/site\/index.php?rest_route=%2Fwp%2Fv2%2Fcategories&post=24602"},{"taxonomy":"post_tag","embeddable":true,"href":"https:\/\/www.ovg.org.br\/site\/index.php?rest_route=%2Fwp%2Fv2%2Ftags&post=24602"}],"curies":[{"name":"wp","href":"https:\/\/api.w.org\/{rel}","templated":true}]}}