{"id":24826,"date":"2025-02-11T16:13:34","date_gmt":"2025-02-11T19:13:34","guid":{"rendered":"https:\/\/www.ovg.org.br\/site\/?p=24826"},"modified":"2025-02-11T16:13:35","modified_gmt":"2025-02-11T19:13:35","slug":"goias-social-probem-divulga-lista-final-de-bolsistas-para-2025-1","status":"publish","type":"post","link":"https:\/\/www.ovg.org.br\/site\/?p=24826","title":{"rendered":"Goi\u00e1s Social: ProBem divulga lista final de bolsistas para 2025\/1"},"content":{"rendered":"\n<p><strong>Elis\u00e2ngela Vieira<\/strong><\/p>\n\n\n\n<p>O Goi\u00e1s Social e a Organiza\u00e7\u00e3o das Volunt\u00e1rias de Goi\u00e1s (OVG) divulgaram nesta ter\u00e7a-feira (11\/2) o resultado final da sele\u00e7\u00e3o dos novos benefici\u00e1rios do Programa Bolsa Universit\u00e1ria (ProBem) para o semestre 2025\/01. A lista com os novos benefici\u00e1rios selecionados pode ser acessada no site da OVG (www.ovg.org.br\/probem).<\/p>\n\n\n\n<p>Foram ofertadas 4 mil bolsas: mil integrais (100%) e 3 mil parciais (50%) para estudantes em situa\u00e7\u00e3o de vulnerabilidade social de todo o Estado, com registro ativo e atualizado no Cadastro \u00danico para Programas Sociais do Governo Federal (Cad\u00danico).<\/p>\n\n\n\n<p>Os contemplados v\u00e3o receber o benef\u00edcio j\u00e1 no primeiro semestre deste ano (2025\/1), incluindo o valor da matr\u00edcula. Caso o benefici\u00e1rio j\u00e1 tenha pago a matr\u00edcula e ganhe a bolsa poder\u00e1 solicitar a faculdade o reembolso do valor ou da diferen\u00e7a, dependendo do tipo de bolsa.<\/p>\n\n\n\n<p>\u201cO ProBem \u00e9 para aquelas fam\u00edlias que sonham em estudar e n\u00e3o t\u00eam como pagar as mensalidades. Para que essas pessoas sejam beneficiadas de forma justa e transparente, usamos os dados do Cad\u00danico. \u00c9 assim que temos a certeza de que o benef\u00edcio \u00e9 destinado a quem realmente precisa\u201d, destaca a presidente de honra da OVG e coordenadora do Goi\u00e1s Social, primeira-dama Gracinha Caiado.<\/p>\n\n\n\n<p>Matr\u00edcula ativa<br>Para ter direito ao benef\u00edcio, \u00e9 necess\u00e1rio que o estudante esteja com matr\u00edcula ativa. A comprova\u00e7\u00e3o da regularidade ser\u00e1 feita mediante informa\u00e7\u00f5es prestadas pelas Institui\u00e7\u00f5es de Ensino Superior (IES) em sistema informatizado do ProBem, at\u00e9 o dia 28 de fevereiro.<\/p>\n\n\n\n<p>Caso a matr\u00edcula do estudante n\u00e3o seja confirmada pela IES at\u00e9 a data mencionada, o estudante perder\u00e1 o direito ao benef\u00edcio e a bolsa ir\u00e1 compor o saldo de vagas direcionadas aos pr\u00f3ximos classificados, conforme prev\u00ea o edital.<\/p>\n\n\n\n<p>Em caso de d\u00favidas, os estudantes podem entrar em contato com a Central de Relacionamento do ProBem, pelos telefones: (62) 3270-8500 (regi\u00e3o Metropolitana), 0800 062 9413 (interior) ou ainda pelo WhatsApp (62) 99641-6090. O atendimento \u00e9 de segunda a sexta-feira, das 8h \u00e0s 18h.<\/p>\n\n\n\n<p>O ProBem<br>Divididas entre parciais e integrais, as bolsas correspondem a 50% do valor da mensalidade, limitadas a R$ 650, ou a 100% do valor da mensalidade, limitadas a R$ 1.500. J\u00e1 as bolsas concedidas aos estudantes que cursam Medicina ou Odontologia t\u00eam seus limites maiores: R$ 2.900 para parciais e R$ 5.800 para integrais, uma vez que os valores das mensalidades desses cursos s\u00e3o superiores aos dos demais.<\/p>\n\n\n\n<p>Al\u00e9m da forma\u00e7\u00e3o acad\u00eamica, o ProBem tamb\u00e9m auxilia no encaminhamento ao mercado de trabalho. O Programa oferece oportunidades de est\u00e1gio, cursos de capacita\u00e7\u00e3o, participa\u00e7\u00e3o em projetos sociais e integra\u00e7\u00e3o ao mundo do trabalho por meio do Banco de Oportunidades. Em todo o estado, desde janeiro de 2019, j\u00e1 foram 46.411 estudantes beneficiados com a bolsa do ProBem.<\/p>\n\n\n\n<p><strong>Organiza\u00e7\u00e3o das Volunt\u00e1rias de Goi\u00e1s \u2013 Governo de Goi\u00e1s<\/strong><\/p>\n","protected":false},"excerpt":{"rendered":"<p>Programa oferece quatro mil bolsas para universit\u00e1rios em situa\u00e7\u00e3o de vulnerabilidade social. Lista dos classificados j\u00e1 est\u00e1 dispon\u00edvel no site da OVG<\/p>\n","protected":false},"author":8,"featured_media":24827,"comment_status":"closed","ping_status":"closed","sticky":false,"template":"","format":"standard","meta":{"_acf_changed":false,"footnotes":""},"categories":[1],"tags":[],"class_list":["post-24826","post","type-post","status-publish","format-standard","has-post-thumbnail","hentry","category-noticias-ovg"],"acf":[],"_links":{"self":[{"href":"https:\/\/www.ovg.org.br\/site\/index.php?rest_route=\/wp\/v2\/posts\/24826","targetHints":{"allow":["GET"]}}],"collection":[{"href":"https:\/\/www.ovg.org.br\/site\/index.php?rest_route=\/wp\/v2\/posts"}],"about":[{"href":"https:\/\/www.ovg.org.br\/site\/index.php?rest_route=\/wp\/v2\/types\/post"}],"author":[{"embeddable":true,"href":"https:\/\/www.ovg.org.br\/site\/index.php?rest_route=\/wp\/v2\/users\/8"}],"replies":[{"embeddable":true,"href":"https:\/\/www.ovg.org.br\/site\/index.php?rest_route=%2Fwp%2Fv2%2Fcomments&post=24826"}],"version-history":[{"count":1,"href":"https:\/\/www.ovg.org.br\/site\/index.php?rest_route=\/wp\/v2\/posts\/24826\/revisions"}],"predecessor-version":[{"id":24828,"href":"https:\/\/www.ovg.org.br\/site\/index.php?rest_route=\/wp\/v2\/posts\/24826\/revisions\/24828"}],"wp:featuredmedia":[{"embeddable":true,"href":"https:\/\/www.ovg.org.br\/site\/index.php?rest_route=\/wp\/v2\/media\/24827"}],"wp:attachment":[{"href":"https:\/\/www.ovg.org.br\/site\/index.php?rest_route=%2Fwp%2Fv2%2Fmedia&parent=24826"}],"wp:term":[{"taxonomy":"category","embeddable":true,"href":"https:\/\/www.ovg.org.br\/site\/index.php?rest_route=%2Fwp%2Fv2%2Fcategories&post=24826"},{"taxonomy":"post_tag","embeddable":true,"href":"https:\/\/www.ovg.org.br\/site\/index.php?rest_route=%2Fwp%2Fv2%2Ftags&post=24826"}],"curies":[{"name":"wp","href":"https:\/\/api.w.org\/{rel}","templated":true}]}}