{"id":24894,"date":"2025-02-19T11:29:55","date_gmt":"2025-02-19T14:29:55","guid":{"rendered":"https:\/\/www.ovg.org.br\/site\/?p=24894"},"modified":"2025-09-08T17:15:26","modified_gmt":"2025-09-08T20:15:26","slug":"goias-social-casa-do-interior-acolhe-simultaneamente-tres-casos-de-gemeas-siamesas","status":"publish","type":"post","link":"https:\/\/www.ovg.org.br\/site\/?p=24894","title":{"rendered":"Goi\u00e1s Social: Casa do Interior acolhe simultaneamente tr\u00eas casos de g\u00eameas siamesas"},"content":{"rendered":"\n<p class=\"has-text-align-center has-small-font-size\">Liliane Silva dos Santos, com as filhas Laura e La\u00eds, de 5 anos, de Pira\u00ed do Norte (BA)<\/p>\n\n\n\n<p><strong>Lucas Dellamare<\/strong><\/p>\n\n\n\n<p>Quando descobriu que estava gr\u00e1vida de g\u00eameas siamesas, Liliane Silva dos Santos, de Pira\u00ed do Norte (BA), enfrentou uma jornada repleta de incertezas. Ap\u00f3s o nascimento de Laura e La\u00eds em agosto de 2019, unidas pela bacia, a fam\u00edlia foi acolhida na Casa do Interior de Goi\u00e1s (Cigo), unidade do Governo do Estado, mantida pelo Goi\u00e1s Social e pela Organiza\u00e7\u00e3o das Volunt\u00e1rias de Goi\u00e1s (OVG).<\/p>\n\n\n\n<p>O local, que conta com 120 leitos e j\u00e1 realizou quase 23 mil atendimentos desde 2019, oferece hospedagem, alimenta\u00e7\u00e3o e suporte integral para pacientes do interior goiano e de outras regi\u00f5es do pa\u00eds que v\u00eam a Goi\u00e2nia para tratamentos m\u00e9dicos, tudo sem custo. A unidade j\u00e1 recebeu 13 casos de siameses e, atualmente, acolhe tr\u00eas casos simultaneamente.<\/p>\n\n\n\n<p>&#8220;A Casa do Interior de Goi\u00e1s \u00e9 mais do que um espa\u00e7o de acolhimento, \u00e9 um lugar de esperan\u00e7a, cuidado e dedica\u00e7\u00e3o. Aqui, acompanhamos hist\u00f3rias de supera\u00e7\u00e3o todos os dias, e o atendimento cont\u00ednuo \u00e0s g\u00eameas siamesas \u00e9 um exemplo do nosso compromisso com a vida e com as fam\u00edlias que mais precisam. Desde o primeiro momento, as equipes do Goi\u00e1s Social e da OVG t\u00eam se empenhado para oferecer suporte humanizado, garantindo conforto e toda a assist\u00eancia necess\u00e1ria durante todo o tratamento\u201d, enfatiza a coordenadora do Goi\u00e1s Social e presidente de honra da OVG, primeira-dama Gracinha Caiado.<\/p>\n\n\n\n<p>H\u00f3spedes recorrentes da Cigo desde o nascimento, Laura e La\u00eds, acompanhadas da m\u00e3e, Liliane, e da tia, Lina, recebem suporte cont\u00ednuo desde agosto de 2019, incluindo hospedagem, alimenta\u00e7\u00e3o e assist\u00eancia m\u00e9dica. A cirurgia de separa\u00e7\u00e3o ocorreu quando as meninas tinham 1 ano e 5 meses, marcando um novo cap\u00edtulo em suas vidas. &#8220;A OVG nos deu todo o apoio necess\u00e1rio, desde a doa\u00e7\u00e3o de f\u00f3rmula infantil at\u00e9 roupas personalizadas feitas pelas volunt\u00e1rias, enxoval e at\u00e9 um quarto exclusivo, com lact\u00e1rio, na \u00e9poca da pandemia&#8221;, relata Liliane Silva dos Santos, m\u00e3e das meninas. Atualmente, a fam\u00edlia retorna anualmente para avalia\u00e7\u00f5es m\u00e9dicas, sempre contando com o suporte o Goi\u00e1s Social e da OVG.<\/p>\n\n\n\n<p><strong>Ambiente acolhedor<\/strong><br>Mais recentemente, em novembro de 2024, Valdineia Satil Camargo Buiarski, de Buritis (RO), gr\u00e1vida de g\u00eameas siamesas unidas pelo tronco e abd\u00f4men, foi acolhida na Cigo com 33 semanas de gesta\u00e7\u00e3o. Acompanhada por sua m\u00e3e, Rosiane da Paix\u00e3o Satil Camargo, Valdineia recebeu cuidados especializados e participou de campanhas para arrecada\u00e7\u00e3o de enxoval, em parceria com o projeto Meninas de Luz da OVG. Hospedada na unidade \u00e0 espera do parto, ela deu \u00e0 luz Nathaly e Rhadassa no \u00faltimo dia 13 de fevereiro, em Goi\u00e2nia.<\/p>\n\n\n\n<p>Gracinha Caiado, que acompanha de perto cada um dos casos, destaca a import\u00e2ncia do servi\u00e7o oferecido pela Cigo. \u201cEstamos aqui para acolher, amparar e proporcionar um ambiente onde cada paciente e sua fam\u00edlia sintam-se em casa. Essa \u00e9 a miss\u00e3o da Cigo: ser um elo de apoio para quem mais precisa&#8221;.<\/p>\n\n\n\n<p><strong>Refer\u00eancia<\/strong><br>Goi\u00e1s tem se destacado como refer\u00eancia nacional no atendimento e cirurgia de separa\u00e7\u00e3o de g\u00eameos siameses. O estado j\u00e1 realizou procedimentos complexos de separa\u00e7\u00e3o, sendo um dos poucos no pa\u00eds com especialistas nesse tipo de cirurgia. O m\u00e9dico respons\u00e1vel pelos atendimentos, Dr. Zacharias Calil, acompanha de perto os casos, incluindo as tr\u00eas g\u00eameas siamesas que est\u00e3o atualmente na Casa do Interior de Goi\u00e1s, onde recebem suporte m\u00e9dico e acompanhamento cont\u00ednuo.<\/p>\n\n\n\n<p>\u201cAqui em Goi\u00e1s, a sobrevida de beb\u00eas siameses est\u00e1 acima da m\u00e9dia mundial, gra\u00e7as aos investimentos do Estado na cria\u00e7\u00e3o de uma estrutura de alto n\u00edvel, refer\u00eancia nacional. Como a maioria dos casos vem de outros estados, a humaniza\u00e7\u00e3o oferecida pela OVG, por meio da Casa do Interior, \u00e9 fundamental. A unidade facilita o acesso ao hospital e garante conforto, alimenta\u00e7\u00e3o de qualidade e atendimento multiprofissional, incluindo de psic\u00f3logos, durante todo o tratamento. Nenhum outro estado oferece esse suporte t\u00e3o importante\u201d, destaca o m\u00e9dico.<\/p>\n\n\n\n<p><strong>Casa do Interior de Goi\u00e1s<\/strong><br>Desde 2019, a Cigo j\u00e1 realizou quase 23 mil atendimentos, oferecendo 120 leitos de hospedagem, alimenta\u00e7\u00e3o e suporte integral para pacientes do interior do estado e de outras regi\u00f5es que v\u00eam a Goi\u00e2nia para tratamentos m\u00e9dicos. A unidade, administrada pela OVG e pelo Goi\u00e1s Social, atende gratuitamente pacientes e acompanhantes encaminhados por hospitais e \u00f3rg\u00e3os de sa\u00fade.<\/p>\n\n\n\n<p>Para ser acolhido na Cigo, \u00e9 necess\u00e1rio que o paciente esteja em tratamento m\u00e9dico na capital e seja encaminhado por meio de um hospital p\u00fablico, unidade de sa\u00fade ou Secretaria Municipal de Sa\u00fade. Al\u00e9m da hospedagem, os beneficiados recebem assist\u00eancia social, psicol\u00f3gica, nutricional e enfermagem, al\u00e9m de participarem de atividades socioeducativas que promovem bem-estar e fortalecimento emocional.<\/p>\n\n\n\n<p><strong>Organiza\u00e7\u00e3o das Volunt\u00e1rias de Goi\u00e1s \u2013 Governo de Goi\u00e1s<\/strong><\/p>\n","protected":false},"excerpt":{"rendered":"<p>Unidade tem sido um porto seguro para fam\u00edlias em busca de tratamento especializado na capital. Sob o comando da coordenadora do Goi\u00e1s Social e presidente de honra da OVG, primeira-dama Gracinha Caiado, institui\u00e7\u00e3o oferece apoio integral e humanizado<\/p>\n","protected":false},"author":4,"featured_media":27390,"comment_status":"closed","ping_status":"closed","sticky":false,"template":"","format":"standard","meta":{"_acf_changed":false,"footnotes":""},"categories":[1],"tags":[],"class_list":["post-24894","post","type-post","status-publish","format-standard","has-post-thumbnail","hentry","category-noticias-ovg"],"acf":[],"_links":{"self":[{"href":"https:\/\/www.ovg.org.br\/site\/index.php?rest_route=\/wp\/v2\/posts\/24894","targetHints":{"allow":["GET"]}}],"collection":[{"href":"https:\/\/www.ovg.org.br\/site\/index.php?rest_route=\/wp\/v2\/posts"}],"about":[{"href":"https:\/\/www.ovg.org.br\/site\/index.php?rest_route=\/wp\/v2\/types\/post"}],"author":[{"embeddable":true,"href":"https:\/\/www.ovg.org.br\/site\/index.php?rest_route=\/wp\/v2\/users\/4"}],"replies":[{"embeddable":true,"href":"https:\/\/www.ovg.org.br\/site\/index.php?rest_route=%2Fwp%2Fv2%2Fcomments&post=24894"}],"version-history":[{"count":3,"href":"https:\/\/www.ovg.org.br\/site\/index.php?rest_route=\/wp\/v2\/posts\/24894\/revisions"}],"predecessor-version":[{"id":27392,"href":"https:\/\/www.ovg.org.br\/site\/index.php?rest_route=\/wp\/v2\/posts\/24894\/revisions\/27392"}],"wp:featuredmedia":[{"embeddable":true,"href":"https:\/\/www.ovg.org.br\/site\/index.php?rest_route=\/wp\/v2\/media\/27390"}],"wp:attachment":[{"href":"https:\/\/www.ovg.org.br\/site\/index.php?rest_route=%2Fwp%2Fv2%2Fmedia&parent=24894"}],"wp:term":[{"taxonomy":"category","embeddable":true,"href":"https:\/\/www.ovg.org.br\/site\/index.php?rest_route=%2Fwp%2Fv2%2Fcategories&post=24894"},{"taxonomy":"post_tag","embeddable":true,"href":"https:\/\/www.ovg.org.br\/site\/index.php?rest_route=%2Fwp%2Fv2%2Ftags&post=24894"}],"curies":[{"name":"wp","href":"https:\/\/api.w.org\/{rel}","templated":true}]}}