{"id":24917,"date":"2025-02-21T16:39:38","date_gmt":"2025-02-21T19:39:38","guid":{"rendered":"https:\/\/www.ovg.org.br\/site\/?p=24917"},"modified":"2025-02-21T16:40:00","modified_gmt":"2025-02-21T19:40:00","slug":"goias-social-e-ovg-promovem-carnaval-para-jovens-e-idosos","status":"publish","type":"post","link":"https:\/\/www.ovg.org.br\/site\/?p=24917","title":{"rendered":"Goi\u00e1s Social e OVG promovem Carnaval para jovens e idosos"},"content":{"rendered":"\n<p><strong>Lucas Dellamare<\/strong><\/p>\n\n\n\n<p>O Governo de Goi\u00e1s, por meio do Goi\u00e1s Social e da Organiza\u00e7\u00e3o das Volunt\u00e1rias de Goi\u00e1s (OVG), prepara uma programa\u00e7\u00e3o de Carnaval para jovens e idosos, dos dias 22 a 27 de fevereiro, em unidades da capital. S\u00e3o elas o Centro da Juventude Tecendo o Futuro, que atende cerca de 800 jovens por m\u00eas; os Centros de Idosos Sagrada Fam\u00edlia e Vila Vida, que recebem 1,5 mil idosos por m\u00eas; e a Casa do Interior de Goi\u00e1s, que tem capacidade para 120 hospedes.<\/p>\n\n\n\n<p>&#8220;O Carnaval \u00e9 uma festa de inclus\u00e3o, alegria e uni\u00e3o. Nossa inten\u00e7\u00e3o \u00e9 garantir que tanto os jovens quanto os idosos tenham momentos de lazer e divers\u00e3o, promovendo bem-estar e integra\u00e7\u00e3o. Cada unidade da OVG \u00e9 um espa\u00e7o de acolhimento e queremos que todos aproveitem essa festa com muita anima\u00e7\u00e3o e seguran\u00e7a&#8221;, destaca a presidente de honra da OVG e coordenadora do Goi\u00e1s Social, primeira-dama Gracinha Caiado.<\/p>\n\n\n\n<p>Os eventos contar\u00e3o com bailes tem\u00e1ticos, concurso de fantasias, oficinas culturais e apresenta\u00e7\u00f5es musicais, sempre com um ambiente acolhedor e inclusivo, promovendo a socializa\u00e7\u00e3o e o fortalecimento dos v\u00ednculos entre os participantes.<\/p>\n\n\n\n<p>Para os idosos, a festividade traz benef\u00edcios como o fortalecimento da mem\u00f3ria, a melhora da coordena\u00e7\u00e3o motora e a valoriza\u00e7\u00e3o do conv\u00edvio social, fundamentais para um envelhecimento saud\u00e1vel. J\u00e1 para os jovens, o evento representa uma oportunidade de vivenciar o Carnaval de forma educativa e culturalmente enriquecedora, incentivando a socializa\u00e7\u00e3o e o trabalho em equipe.<\/p>\n\n\n\n<p><strong>Confira a programa\u00e7\u00e3o completa:<\/strong><\/p>\n\n\n\n<p><strong>Centro da Juventude Tecendo o Futuro \u2013 22\/2, \u00e0s 9h<br><\/strong>Endere\u00e7o: Avenida Crist\u00f3v\u00e3o Colombo com Rua Man\u00e1gua, s\/n, Jardim Novo Mundo<\/p>\n\n\n\n<p><strong>Centro de Idosos Sagrada Fam\u00edlia \u2013 25\/2, \u00e0s 14h<br><\/strong>Endere\u00e7o: Alameda do Contorno, n\u00ba 3.038, Jardim Bela Vista<\/p>\n\n\n\n<p><strong>Casa do Interior de Goi\u00e1s \u2013 26\/2, \u00e0s 14h30<br><\/strong>Endere\u00e7o: Rua R-03, n\u00ba 120, Setor Oeste<\/p>\n\n\n\n<p><strong>Centro de Idosos Vila Vida \u2013 27\/2, \u00e0s 13h<br><\/strong>Endere\u00e7o: Rua 267 com 270-A, Setor Coimbra<\/p>\n\n\n\n<p><strong>Organiza\u00e7\u00e3o das Volunt\u00e1rias de Goi\u00e1s (OVG) | Goi\u00e1s Social \u2013 Governo de Goi\u00e1s<\/strong><\/p>\n","protected":false},"excerpt":{"rendered":"<p>Programa\u00e7\u00e3o especial leva m\u00fasica, dan\u00e7a, concurso de fantasia e muita divers\u00e3o ao Centro da Juventude Tecendo o Futuro, aos Centros de Idosos Sagrada Fam\u00edlia e Vila Vida e \u00e0 Casa do Interior de Goi\u00e1s (Cigo), em Goi\u00e2nia<\/p>\n","protected":false},"author":8,"featured_media":24918,"comment_status":"closed","ping_status":"closed","sticky":false,"template":"","format":"standard","meta":{"_acf_changed":false,"footnotes":""},"categories":[1],"tags":[],"class_list":["post-24917","post","type-post","status-publish","format-standard","has-post-thumbnail","hentry","category-noticias-ovg"],"acf":[],"_links":{"self":[{"href":"https:\/\/www.ovg.org.br\/site\/index.php?rest_route=\/wp\/v2\/posts\/24917","targetHints":{"allow":["GET"]}}],"collection":[{"href":"https:\/\/www.ovg.org.br\/site\/index.php?rest_route=\/wp\/v2\/posts"}],"about":[{"href":"https:\/\/www.ovg.org.br\/site\/index.php?rest_route=\/wp\/v2\/types\/post"}],"author":[{"embeddable":true,"href":"https:\/\/www.ovg.org.br\/site\/index.php?rest_route=\/wp\/v2\/users\/8"}],"replies":[{"embeddable":true,"href":"https:\/\/www.ovg.org.br\/site\/index.php?rest_route=%2Fwp%2Fv2%2Fcomments&post=24917"}],"version-history":[{"count":2,"href":"https:\/\/www.ovg.org.br\/site\/index.php?rest_route=\/wp\/v2\/posts\/24917\/revisions"}],"predecessor-version":[{"id":24920,"href":"https:\/\/www.ovg.org.br\/site\/index.php?rest_route=\/wp\/v2\/posts\/24917\/revisions\/24920"}],"wp:featuredmedia":[{"embeddable":true,"href":"https:\/\/www.ovg.org.br\/site\/index.php?rest_route=\/wp\/v2\/media\/24918"}],"wp:attachment":[{"href":"https:\/\/www.ovg.org.br\/site\/index.php?rest_route=%2Fwp%2Fv2%2Fmedia&parent=24917"}],"wp:term":[{"taxonomy":"category","embeddable":true,"href":"https:\/\/www.ovg.org.br\/site\/index.php?rest_route=%2Fwp%2Fv2%2Fcategories&post=24917"},{"taxonomy":"post_tag","embeddable":true,"href":"https:\/\/www.ovg.org.br\/site\/index.php?rest_route=%2Fwp%2Fv2%2Ftags&post=24917"}],"curies":[{"name":"wp","href":"https:\/\/api.w.org\/{rel}","templated":true}]}}