{"id":24958,"date":"2025-02-27T09:03:38","date_gmt":"2025-02-27T12:03:38","guid":{"rendered":"https:\/\/www.ovg.org.br\/site\/?p=24958"},"modified":"2025-02-27T09:03:39","modified_gmt":"2025-02-27T12:03:39","slug":"caiado-e-gracinha-oficializam-inclusao-de-quase-4-mil-estudantes-ao-probem-2025","status":"publish","type":"post","link":"https:\/\/www.ovg.org.br\/site\/?p=24958","title":{"rendered":"Caiado e Gracinha oficializam inclus\u00e3o de quase 4 mil estudantes ao ProBem 2025"},"content":{"rendered":"\n<p class=\"has-text-align-center has-small-font-size\"><em>Ronaldo e Gracinha Caiado d\u00e3o boas-vindas aos novos universit\u00e1rios e chamam aten\u00e7\u00e3o para a capacidade de alcance do ProBem<\/em><\/p>\n\n\n\n<p>Quase 4 mil pessoas conquistaram bolsa de estudos via Programa Universit\u00e1rio do Bem (ProBem) no processo seletivo referente ao primeiro semestre de 2025. A inclus\u00e3o dos estudantes foi assinada pelo governador Ronaldo Caiado nesta quarta-feira (26\/2), durante solenidade no Centro de Conven\u00e7\u00f5es de Goi\u00e2nia. \u201cO investimento com maior capacidade de retorno que existe no mundo \u00e9 a educa\u00e7\u00e3o. E \u00e9 o que fazemos no Estado desde o ensino fundamental, passando pelo m\u00e9dio, profissionalizante e superior\u201d, frisou o chefe do Executivo goiano.<\/p>\n\n\n\n<p>Ao lado da primeira-dama e coordenadora do Goi\u00e1s Social, Gracinha Caiado, o governador deu as boas-vindas aos novos universit\u00e1rios e chamou aten\u00e7\u00e3o para a capacidade de alcance do ProBem. \u201cDos 246 munic\u00edpios goianos, tem representantes de 241 sendo beneficiados com a bolsa atualmente. \u00c9 a certeza de que, cada vez mais, a qualidade de vida est\u00e1 chegando ao interior\u201d, anunciou Caiado. O Estado investir\u00e1 R$ 173,4 milh\u00f5es no programa ao longo deste ano.<\/p>\n\n\n\n<p>\u201cCom a inclus\u00e3o dessa turma, ultrapassamos a impressionante marca de 50 mil beneficiados desde 2019. N\u00e3o s\u00e3o apenas diplomas, mas hist\u00f3rias de supera\u00e7\u00e3o, sonhos que se tornam realidade e, principalmente, fam\u00edlias que veem em seus filhos a chance de um futuro melhor\u201d, definiu a primeira-dama Gracinha Caiado. \u201cO ProBem representa muito mais que um programa que concede bolsas universit\u00e1rias. Estamos falando de uma pol\u00edtica p\u00fablica eficiente e estruturada que vem mudando o cen\u00e1rio da educa\u00e7\u00e3o do Estado\u201d, completou.<\/p>\n\n\n\n<p>Gerido pela Organiza\u00e7\u00e3o das Volunt\u00e1rias de Goi\u00e1s (OVG), o ProBem oferece a milhares de jovens em situa\u00e7\u00e3o de vulnerabilidade social a oportunidade de acesso \u00e0 primeira gradua\u00e7\u00e3o. S\u00e3o bolsas de estudos integrais ou parciais. As Institui\u00e7\u00f5es de Ensino Superior (IES) credenciadas s\u00e3o privadas ou p\u00fablicas n\u00e3o gratuitas localizadas em todo territ\u00f3rio goiano.<\/p>\n\n\n\n<p>Moradora de Trindade, Maria Silva foi contemplada com a bolsa integral no ano passado, cursa o 2\u00ba per\u00edodo de Enfermagem e esteve no evento para deixar uma mensagem aos calouros. \u201c\u00c9 a oportunidade que precisava para realizar meus sonhos e garantir o futuro. Meu desejo \u00e9 terminar a faculdade, trabalhar na \u00e1rea e incentivar outras pessoas a estudar tamb\u00e9m. O governo me mudou por completo. Como m\u00e3e, estudante e profissional que serei em breve\u201d, relatou a jovem que foi m\u00e3e na adolesc\u00eancia e, durante a gesta\u00e7\u00e3o, teve atendimento do Meninas de Luz \u2013 outro programa social do Estado, via OVG.<\/p>\n\n\n\n<p>O processo seletivo 2025\/1 selecionou 3.828 estudantes distribu\u00eddos em 105 cursos, sendo mil com acesso a bolsas integrais e, o restante, bolsa parcial. \u201c\u00c9 um programa que gera impacto na vida do estudante e de toda sua fam\u00edlia, pois ajuda a melhorar a renda e abre novas perspectivas para milhares de pessoas. Hoje, temos um processo seletivo justo, o valor das bolsas aumentou e passamos a investir na forma\u00e7\u00e3o humana e profissional dos estudantes\u201d, explicou a diretora-geral da OVG, Adryanna Caiado, sobre os avan\u00e7os do ProBem desde 2019.<\/p>\n\n\n\n<p>O vice-governador Daniel Vilela lembrou que, ao assumir o governo, Caiado precisou renegociar d\u00edvidas das gest\u00f5es anteriores junto \u00e0s institui\u00e7\u00f5es de ensino. \u201cMuitos alunos chegavam \u00e0 faculdade e n\u00e3o podiam mais assistir aula porque o governo estava inadimplente com a institui\u00e7\u00e3o. Caiado negociou o pagamento parcelado e iniciou um novo sistema. Acabou o problema e, hoje, temos um programa com credibilidade\u201d, afirmou.<\/p>\n\n\n\n<p><strong>Sobre o ProBem<\/strong><br>Para ter acesso ao ProBem, o universit\u00e1rio deve estar inscrito no Cadastro \u00danico (Cad\u00danico), do governo federal. Tamb\u00e9m \u00e9 necess\u00e1rio residir em Goi\u00e1s e ter v\u00ednculo com a Institui\u00e7\u00e3o de Ensino Superior (IES). Com a inclus\u00e3o dos bolsistas deste semestre, o Estado chega a 50.239 estudantes beneficiados desde 2019. J\u00e1 foram investidos mais de R$ 575 milh\u00f5es no programa.<\/p>\n\n\n\n<p>Al\u00e9m da bolsa de estudos, o ProBem oferece oportunidades de est\u00e1gio, cursos de capacita\u00e7\u00e3o, participa\u00e7\u00e3o em projetos sociais e integra\u00e7\u00e3o ao mundo do trabalho por meio do Banco de Oportunidades \u2013 ferramenta projetada para impulsionar o desenvolvimento profissional dos benefici\u00e1rios.<\/p>\n\n\n\n<p><strong>Secretaria de Estado de Comunica\u00e7\u00e3o &#8211; Secom<\/strong><\/p>\n\n\n\n<p><\/p>\n","protected":false},"excerpt":{"rendered":"<p>Iniciativa contempla jovens em situa\u00e7\u00e3o de vulnerabilidade com bolsas de estudo superior. Estado investir\u00e1 R$ 173,4 milh\u00f5es no programa este ano<\/p>\n","protected":false},"author":4,"featured_media":24959,"comment_status":"closed","ping_status":"closed","sticky":false,"template":"","format":"standard","meta":{"_acf_changed":false,"footnotes":""},"categories":[1],"tags":[],"class_list":["post-24958","post","type-post","status-publish","format-standard","has-post-thumbnail","hentry","category-noticias-ovg"],"acf":[],"_links":{"self":[{"href":"https:\/\/www.ovg.org.br\/site\/index.php?rest_route=\/wp\/v2\/posts\/24958","targetHints":{"allow":["GET"]}}],"collection":[{"href":"https:\/\/www.ovg.org.br\/site\/index.php?rest_route=\/wp\/v2\/posts"}],"about":[{"href":"https:\/\/www.ovg.org.br\/site\/index.php?rest_route=\/wp\/v2\/types\/post"}],"author":[{"embeddable":true,"href":"https:\/\/www.ovg.org.br\/site\/index.php?rest_route=\/wp\/v2\/users\/4"}],"replies":[{"embeddable":true,"href":"https:\/\/www.ovg.org.br\/site\/index.php?rest_route=%2Fwp%2Fv2%2Fcomments&post=24958"}],"version-history":[{"count":1,"href":"https:\/\/www.ovg.org.br\/site\/index.php?rest_route=\/wp\/v2\/posts\/24958\/revisions"}],"predecessor-version":[{"id":24960,"href":"https:\/\/www.ovg.org.br\/site\/index.php?rest_route=\/wp\/v2\/posts\/24958\/revisions\/24960"}],"wp:featuredmedia":[{"embeddable":true,"href":"https:\/\/www.ovg.org.br\/site\/index.php?rest_route=\/wp\/v2\/media\/24959"}],"wp:attachment":[{"href":"https:\/\/www.ovg.org.br\/site\/index.php?rest_route=%2Fwp%2Fv2%2Fmedia&parent=24958"}],"wp:term":[{"taxonomy":"category","embeddable":true,"href":"https:\/\/www.ovg.org.br\/site\/index.php?rest_route=%2Fwp%2Fv2%2Fcategories&post=24958"},{"taxonomy":"post_tag","embeddable":true,"href":"https:\/\/www.ovg.org.br\/site\/index.php?rest_route=%2Fwp%2Fv2%2Ftags&post=24958"}],"curies":[{"name":"wp","href":"https:\/\/api.w.org\/{rel}","templated":true}]}}