{"id":24989,"date":"2025-03-06T14:39:20","date_gmt":"2025-03-06T17:39:20","guid":{"rendered":"https:\/\/www.ovg.org.br\/site\/?p=24989"},"modified":"2025-03-06T14:42:30","modified_gmt":"2025-03-06T17:42:30","slug":"carnaval-para-todos-goias-social-leva-alegria-e-inclusao-para-as-unidades-da-ovg","status":"publish","type":"post","link":"https:\/\/www.ovg.org.br\/site\/?p=24989","title":{"rendered":"Carnaval para todos: Goi\u00e1s Social leva alegria e inclus\u00e3o para as unidades da OVG"},"content":{"rendered":"\n<p class=\"has-text-align-center has-small-font-size\"><em>Folia no Centro de Idosos Sagrada Fam\u00edlia, com marchinhas e fantasias<\/em><\/p>\n\n\n\n<p>O Governo do Estado, por meio do Goi\u00e1s Social e da Organiza\u00e7\u00e3o das Volunt\u00e1rias de Goi\u00e1s (OVG), realizou um Carnaval Inclusivo, entre os dias 22 a 27 de fevereiro, no Centro da Juventude Tecendo o Futuro, Casa do Interior de Goi\u00e1s (Cigo) e nos Centros de Idosos Sagrada Fam\u00edlia e Vila Vida. O evento trouxe momentos de divers\u00e3o para adolescentes e idosos, com m\u00fasica, fantasias, brincadeiras, lanche e marchinhas. A programa\u00e7\u00e3o proporcionou uma experi\u00eancia carnavalesca acolhedora e acess\u00edvel aos benefici\u00e1rios.&nbsp;<\/p>\n\n\n\n<p>\u2018\u2019Nosso compromisso com o Goi\u00e1s Social e a OVG, \u00e9 garantir que todos tenham momentos especiais, seja na juventude ou na terceira idade. Essa programa\u00e7\u00e3o foi pensada com muito carinho para fortalecer e promover o bem-estar para aqueles que mais precisam\u2019\u2019, comenta a presidente de honra da OVG e coordenadora do Goi\u00e1s Social, primeira-dama Gracinha Caiado.&nbsp;<\/p>\n\n\n\n<p>Para Maria Wanda Bernardes, de 58 anos, benefici\u00e1ria da OVG, a festividade foi uma experi\u00eancia \u00fanica. \u201cUma maravilha, n\u00e9? Um Carnaval inclusivo como esse \u00e9 muito especial porque ajuda a gente a sair da rotina dos tratamentos do dia a dia. \u00c9 um momento de alegria, de distra\u00e7\u00e3o, que faz muito bem para todos n\u00f3s. O que eu mais gostei foi ver todo mundo reunido, as fantasias, as crian\u00e7as participando, o lanche\u2026 Nem sempre conseguimos ter todos juntos assim, ent\u00e3o \u00e9 uma ocasi\u00e3o muito especial\u201d.<\/p>\n\n\n\n<p>Na Casa do Interior de Goi\u00e1s (Cigo), que recebe pessoas de diversas cidades do Estado para tratamento de sa\u00fade na Capital, a festividade proporcionou intera\u00e7\u00e3o para os h\u00f3spedes e divers\u00e3o para os que estavam presentes. \u201cAchei uma iniciativa muito boa porque, para n\u00f3s, que estamos aqui para tratamento, esses momentos de lazer fazem toda a diferen\u00e7a. \u00c9 uma oportunidade de esquecer um pouco a rotina, se distrair, interagir com outras pessoas e aproveitar a festa. Esse tipo de evento traz alegria e deixa a gente mais leve\u201d, comenta Edileusa Aparecida de Lima, de 49 anos, h\u00f3spede da Cigo.<\/p>\n\n\n\n<p>No Centro da Juventude Tecendo o Futuro, que atende cerca de 800 jovens por m\u00eas, a a\u00e7\u00e3o teve um car\u00e1ter educativo e cultural, promovendo integra\u00e7\u00e3o por meio da dan\u00e7a e da m\u00fasica. J\u00e1 nos Centros de Idosos Sagrada Fam\u00edlia e Vila Vida, o evento trouxe momentos especiais para a terceira idade, com intera\u00e7\u00e3o e alegria entre eles.<\/p>\n\n\n\n<figure class=\"wp-block-image size-large\"><img loading=\"lazy\" decoding=\"async\" width=\"1024\" height=\"683\" src=\"https:\/\/www.ovg.org.br\/site\/wp-content\/uploads\/2025\/03\/DSC00001-1024x683.jpg\" alt=\"\" class=\"wp-image-24993\" srcset=\"https:\/\/www.ovg.org.br\/site\/wp-content\/uploads\/2025\/03\/DSC00001-1024x683.jpg 1024w, https:\/\/www.ovg.org.br\/site\/wp-content\/uploads\/2025\/03\/DSC00001-300x200.jpg 300w, https:\/\/www.ovg.org.br\/site\/wp-content\/uploads\/2025\/03\/DSC00001-768x512.jpg 768w, https:\/\/www.ovg.org.br\/site\/wp-content\/uploads\/2025\/03\/DSC00001-1536x1024.jpg 1536w, https:\/\/www.ovg.org.br\/site\/wp-content\/uploads\/2025\/03\/DSC00001-2048x1365.jpg 2048w\" sizes=\"auto, (max-width: 1024px) 100vw, 1024px\" \/><\/figure>\n\n\n\n<p class=\"has-text-align-center has-small-font-size\">Adolescentes do Tecendo o Futuro participam de brincadeiras e din\u00e2micas em momento de divers\u00e3o<\/p>\n\n\n\n<p>Ao oferecer momentos de lazer para todas as idades, com m\u00fasica, fantasias, marchinhas e lanches, as unidades refor\u00e7am a import\u00e2ncia do conv\u00edvio social e da qualidade de vida aos benefici\u00e1rios. &#8220;Eventos como este s\u00e3o fundamentais para fortalecer os la\u00e7os comunit\u00e1rios e garantir que todos, independente da sua faixa et\u00e1ria ou condi\u00e7\u00e3o, se sintam acolhidos e valorizados. Vamos continuar trabalhando para que todos se sintam parte dessa grande fam\u00edlia que \u00e9 o nosso estado\u2019\u2019, afirma Gracinha Caiado.<\/p>\n\n\n\n<p><strong>Organiza\u00e7\u00e3o das Volunt\u00e1rias de Goi\u00e1s (OVG) | Goi\u00e1s Social \u2013 Governo de Goi\u00e1s<\/strong><\/p>\n","protected":false},"excerpt":{"rendered":"<p>Governo de Goi\u00e1s, Goi\u00e1s Social e a OVG promoveram, na \u00faltima semana, programa\u00e7\u00e3o com m\u00fasica, marchinhas, bingo, brincadeiras e lanches<\/p>\n","protected":false},"author":4,"featured_media":24990,"comment_status":"closed","ping_status":"closed","sticky":false,"template":"","format":"standard","meta":{"_acf_changed":false,"footnotes":""},"categories":[1],"tags":[],"class_list":["post-24989","post","type-post","status-publish","format-standard","has-post-thumbnail","hentry","category-noticias-ovg"],"acf":[],"_links":{"self":[{"href":"https:\/\/www.ovg.org.br\/site\/index.php?rest_route=\/wp\/v2\/posts\/24989","targetHints":{"allow":["GET"]}}],"collection":[{"href":"https:\/\/www.ovg.org.br\/site\/index.php?rest_route=\/wp\/v2\/posts"}],"about":[{"href":"https:\/\/www.ovg.org.br\/site\/index.php?rest_route=\/wp\/v2\/types\/post"}],"author":[{"embeddable":true,"href":"https:\/\/www.ovg.org.br\/site\/index.php?rest_route=\/wp\/v2\/users\/4"}],"replies":[{"embeddable":true,"href":"https:\/\/www.ovg.org.br\/site\/index.php?rest_route=%2Fwp%2Fv2%2Fcomments&post=24989"}],"version-history":[{"count":2,"href":"https:\/\/www.ovg.org.br\/site\/index.php?rest_route=\/wp\/v2\/posts\/24989\/revisions"}],"predecessor-version":[{"id":24994,"href":"https:\/\/www.ovg.org.br\/site\/index.php?rest_route=\/wp\/v2\/posts\/24989\/revisions\/24994"}],"wp:featuredmedia":[{"embeddable":true,"href":"https:\/\/www.ovg.org.br\/site\/index.php?rest_route=\/wp\/v2\/media\/24990"}],"wp:attachment":[{"href":"https:\/\/www.ovg.org.br\/site\/index.php?rest_route=%2Fwp%2Fv2%2Fmedia&parent=24989"}],"wp:term":[{"taxonomy":"category","embeddable":true,"href":"https:\/\/www.ovg.org.br\/site\/index.php?rest_route=%2Fwp%2Fv2%2Fcategories&post=24989"},{"taxonomy":"post_tag","embeddable":true,"href":"https:\/\/www.ovg.org.br\/site\/index.php?rest_route=%2Fwp%2Fv2%2Ftags&post=24989"}],"curies":[{"name":"wp","href":"https:\/\/api.w.org\/{rel}","templated":true}]}}