{"id":25094,"date":"2025-03-13T15:30:59","date_gmt":"2025-03-13T18:30:59","guid":{"rendered":"https:\/\/www.ovg.org.br\/site\/?p=25094"},"modified":"2025-03-13T15:31:00","modified_gmt":"2025-03-13T18:31:00","slug":"gracinha-caiado-anuncia-pagamento-do-cofinanciamento-2025-na-abertura-do-1o-encontro-de-gestores-e-trabalhadores-da-assistencia-social","status":"publish","type":"post","link":"https:\/\/www.ovg.org.br\/site\/?p=25094","title":{"rendered":"Gracinha Caiado anuncia pagamento do Cofinanciamento 2025 na abertura do 1\u00ba Encontro de Gestores e Trabalhadores da Assist\u00eancia Social"},"content":{"rendered":"\n<p class=\"has-text-align-center has-small-font-size\">Gracinha Caiado participou da abertura do 1\u00ba Encontro de Gestores e Trabalhadores da Assist\u00eancia Social de Goi\u00e1s: \u201cEstado faz sua parte, chegou a hora de cobrar mais empenho do governo federal\u201d<\/p>\n\n\n\n<p>A coordenadora do Goi\u00e1s Social, primeira-dama Gracinha Caiado, realizou nesta quinta-feira (13\/3), a abertura do 1\u00ba Encontro de Gestores e Trabalhadores da Assist\u00eancia Social de Goi\u00e1s. Durante o evento, ela anunciou que, na pr\u00f3xima semana, o governador Ronaldo Caiado far\u00e1 o pagamento do Cofinanciamento Estadual da Assist\u00eancia Social, recurso estadual repassado \u00e0s prefeituras para ser usado na \u00e1rea social de cada munic\u00edpio. \u201cNo governo Ronaldo Caiado, o Cofinanciamento deixou de ser uma pe\u00e7a de fic\u00e7\u00e3o e o melhor: hoje os gestores municipais t\u00eam total liberdade para decidir como usar esse recurso. Na semana que vem n\u00f3s vamos autorizar o pagamento de 2025\u201d, anunciou.<\/p>\n\n\n\n<p>Promovido pelo Goi\u00e1s Social, o 1\u00ba Encontro de Gestores e Trabalhadores da Assist\u00eancia Social de Goi\u00e1s re\u00fane representantes dos 246 munic\u00edpios goianos, incluindo prefeitos, primeiras-damas, secret\u00e1rios de assist\u00eancia social e profissionais da \u00e1rea, no audit\u00f3rio da Assembleia Legislativa de Goi\u00e1s (Alego), em Goi\u00e2nia. O objetivo \u00e9 fortalecer a gest\u00e3o da assist\u00eancia social no estado, aprimorar a execu\u00e7\u00e3o de servi\u00e7os e benef\u00edcios, al\u00e9m de promover a troca de experi\u00eancias entre os gestores e trabalhadores do Sistema \u00danico de Assist\u00eancia Social (Suas).<\/p>\n\n\n\n<p>Gracinha Caiado participou do painel de abertura do evento, com o tema \u201cGoi\u00e1s Social: o que \u00e9 e seus principais programas e a\u00e7\u00f5es\u201d. Durante o evento, a primeira-dama, que tamb\u00e9m \u00e9 presidente de honra da OVG, falou sobre o impacto do programa na melhoria da qualidade de vida das fam\u00edlias em situa\u00e7\u00e3o de vulnerabilidade social em Goi\u00e1s. &#8220;A assist\u00eancia social \u00e9 fundamental para se romper o ciclo da pobreza. O governador Ronaldo Caiado \u00e9 um apaixonado pelo Goi\u00e1s Social, e eu tamb\u00e9m. Somos o estado que mais tirou pessoas da situa\u00e7\u00e3o de pobreza no Brasil&#8221;, pontuou ela.<\/p>\n\n\n\n<p>&#8220;Caiado recebeu um governo em que at\u00e9 a folha de pagamento dos servidores estava atrasada. E o Estado n\u00e3o mudou. \u00c9 o mesmo, com os mesmos potenciais. O que houve foi uma mudan\u00e7a cultural e a implementa\u00e7\u00e3o de uma pol\u00edtica com \u00e9tica, em que os recursos s\u00e3o utilizados de forma adequada&#8221;, afirmou o vice-governador Daniel Vilela. A diretora-geral da OVG, Adryanna Caiado, refor\u00e7ou: \u201cHoje, todos os 246 munic\u00edpios goianos s\u00e3o atendidos pelo Governo de Goi\u00e1s e pela OVG. Nos \u00faltimos seis anos foram 30 milh\u00f5es de atendimentos realizados. O crescimento no total de benef\u00edcios concedidos foi de 3.400%&#8221;.<\/p>\n\n\n\n<p>Anfitri\u00e3o do evento, o presidente da Assembleia Legislativa, Bruno Peixoto, declarou que Goi\u00e1s \u00e9 refer\u00eancia em seguran\u00e7a p\u00fablica e em projetos sociais com resultados positivos. \u201cCaiado e Gracinha fazem um trabalho de excel\u00eancia e merecem reconhecimento\u201d, disse ele. O secret\u00e1rio de Estado de Desenvolvimento Social, Wellington Matos, tamb\u00e9m destacou que Goi\u00e1s \u00e9 o estado que mais avan\u00e7a no combate \u00e0s desigualdades sociais e na redu\u00e7\u00e3o da pobreza. \u201cIsso \u00e9 fruto de um planejamento meticuloso e do esfor\u00e7o conjunto do governo junto dos profissionais da assist\u00eancia social que atuam diretamente nos munic\u00edpios&#8221;, acrescentou.<\/p>\n\n\n\n<p><strong>Programa\u00e7\u00e3o<\/strong><br>A programa\u00e7\u00e3o do 1\u00ba Encontro de Gestores e Trabalhadores da Assist\u00eancia Social de Goi\u00e1s segue at\u00e9 sexta-feira (14\/3), englobando pain\u00e9is tem\u00e1ticos com especialistas que abordam temas essenciais como a pol\u00edtica de assist\u00eancia social, o Cadastro \u00danico (Cad\u00danico), o papel dos Centros de Refer\u00eancia de Assist\u00eancia Social (Cras) e a viola\u00e7\u00e3o de direitos nos munic\u00edpios. Cerca de 900 gestores participam do encontro.<\/p>\n\n\n\n<p><strong>Cobran\u00e7a<\/strong><br>A coordenadora do Goi\u00e1s Social, Gracinha Caiado, cobrou do governo federal e do Congresso Nacional celeridade na elabora\u00e7\u00e3o de uma Proposta de Emenda Constitucional (PEC) para a \u00e1rea. &#8220;Passou de o momento do Congresso aprovar 1% da Receita Federal para o Suas. Temos de pressionar nossos deputados e senadores. Sem recursos, n\u00e3o temos trabalhadores motivados, qualificados, al\u00e9m de estrutura e equipamentos de qualidade. O Governo de Goi\u00e1s faz sua parte, chegou a hora de cobrar mais empenho do governo federal&#8221;.<\/p>\n\n\n\n<p>O 1\u00ba Encontro de Gestores e Trabalhadores da Assist\u00eancia Social de Goi\u00e1s tem a parceria da Assembleia Legislativa do Estado de Goi\u00e1s (Alego), da Associa\u00e7\u00e3o Goiana de Munic\u00edpios (AGM), da Federa\u00e7\u00e3o Goiana de Munic\u00edpios (FGM) e do Colegiado Estadual de Gestores Municipais de Assist\u00eancia Social de Goi\u00e1s (Coegemas-GO).<\/p>\n\n\n\n<p><strong>Secretaria de Comunica\u00e7\u00e3o &#8211; Governo de Goi\u00e1s<\/strong><\/p>\n","protected":false},"excerpt":{"rendered":"<p>Ao abrir evento com representantes dos 246 munic\u00edpios goianos, coordenadora do Goi\u00e1s Social tamb\u00e9m cobrou que Uni\u00e3o e Congresso destinem mais recursos para a \u00e1rea<\/p>\n","protected":false},"author":4,"featured_media":25095,"comment_status":"closed","ping_status":"closed","sticky":false,"template":"","format":"standard","meta":{"_acf_changed":false,"footnotes":""},"categories":[1],"tags":[],"class_list":["post-25094","post","type-post","status-publish","format-standard","has-post-thumbnail","hentry","category-noticias-ovg"],"acf":[],"_links":{"self":[{"href":"https:\/\/www.ovg.org.br\/site\/index.php?rest_route=\/wp\/v2\/posts\/25094","targetHints":{"allow":["GET"]}}],"collection":[{"href":"https:\/\/www.ovg.org.br\/site\/index.php?rest_route=\/wp\/v2\/posts"}],"about":[{"href":"https:\/\/www.ovg.org.br\/site\/index.php?rest_route=\/wp\/v2\/types\/post"}],"author":[{"embeddable":true,"href":"https:\/\/www.ovg.org.br\/site\/index.php?rest_route=\/wp\/v2\/users\/4"}],"replies":[{"embeddable":true,"href":"https:\/\/www.ovg.org.br\/site\/index.php?rest_route=%2Fwp%2Fv2%2Fcomments&post=25094"}],"version-history":[{"count":1,"href":"https:\/\/www.ovg.org.br\/site\/index.php?rest_route=\/wp\/v2\/posts\/25094\/revisions"}],"predecessor-version":[{"id":25099,"href":"https:\/\/www.ovg.org.br\/site\/index.php?rest_route=\/wp\/v2\/posts\/25094\/revisions\/25099"}],"wp:featuredmedia":[{"embeddable":true,"href":"https:\/\/www.ovg.org.br\/site\/index.php?rest_route=\/wp\/v2\/media\/25095"}],"wp:attachment":[{"href":"https:\/\/www.ovg.org.br\/site\/index.php?rest_route=%2Fwp%2Fv2%2Fmedia&parent=25094"}],"wp:term":[{"taxonomy":"category","embeddable":true,"href":"https:\/\/www.ovg.org.br\/site\/index.php?rest_route=%2Fwp%2Fv2%2Fcategories&post=25094"},{"taxonomy":"post_tag","embeddable":true,"href":"https:\/\/www.ovg.org.br\/site\/index.php?rest_route=%2Fwp%2Fv2%2Ftags&post=25094"}],"curies":[{"name":"wp","href":"https:\/\/api.w.org\/{rel}","templated":true}]}}