{"id":25115,"date":"2025-03-14T13:21:00","date_gmt":"2025-03-14T16:21:00","guid":{"rendered":"https:\/\/www.ovg.org.br\/site\/?p=25115"},"modified":"2025-03-14T13:21:01","modified_gmt":"2025-03-14T16:21:01","slug":"gracinha-caiado-destaca-entregas-do-governo-de-goias-no-mes-da-mulher-mostramos-respeito-por-elas","status":"publish","type":"post","link":"https:\/\/www.ovg.org.br\/site\/?p=25115","title":{"rendered":"Gracinha Caiado destaca entregas do Governo de Goi\u00e1s no M\u00eas da Mulher: \u201cMostramos respeito por elas\u201d"},"content":{"rendered":"\n<p class=\"has-text-align-center has-small-font-size\">Gracinha Caiado visita a estrutura do Goi\u00e1s Social Mulher no \u00faltimo dia do evento na Pra\u00e7a C\u00edvica: \u201cEstamos mostrando \u00e0 mulher o respeito que o Governo de Goi\u00e1s tem por elas\u201d<\/p>\n\n\n\n<p>A coordenadora do Goi\u00e1s Social e presidente de honra da Organiza\u00e7\u00e3o das Volunt\u00e1rias de Goi\u00e1s (OVG), primeira-dama Gracinha Caiado, acompanhou os trabalhos do Goi\u00e1s Social Mulher na Pra\u00e7a C\u00edvica, em Goi\u00e2nia, na manh\u00e3 desta sexta-feira (14\/3). Ela fez um balan\u00e7o preliminar da a\u00e7\u00e3o, ressaltando que cerca de 90 mil pessoas passaram pelo local e mais de 160 mil atendimentos foram realizados at\u00e9 a quinta-feira (13). A expectativa \u00e9 que os n\u00fameros da edi\u00e7\u00e3o de 2025 superem a do ano passado. \u201cO m\u00eas da mulher \u00e9 uma \u00e9poca de celebra\u00e7\u00e3o, sim. Mas, acima de tudo, \u00e9 uma \u00e9poca de entrega, de mostrar \u00e0 mulher o respeito que o Governo de Goi\u00e1s tem por elas\u201d, afirmou Gracinha.<\/p>\n\n\n\n<p>O Goi\u00e1s Social Mulher teve in\u00edcio na \u00faltima segunda-feira (10\/3) e segue at\u00e9 as 17 horas desta sexta. A estrutura oferece mais de 40 servi\u00e7os gratuitos ofertados por 18 \u00f3rg\u00e3os estaduais e parceiros. Entre os servi\u00e7os disponibilizados est\u00e3o a entrega de cart\u00f5es de benef\u00edcios sociais, emiss\u00e3o de carteira de identidade, inscri\u00e7\u00f5es para cursos profissionalizantes, vagas de emprego e atendimento multifuncional pelo Vapt Vupt.<\/p>\n\n\n\n<p>Apenas nos primeiros quatro dias de Goi\u00e1s Social Mulher na Pra\u00e7a C\u00edvica j\u00e1 foram contabilizados cerca de 3 mil atendimentos de oftalmologia. O servi\u00e7o tem a parceria do Centro de Refer\u00eancia em Oftalmologia (Cerof), ligado \u00e0 Universidade Federal de Goi\u00e1s (UFG). Gracinha Caiado fez uma men\u00e7\u00e3o especial ao m\u00e9dico Marcos \u00c1vila, presidente do conselho administrativo do Cerof. \u201c\u00c9 uma das maiores refer\u00eancias em oftalmologia do mundo e est\u00e1 aqui fazendo exames pessoalmente\u201d, exaltou ela, agradecendo o empenho pessoal do m\u00e9dico.<\/p>\n\n\n\n<p>&#8220;Trouxemos 10 mil vagas para c\u00e1. Desde segunda-feira, j\u00e1 s\u00e3o 460 pessoas que sa\u00edram empregadas daqui. Damos suporte para a pessoa fazer a entrevista no local, temos salas individualizadas e ajudamos a fazer curr\u00edculo\u201d, relatou o Secret\u00e1rio da Retomada, C\u00e9sar Moura, que tamb\u00e9m destacou a acessibilidade dos cursos e a conveni\u00eancia do evento. &#8220;A facilidade do Goi\u00e1s Social \u00e9 que re\u00fane todas as coisas aqui. A gente entende a vulnerabilidade, a dificuldade da pessoa, e ela consegue acessar essa vaga.\u201d<\/p>\n\n\n\n<p><strong>Balan\u00e7o preliminar<\/strong><br>Ainda durante o evento, a Secretaria de Estado de Desenvolvimento Social (Seds) entregou aproximadamente 6,5 mil cart\u00f5es do M\u00e3e de Goi\u00e1s. A Defensoria P\u00fablica de Goi\u00e1s realizou cerca de mil atendimentos. A Ind\u00fastria Qu\u00edmica do Estado de Goi\u00e1s (Iquego) contabilizou 300 atendimentos por dia, entre aferi\u00e7\u00e3o de press\u00e3o e de glicose. E a Pol\u00edcia Civil, por sua vez, forneceu 800 carteiras de identidade no modelo nacional.<\/p>\n\n\n\n<p>Parceira do Governo de Goi\u00e1s, a Prefeitura de Goi\u00e2nia est\u00e1 empenhada no aumento da cobertura do Cadastro \u00danico, segundo a vice-prefeita, Cl\u00e1udia Lira. \u201cIniciamos a gest\u00e3o muito abaixo do esperado, que s\u00e3o os 80%, mas n\u00f3s j\u00e1 avan\u00e7amos muito. E aqui no Goi\u00e1s Social Mulher, temos um estande focado no aumento, para que as pessoas cadastradas possam ter acesso aos programas do Goi\u00e1s Social. Ent\u00e3o \u00e9 a primeira porta que se abre\u201d, salientou.<\/p>\n\n\n\n<p>Nos dias 20, 21 e 22 de mar\u00e7o, Aparecida de Goi\u00e2nia recebe o Goi\u00e1s Social Mulher. O evento acontecer\u00e1 na Avenida Bougainville, Residencial Cara\u00edbas, tamb\u00e9m com uma s\u00e9rie de atendimentos do programa.<\/p>\n\n\n\n<p><strong>Secretaria de Comunica\u00e7\u00e3o &#8211; Governo de Goi\u00e1s<\/strong><\/p>\n","protected":false},"excerpt":{"rendered":"<p>Edi\u00e7\u00e3o de 2025 do Goi\u00e1s Social Mulher na Pra\u00e7a C\u00edvica, em Goi\u00e2nia, deve superar n\u00famero de atendimentos do ano passado. Mais de 90 mil pessoas j\u00e1 passaram pela estrutura<\/p>\n","protected":false},"author":4,"featured_media":25116,"comment_status":"closed","ping_status":"closed","sticky":false,"template":"","format":"standard","meta":{"_acf_changed":false,"footnotes":""},"categories":[1],"tags":[],"class_list":["post-25115","post","type-post","status-publish","format-standard","has-post-thumbnail","hentry","category-noticias-ovg"],"acf":[],"_links":{"self":[{"href":"https:\/\/www.ovg.org.br\/site\/index.php?rest_route=\/wp\/v2\/posts\/25115","targetHints":{"allow":["GET"]}}],"collection":[{"href":"https:\/\/www.ovg.org.br\/site\/index.php?rest_route=\/wp\/v2\/posts"}],"about":[{"href":"https:\/\/www.ovg.org.br\/site\/index.php?rest_route=\/wp\/v2\/types\/post"}],"author":[{"embeddable":true,"href":"https:\/\/www.ovg.org.br\/site\/index.php?rest_route=\/wp\/v2\/users\/4"}],"replies":[{"embeddable":true,"href":"https:\/\/www.ovg.org.br\/site\/index.php?rest_route=%2Fwp%2Fv2%2Fcomments&post=25115"}],"version-history":[{"count":1,"href":"https:\/\/www.ovg.org.br\/site\/index.php?rest_route=\/wp\/v2\/posts\/25115\/revisions"}],"predecessor-version":[{"id":25117,"href":"https:\/\/www.ovg.org.br\/site\/index.php?rest_route=\/wp\/v2\/posts\/25115\/revisions\/25117"}],"wp:featuredmedia":[{"embeddable":true,"href":"https:\/\/www.ovg.org.br\/site\/index.php?rest_route=\/wp\/v2\/media\/25116"}],"wp:attachment":[{"href":"https:\/\/www.ovg.org.br\/site\/index.php?rest_route=%2Fwp%2Fv2%2Fmedia&parent=25115"}],"wp:term":[{"taxonomy":"category","embeddable":true,"href":"https:\/\/www.ovg.org.br\/site\/index.php?rest_route=%2Fwp%2Fv2%2Fcategories&post=25115"},{"taxonomy":"post_tag","embeddable":true,"href":"https:\/\/www.ovg.org.br\/site\/index.php?rest_route=%2Fwp%2Fv2%2Ftags&post=25115"}],"curies":[{"name":"wp","href":"https:\/\/api.w.org\/{rel}","templated":true}]}}