{"id":25164,"date":"2025-03-19T14:37:08","date_gmt":"2025-03-19T17:37:08","guid":{"rendered":"https:\/\/www.ovg.org.br\/site\/?p=25164"},"modified":"2025-03-19T14:37:09","modified_gmt":"2025-03-19T17:37:09","slug":"goias-social-mulher-em-aparecida-de-goiania-tera-atendimentos-oftalmologicos-gratuitos","status":"publish","type":"post","link":"https:\/\/www.ovg.org.br\/site\/?p=25164","title":{"rendered":"Goi\u00e1s Social Mulher em Aparecida de Goi\u00e2nia ter\u00e1 atendimentos oftalmol\u00f3gicos gratuitos"},"content":{"rendered":"\n<p class=\"has-text-align-center has-small-font-size\">Via OVG, o Olhar para Todos j\u00e1 realizou mais de 3,3 mil atendimentos com \u00f3culos<\/p>\n\n\n\n<p><strong>Elis\u00e2ngela Vieira<\/strong><\/p>\n\n\n\n<p>O Governo do Estado j\u00e1 realizou mais de 3,3 mil atendimentos oftalmol\u00f3gicos por meio do maior programa p\u00fablico do ramo no Centro-Oeste: o \u201cOlhar para Todos\u201d. A iniciativa integrada do Goi\u00e1s Social, da Organiza\u00e7\u00e3o das Volunt\u00e1rias de Goi\u00e1s (OVG) e da Secretaria de Estado da Sa\u00fade, em parceria com o Centro de Refer\u00eancia em Oftalmologia da Universidade Federal de Goi\u00e1s (Cerof-UFG), j\u00e1 beneficiou alunos da rede p\u00fablica estadual de ensino, comunidades kalungas, estudantes ind\u00edgenas e pessoas em situa\u00e7\u00e3o de vulnerabilidade social atendidas nas a\u00e7\u00f5es itinerantes promovidas pelo Estado.<\/p>\n\n\n\n<p>Pioneiro no Brasil, o Olhar para Todos \u00e9 um dos destaques do Goi\u00e1s Social Mulher, que ocorrer\u00e1 entre os dias 20 e 22 de mar\u00e7o, em Aparecida de Goi\u00e2nia. A expectativa \u00e9 de que 1,3 mil pessoas sejam atendidas pelo programa, que oferece exames e \u00f3culos de grau gratuitos.<\/p>\n\n\n\n<p>Lan\u00e7ado oficialmente em novembro do ano passado, o Olhar Para Todos conta com profissionais e equipamentos de ponta. Os atendimentos s\u00e3o realizados durantes as a\u00e7\u00f5es itinerantes do Goi\u00e1s Social. A iniciativa tamb\u00e9m leva estrutura completa \u00e0s escolas estaduais para a realiza\u00e7\u00e3o de exames oftalmol\u00f3gicos em alunos da rede p\u00fablica.<\/p>\n\n\n\n<p>O programa possui uma unidade m\u00f3vel, equipada com quatro consult\u00f3rios que trabalham simultaneamente, al\u00e9m de profissionais especializados e equipamentos espec\u00edficos para garantir \u00f3culos de forma gratuita pela OVG. O Olhar para Todos ainda faz o encaminhamento cir\u00fargico e\/ou ambulatorial, caso seja necess\u00e1rio.<\/p>\n\n\n\n<p><strong>Cidadania<\/strong><br>\u201cH\u00e1 seis anos, em Cavalcante, uma crian\u00e7a olhou para mim e disse: eu n\u00e3o consigo estudar porque eu n\u00e3o enxergo na sala de aula. A partir desse momento, eu comecei a fazer as tratativas para que esse programa acontecesse\u201d, conta a presidente de honra da OVG e coordenadora do Goi\u00e1s Social, primeira-dama Gracinha Caiado, que completa: \u201cIsso \u00e9 cidadania, \u00e9 o que deve ser feito. E \u00e9 assim que trabalhamos todos os dias\u201d, define.<\/p>\n\n\n\n<p>Com um sorriso \u2018largo\u2019 no rosto, moradora da comunidade quilombola V\u00e3o do Moleque, em Cavalcante, regi\u00e3o Norte de Goi\u00e1s, Pedra Silva Santiago afirmou estar muito grata a equipe do Goi\u00e1s Social. \u201c\u00d3culos \u00e9 caro e eu estava precisando. Os \u00f3culos s\u00e3o \u00f3timos!\u201d.<\/p>\n\n\n\n<p><strong>Servi\u00e7o<\/strong><br><strong>Assunto<\/strong>: Goi\u00e1s Social Mulher, em Aparecida de Goi\u00e2nia, leva atendimentos oftalmol\u00f3gicos gratuitos<br><strong>Quando:<\/strong> quinta e sexta (20 e 21\/3), das 8h \u00e0s 17h; e no s\u00e1bado (22\/3), das 8h \u00e0s 12h<br><strong>Onde<\/strong>: Rua 9 E, Qd. 44, Lt. 20, Garavelo Residencial Park \u2013 Aparecida de Goi\u00e2nia. Refer\u00eancia: entre a Maternidade Municipal Maria da Cruz Gomes Santana e a Escola Municipal Vilmar Gon\u00e7alves da Silva<\/p>\n\n\n\n<p><strong>Organiza\u00e7\u00e3o das Volunt\u00e1rias de Goi\u00e1s \u2013 Governo de Goi\u00e1s<\/strong><\/p>\n\n\n\n<p><\/p>\n","protected":false},"excerpt":{"rendered":"<p>Por meio do programa Olhar para Todos, pessoas em vulnerabilidade podem fazer exames de vista e solicitar \u00f3culos de grau. \u201cIsso \u00e9 cidadania, \u00e9 o que deve ser feito. E \u00e9 assim que trabalhamos todos os dias\u201d, afirma a presidente de honra da OVG e coordenadora do Goi\u00e1s Social, primeira-dama Gracinha Caiado<\/p>\n","protected":false},"author":4,"featured_media":25165,"comment_status":"closed","ping_status":"closed","sticky":false,"template":"","format":"standard","meta":{"_acf_changed":false,"footnotes":""},"categories":[1],"tags":[],"class_list":["post-25164","post","type-post","status-publish","format-standard","has-post-thumbnail","hentry","category-noticias-ovg"],"acf":[],"_links":{"self":[{"href":"https:\/\/www.ovg.org.br\/site\/index.php?rest_route=\/wp\/v2\/posts\/25164","targetHints":{"allow":["GET"]}}],"collection":[{"href":"https:\/\/www.ovg.org.br\/site\/index.php?rest_route=\/wp\/v2\/posts"}],"about":[{"href":"https:\/\/www.ovg.org.br\/site\/index.php?rest_route=\/wp\/v2\/types\/post"}],"author":[{"embeddable":true,"href":"https:\/\/www.ovg.org.br\/site\/index.php?rest_route=\/wp\/v2\/users\/4"}],"replies":[{"embeddable":true,"href":"https:\/\/www.ovg.org.br\/site\/index.php?rest_route=%2Fwp%2Fv2%2Fcomments&post=25164"}],"version-history":[{"count":1,"href":"https:\/\/www.ovg.org.br\/site\/index.php?rest_route=\/wp\/v2\/posts\/25164\/revisions"}],"predecessor-version":[{"id":25166,"href":"https:\/\/www.ovg.org.br\/site\/index.php?rest_route=\/wp\/v2\/posts\/25164\/revisions\/25166"}],"wp:featuredmedia":[{"embeddable":true,"href":"https:\/\/www.ovg.org.br\/site\/index.php?rest_route=\/wp\/v2\/media\/25165"}],"wp:attachment":[{"href":"https:\/\/www.ovg.org.br\/site\/index.php?rest_route=%2Fwp%2Fv2%2Fmedia&parent=25164"}],"wp:term":[{"taxonomy":"category","embeddable":true,"href":"https:\/\/www.ovg.org.br\/site\/index.php?rest_route=%2Fwp%2Fv2%2Fcategories&post=25164"},{"taxonomy":"post_tag","embeddable":true,"href":"https:\/\/www.ovg.org.br\/site\/index.php?rest_route=%2Fwp%2Fv2%2Ftags&post=25164"}],"curies":[{"name":"wp","href":"https:\/\/api.w.org\/{rel}","templated":true}]}}