{"id":25225,"date":"2025-03-26T15:10:16","date_gmt":"2025-03-26T18:10:16","guid":{"rendered":"https:\/\/www.ovg.org.br\/site\/?p=25225"},"modified":"2025-03-26T15:10:17","modified_gmt":"2025-03-26T18:10:17","slug":"em-acao-inedita-gracinha-caiado-entrega-oculos-a-estudantes-da-rede-estadual","status":"publish","type":"post","link":"https:\/\/www.ovg.org.br\/site\/?p=25225","title":{"rendered":"Em a\u00e7\u00e3o in\u00e9dita, Gracinha Caiado entrega \u00f3culos a estudantes da rede estadual"},"content":{"rendered":"\n<p>A coordenadora do Goi\u00e1s Social, primeira-dama Gracinha Caiado, entregou, nesta quarta-feira (26\/3), 254 \u00f3culos de grau para estudantes do Col\u00e9gio Estadual da Pol\u00edcia Militar (CEPMG) Ayrton Senna, no Jardim Curitiba, em Goi\u00e2nia. Ela destacou o alcance do programa Olhar Para Todos, que oferece, al\u00e9m dos \u00f3culos, exames oftalmol\u00f3gicos. &#8220;Esse \u00e9 o maior programa oftalmol\u00f3gico do Brasil. N\u00e3o fazemos apenas o exame. Quem precisa de cirurgia tamb\u00e9m \u00e9 atendido\u201d, relatou ela. \u201cFazemos isso para mostrar que n\u00e3o existe governo se n\u00e3o for para cuidar das pessoas\u201d, completou.<\/p>\n\n\n\n<p>Al\u00e9m de 254 alunos do CEPMG Ayrton Senna, outros 56 estudantes do Col\u00e9gio Estadual Ronaldo Ramos Caiado Filho, no Jardim do Cerrado, foram contemplados com \u00f3culos novos, totalizando 310 entregas no dia.<\/p>\n\n\n\n<p>A entrega \u00e9 a etapa final do processo que come\u00e7a nas pr\u00f3prias unidades escolares com a realiza\u00e7\u00e3o de consultas, em parceria com o Centro de Refer\u00eancia em Oftalmologia da Universidade Federal de Goi\u00e1s (Cerof-UFG). Em seguida, os \u00f3culos s\u00e3o adquiridos pela Organiza\u00e7\u00e3o das Volunt\u00e1rias de Goi\u00e1s (OVG) e disponibilizados totalmente de gra\u00e7a aos estudantes. Os casos cir\u00fargicos s\u00e3o encaminhados para a regula\u00e7\u00e3o e atendidos.<\/p>\n\n\n\n<p>&#8220;A determina\u00e7\u00e3o do governador Ronaldo Caiado \u00e9 que seja feito o acompanhamento completo, at\u00e9 a entrega dos \u00f3culos\u201d, contou a primeira-dama Gracinha Caiado, que tamb\u00e9m \u00e9 presidente de honra da OVG. Segundo ela, mais de 40% dos jovens que fizeram exames precisavam de \u00f3culos. &#8220;\u00c9 um porcentual muito alto. Por isso, nosso objetivo \u00e9 chegar a todas as escolas da rede estadual&#8221;, arrematou.<\/p>\n\n\n\n<figure class=\"wp-block-image size-large\"><img loading=\"lazy\" decoding=\"async\" width=\"1024\" height=\"682\" src=\"https:\/\/www.ovg.org.br\/site\/wp-content\/uploads\/2025\/03\/WhatsApp-Image-2025-03-26-at-14.29.14-1024x682.jpeg\" alt=\"\" class=\"wp-image-25227\" srcset=\"https:\/\/www.ovg.org.br\/site\/wp-content\/uploads\/2025\/03\/WhatsApp-Image-2025-03-26-at-14.29.14-1024x682.jpeg 1024w, https:\/\/www.ovg.org.br\/site\/wp-content\/uploads\/2025\/03\/WhatsApp-Image-2025-03-26-at-14.29.14-300x200.jpeg 300w, https:\/\/www.ovg.org.br\/site\/wp-content\/uploads\/2025\/03\/WhatsApp-Image-2025-03-26-at-14.29.14-768x512.jpeg 768w, https:\/\/www.ovg.org.br\/site\/wp-content\/uploads\/2025\/03\/WhatsApp-Image-2025-03-26-at-14.29.14.jpeg 1280w\" sizes=\"auto, (max-width: 1024px) 100vw, 1024px\" \/><\/figure>\n\n\n\n<p><strong>Atendimento<\/strong><br>De acordo com o diretor-geral do Cerof, oftalmologista Marcos \u00c1vila, a iniciativa leva at\u00e9 a comunidade escolar consult\u00f3rios modernos e completos, dispostos em \u00f4nibus, para oferecer atendimento de qualidade aos jovens pacientes. &#8220;Esse projeto \u00e9 inovador em termos de diminuir a repet\u00eancia, a evas\u00e3o e tantos problemas que quem n\u00e3o enxerga enfrenta em uma sala de aula&#8221;, explicou ele.<\/p>\n\n\n\n<p>Aluno do 3\u00ba ano do Ensino M\u00e9dio, Nicollas Samuel recebeu seus \u00f3culos nesta quarta. O jovem definiu o programa como uma oportunidade. &#8220;Acho que \u00e9 uma \u00f3tima ideia. Melhora nossa capacidade de aprender. Muitas pessoas n\u00e3o t\u00eam condi\u00e7\u00f5es de comprar seus \u00f3culos ou de fazer um exame de vista. Fiz tudo isso aqui no col\u00e9gio e de gra\u00e7a. Com tudo pronto, vai me ajudar muito&#8221;, salientou ele.<\/p>\n\n\n\n<p><strong>Abrang\u00eancia<\/strong><br>Desde que foi lan\u00e7ado, em novembro de 2024, o programa j\u00e1 percorreu 17 escolas da rede estadual de educa\u00e7\u00e3o, onde foram realizadas 4,1 mil consultas, que resultaram na solicita\u00e7\u00e3o de 1,6 mil \u00f3culos. Al\u00e9m disso, tamb\u00e9m esteve presente em nove edi\u00e7\u00f5es do Goi\u00e1s Social, somando 7 mil consultas e 4,1 mil pedidos de \u00f3culos. Neste caso, os atendimentos s\u00e3o abertos para todos os p\u00fablicos e beneficiam, inclusive, as comunidades kalunga e ind\u00edgenas.<\/p>\n\n\n\n<p>A diretora-geral da OVG, Adryanna Caiado, lembrou que desde o in\u00edcio do programa a determina\u00e7\u00e3o de Gracinha Caiado foi para aquisi\u00e7\u00e3o de arma\u00e7\u00f5es e lentes da melhor qualidade poss\u00edvel, garantindo que realmente atendessem \u00e0s necessidades dos benefici\u00e1rios. \u201cS\u00e3o milhares de crian\u00e7as, adolescentes, adultos e idosos que precisam de corre\u00e7\u00e3o visual, mas n\u00e3o t\u00eam condi\u00e7\u00f5es de fazer a consulta e comprar os \u00f3culos. Por isso o Olhar Para Todos vai al\u00e9m da promo\u00e7\u00e3o da sa\u00fade. \u00c9 um programa que leva bem-estar e qualidade de vida para as pessoas mais vulner\u00e1veis em todos os cantos do nosso estado&#8221;, finalizou.<\/p>\n\n\n\n<p><\/p>\n","protected":false},"excerpt":{"rendered":"<p>Ao todo, 310 arma\u00e7\u00f5es e lentes foram repassadas gratuitamente a benefici\u00e1rios do programa Olhar para Todos. A\u00e7\u00e3o tem parceira do Cerof-UFG<\/p>\n","protected":false},"author":8,"featured_media":25226,"comment_status":"closed","ping_status":"closed","sticky":false,"template":"","format":"standard","meta":{"_acf_changed":false,"footnotes":""},"categories":[1],"tags":[],"class_list":["post-25225","post","type-post","status-publish","format-standard","has-post-thumbnail","hentry","category-noticias-ovg"],"acf":[],"_links":{"self":[{"href":"https:\/\/www.ovg.org.br\/site\/index.php?rest_route=\/wp\/v2\/posts\/25225","targetHints":{"allow":["GET"]}}],"collection":[{"href":"https:\/\/www.ovg.org.br\/site\/index.php?rest_route=\/wp\/v2\/posts"}],"about":[{"href":"https:\/\/www.ovg.org.br\/site\/index.php?rest_route=\/wp\/v2\/types\/post"}],"author":[{"embeddable":true,"href":"https:\/\/www.ovg.org.br\/site\/index.php?rest_route=\/wp\/v2\/users\/8"}],"replies":[{"embeddable":true,"href":"https:\/\/www.ovg.org.br\/site\/index.php?rest_route=%2Fwp%2Fv2%2Fcomments&post=25225"}],"version-history":[{"count":1,"href":"https:\/\/www.ovg.org.br\/site\/index.php?rest_route=\/wp\/v2\/posts\/25225\/revisions"}],"predecessor-version":[{"id":25228,"href":"https:\/\/www.ovg.org.br\/site\/index.php?rest_route=\/wp\/v2\/posts\/25225\/revisions\/25228"}],"wp:featuredmedia":[{"embeddable":true,"href":"https:\/\/www.ovg.org.br\/site\/index.php?rest_route=\/wp\/v2\/media\/25226"}],"wp:attachment":[{"href":"https:\/\/www.ovg.org.br\/site\/index.php?rest_route=%2Fwp%2Fv2%2Fmedia&parent=25225"}],"wp:term":[{"taxonomy":"category","embeddable":true,"href":"https:\/\/www.ovg.org.br\/site\/index.php?rest_route=%2Fwp%2Fv2%2Fcategories&post=25225"},{"taxonomy":"post_tag","embeddable":true,"href":"https:\/\/www.ovg.org.br\/site\/index.php?rest_route=%2Fwp%2Fv2%2Ftags&post=25225"}],"curies":[{"name":"wp","href":"https:\/\/api.w.org\/{rel}","templated":true}]}}