{"id":25580,"date":"2025-04-30T14:08:21","date_gmt":"2025-04-30T17:08:21","guid":{"rendered":"https:\/\/www.ovg.org.br\/site\/?p=25580"},"modified":"2025-05-19T17:10:19","modified_gmt":"2025-05-19T20:10:19","slug":"goias-social-comeca-arrecadacao-de-agasalhos-e-cobertores-para-campanha-aquecendo-vidas","status":"publish","type":"post","link":"https:\/\/www.ovg.org.br\/site\/?p=25580","title":{"rendered":"Goi\u00e1s Social: come\u00e7a arrecada\u00e7\u00e3o de agasalhos e cobertores para campanha Aquecendo Vidas"},"content":{"rendered":"\n<p><strong>Elis\u00e2ngela Vieira<\/strong><\/p>\n\n\n\n<p>O Goi\u00e1s Social, por meio da Organiza\u00e7\u00e3o das Volunt\u00e1rias de Goi\u00e1s (OVG), realiza, de 5 de maio a 5 de junho, a primeira fase da Campanha Aquecendo Vidas 2025, com a arrecada\u00e7\u00e3o de agasalhos e cobertores novos e usados, em bom estado de conserva\u00e7\u00e3o. S\u00e3o mais de 50 pontos distribu\u00eddos por Goi\u00e2nia, todos identificados, para a iniciativa que visa fazer a diferen\u00e7a na vida de quem mais precisa e levar calor e dignidade \u00e0s pessoas em situa\u00e7\u00e3o de vulnerabilidade social, principalmente idosos e moradores em situa\u00e7\u00e3o de rua.<\/p>\n\n\n\n<p>\u201cNosso foco \u00e9 garantir que a ajuda chegue a quem realmente precisa. A campanha Aquecendo Vidas \u00e9 um exemplo de como a solidariedade da popula\u00e7\u00e3o, somada \u00e0 organiza\u00e7\u00e3o do poder p\u00fablico, pode transformar a vida das pessoas\u201d, afirma a presidente de honra da OVG e coordenadora do Goi\u00e1s Social, primeira-dama Gracinha Caiado.<\/p>\n\n\n\n<p>A Campanha Aquecendo Vidas possui duas frentes de trabalho: a doa\u00e7\u00e3o de forma espont\u00e2nea e solid\u00e1ria da popula\u00e7\u00e3o e a compra de cobertores novos pelo Governo de Goi\u00e1s. O benef\u00edcio \u00e9 distribu\u00eddo aos 246 munic\u00edpios goianos.<\/p>\n\n\n\n<p>Desde 2020, a iniciativa arrecadou e distribuiu 24,4 mil agasalhos e cobertores. S\u00f3 no ano passado, foram 10,7 mil pe\u00e7as. Para 2025, o Governo de Goi\u00e1s comprou 105,3 mil cobertores. Um investimento de mais de R$ 5 milh\u00f5es. Desde 2019, j\u00e1 s\u00e3o 364,7 mil cobertores entregues a fam\u00edlias em situa\u00e7\u00e3o de vulnerabilidade social em todo o estado.<\/p>\n\n\n\n<p><strong>Saiba mais<\/strong><\/p>\n\n\n\n<p><strong>O que pode ser doado<\/strong><\/p>\n\n\n\n<ul class=\"wp-block-list\">\n<li>Cobertores, mantas, agasalhos, jaquetas, blusas de moletom e cal\u00e7as de moletom.<\/li>\n<\/ul>\n\n\n\n<p><strong>Pontos de coleta<\/strong><\/p>\n\n\n\n<ul class=\"wp-block-list\">\n<li>Ag\u00eancia Brasil Central-ABC<\/li>\n\n\n\n<li>Ag\u00eancia de Fomento de Goi\u00e1s S\/A \u2013 Goi\u00e1s Fomento<\/li>\n\n\n\n<li>Ag\u00eancia Estadual de Turismo &#8211; Goi\u00e1s Turismo \/ Casa Turismo<\/li>\n\n\n\n<li>Ag\u00eancia Goiana de Assist\u00eancia T\u00e9cnica, Extens\u00e3o Rural e Pesquisa Agropecu\u00e1ria-EMATER<\/li>\n\n\n\n<li>Ag\u00eancia Goiana de Defesa Agropecu\u00e1ria-AGRODEFESA<\/li>\n\n\n\n<li>Ag\u00eancia Goiana de Habita\u00e7\u00e3o-AGEHAB<\/li>\n\n\n\n<li>Ag\u00eancia Goiana de Infraestrutura e Transportes &#8211; GOINFRA<\/li>\n\n\n\n<li>Ag\u00eancia Goiana de Regula\u00e7\u00e3o, Controle e Fiscaliza\u00e7\u00e3o de Servi\u00e7os P\u00fablicos-AGR<\/li>\n\n\n\n<li>Assembleia Legislativa do Estado de Goi\u00e1s-ALEGO<\/li>\n\n\n\n<li>Associa\u00e7\u00e3o Goiana de Supermercados &#8211; AGOS<\/li>\n\n\n\n<li>Companhia de Desenvolvimento Econ\u00f4mico de Goi\u00e1s-CODEGO<\/li>\n\n\n\n<li>Controladoria-Geral do Estado-CGE<\/li>\n\n\n\n<li>Corpo de Bombeiro Militar-CBM<\/li>\n\n\n\n<li>Delegacia-Geral da Pol\u00edcia Civil-DGPC<\/li>\n\n\n\n<li>Departamento Estadual de Tr\u00e2nsito-DETRAN<\/li>\n\n\n\n<li>Diretoria-Geral de Pol\u00edcia Penal-DGPP<\/li>\n\n\n\n<li>Funda\u00e7\u00e3o de Amparo \u00e0 Pesquisa do Estado de Goi\u00e1s-FAPEG<\/li>\n\n\n\n<li>Goi\u00e1s Previd\u00eancia \u2013 GOIASPREV<\/li>\n\n\n\n<li>Goi\u00e1sParcerias<\/li>\n\n\n\n<li>Ind\u00fastria Qu\u00edmica do Estado de Goi\u00e1s-IQUEGO<\/li>\n\n\n\n<li>Instituto de Assist\u00eancia dos Servidores P\u00fablicos do Estado de Goi\u00e1s-IPASGO<\/li>\n\n\n\n<li>Junta Comercial do Estado de Goi\u00e1s-JUCEG<\/li>\n\n\n\n<li>Sindicato e Organiza\u00e7\u00e3o das Cooperativas Brasileiras no Estado de Goi\u00e1s &#8211; OCB\/GO<\/li>\n\n\n\n<li>Organiza\u00e7\u00e3o das Volunt\u00e1rias de Goi\u00e1s (OVG)<\/li>\n\n\n\n<li>Pol\u00edcia Militar-PM<\/li>\n\n\n\n<li>Procuradoria Geral do Estado-PGE<\/li>\n\n\n\n<li>Programa de Prote\u00e7\u00e3o e Defesa do Consumidor-PROCON<\/li>\n\n\n\n<li>Saneamento de Goi\u00e1s &#8211; SANEAGO<\/li>\n\n\n\n<li>SEBRAE Goi\u00e1s<\/li>\n\n\n\n<li>Secretaria de Estado da Administra\u00e7\u00e3o-SEAD<\/li>\n\n\n\n<li>Secretaria de Estado da Agricultura, Pecu\u00e1ria e Abastecimento-SEAPA<\/li>\n\n\n\n<li>Secretaria de Estado da Casa Civil-CASA CIVIL<\/li>\n\n\n\n<li>Secretaria de Estado da Casa Militar-CASA MILITAR &#8211; Pal\u00e1cio Pedro Ludovido Teixeira<\/li>\n\n\n\n<li>Secretaria de Estado da Comunica\u00e7\u00e3o-SECOM<\/li>\n\n\n\n<li>Secretaria de Estado da Cultura-SECULT<\/li>\n\n\n\n<li>Secretaria de Estado da Economia-ECONOMIA<\/li>\n\n\n\n<li>Secretaria de Estado da Educa\u00e7\u00e3o-SEDUC<\/li>\n\n\n\n<li>Secretaria de Estado da Infraestrutura-SEINFRA<\/li>\n\n\n\n<li>Secretaria de Estado da Retomada-RETOMADA<\/li>\n\n\n\n<li>Secretaria de Estado da Sa\u00fade-SES<\/li>\n\n\n\n<li>Secretaria de Estado da Seguran\u00e7a P\u00fablica-SSP<\/li>\n\n\n\n<li>Secretaria de Estado de Ci\u00eancia, Tecnologia e Inova\u00e7\u00e3o-SECTI<\/li>\n\n\n\n<li>Secretaria de Estado de Desenvolvimento Social-SEDS<\/li>\n\n\n\n<li>Secretaria de Estado de Esporte e Lazer &#8211; SEEL<\/li>\n\n\n\n<li>Secretaria de Estado de Ind\u00fastria, Com\u00e9rcio e Servi\u00e7os-SIC<\/li>\n\n\n\n<li>Secretaria de Estado de Meio Ambiente e Desenvolvimento Sustent\u00e1vel-SEMAD<\/li>\n\n\n\n<li>Secretaria de Estado de Rela\u00e7\u00f5es Institucionais-SERINT<\/li>\n\n\n\n<li>Secretaria-Geral de Governo-SGG<\/li>\n\n\n\n<li>Servi\u00e7o Nacional de Aprendizagem do Cooperativismo no Estado de Goi\u00e1s &#8211; SESCOOP\/GO<\/li>\n\n\n\n<li>Transporte Coletivo S.A &#8211; METROBUS<\/li>\n\n\n\n<li>Universidade Estadual&nbsp;de&nbsp;Goi\u00e1s-UEG<\/li>\n<\/ul>\n\n\n\n<p><\/p>\n\n\n\n<p><strong>Organiza\u00e7\u00e3o das Volunt\u00e1rias de Goi\u00e1s | Goi\u00e1s Social \u2013 Governo de Goi\u00e1s<\/strong><\/p>\n","protected":false},"excerpt":{"rendered":"<p>Doa\u00e7\u00f5es podem ser feitas at\u00e9 5 de junho em mais de 50 pontos de recolhimentos distribu\u00eddos por Goi\u00e2nia. \u201cSolidariedade da popula\u00e7\u00e3o, somada \u00e0 organiza\u00e7\u00e3o do poder p\u00fablico, pode transformar a vida das pessoas\u201d, afirma Gracinha Caiado<\/p>\n","protected":false},"author":8,"featured_media":25581,"comment_status":"closed","ping_status":"closed","sticky":false,"template":"","format":"standard","meta":{"_acf_changed":false,"footnotes":""},"categories":[1],"tags":[],"class_list":["post-25580","post","type-post","status-publish","format-standard","has-post-thumbnail","hentry","category-noticias-ovg"],"acf":[],"_links":{"self":[{"href":"https:\/\/www.ovg.org.br\/site\/index.php?rest_route=\/wp\/v2\/posts\/25580","targetHints":{"allow":["GET"]}}],"collection":[{"href":"https:\/\/www.ovg.org.br\/site\/index.php?rest_route=\/wp\/v2\/posts"}],"about":[{"href":"https:\/\/www.ovg.org.br\/site\/index.php?rest_route=\/wp\/v2\/types\/post"}],"author":[{"embeddable":true,"href":"https:\/\/www.ovg.org.br\/site\/index.php?rest_route=\/wp\/v2\/users\/8"}],"replies":[{"embeddable":true,"href":"https:\/\/www.ovg.org.br\/site\/index.php?rest_route=%2Fwp%2Fv2%2Fcomments&post=25580"}],"version-history":[{"count":11,"href":"https:\/\/www.ovg.org.br\/site\/index.php?rest_route=\/wp\/v2\/posts\/25580\/revisions"}],"predecessor-version":[{"id":25786,"href":"https:\/\/www.ovg.org.br\/site\/index.php?rest_route=\/wp\/v2\/posts\/25580\/revisions\/25786"}],"wp:featuredmedia":[{"embeddable":true,"href":"https:\/\/www.ovg.org.br\/site\/index.php?rest_route=\/wp\/v2\/media\/25581"}],"wp:attachment":[{"href":"https:\/\/www.ovg.org.br\/site\/index.php?rest_route=%2Fwp%2Fv2%2Fmedia&parent=25580"}],"wp:term":[{"taxonomy":"category","embeddable":true,"href":"https:\/\/www.ovg.org.br\/site\/index.php?rest_route=%2Fwp%2Fv2%2Fcategories&post=25580"},{"taxonomy":"post_tag","embeddable":true,"href":"https:\/\/www.ovg.org.br\/site\/index.php?rest_route=%2Fwp%2Fv2%2Ftags&post=25580"}],"curies":[{"name":"wp","href":"https:\/\/api.w.org\/{rel}","templated":true}]}}