{"id":25671,"date":"2025-05-13T09:14:36","date_gmt":"2025-05-13T12:14:36","guid":{"rendered":"https:\/\/www.ovg.org.br\/site\/?p=25671"},"modified":"2025-05-13T09:14:36","modified_gmt":"2025-05-13T12:14:36","slug":"gracinha-caiado-lanca-campanha-aquecendo-vidas-2025","status":"publish","type":"post","link":"https:\/\/www.ovg.org.br\/site\/?p=25671","title":{"rendered":"Gracinha Caiado lan\u00e7a Campanha Aquecendo Vidas 2025"},"content":{"rendered":"\n<p>Com a chegada da temporada de frio no Estado, que vai at\u00e9 meados de agosto, o Governo de Goi\u00e1s ir\u00e1 distribuir mais de 105 mil cobertores por meio da Campanha Aquecendo Vidas 2025. O an\u00fancio do investimento de R$ 5 milh\u00f5es foi realizado pela coordenadora do Goi\u00e1s Social, primeira-dama Gracinha Caiado, no Pal\u00e1cio das Esmeraldas, em Goi\u00e2nia.<\/p>\n\n\n\n<p>Gracinha destacou que a entrega de cobertores representa um momento de alegria, mas, sobretudo, de profundo senso de responsabilidade. \u201cEsses cobertores representam muito mais do que um simples cobertor. Eles representam respeito \u00e0 dignidade humana, humaniza\u00e7\u00e3o. Representam um trabalho conjunto que n\u00f3s, do Governo de Goi\u00e1s, fazemos junto aos munic\u00edpios\u201d, discursou.<\/p>\n\n\n\n<p>A diretora da Organiza\u00e7\u00e3o das Volunt\u00e1rias de Goi\u00e1s (OVG), Adryanna Caiado, lembrou que milhares de pessoas que vivem nas ruas ou em moradias prec\u00e1rias n\u00e3o t\u00eam condi\u00e7\u00f5es m\u00ednimas de se protegerem neste per\u00edodo de frio. \u201cN\u00e3o \u00e9 apenas uma esta\u00e7\u00e3o, \u00e9 uma amea\u00e7a real. As baixas temperaturas durante a madrugada exp\u00f5em as pessoas a riscos de sa\u00fade. Por isso, cada cobertor que doamos representa um gesto de compaix\u00e3o, cuidado e humanidade\u201d, sublinhou.<\/p>\n\n\n<div class=\"wp-block-image\">\n<figure class=\"aligncenter size-large\"><img loading=\"lazy\" decoding=\"async\" width=\"1024\" height=\"672\" src=\"https:\/\/www.ovg.org.br\/site\/wp-content\/uploads\/2025\/05\/WhatsApp-Image-2025-05-13-at-09.02.19-1024x672.jpeg\" alt=\"\" class=\"wp-image-25673\" srcset=\"https:\/\/www.ovg.org.br\/site\/wp-content\/uploads\/2025\/05\/WhatsApp-Image-2025-05-13-at-09.02.19-1024x672.jpeg 1024w, https:\/\/www.ovg.org.br\/site\/wp-content\/uploads\/2025\/05\/WhatsApp-Image-2025-05-13-at-09.02.19-300x197.jpeg 300w, https:\/\/www.ovg.org.br\/site\/wp-content\/uploads\/2025\/05\/WhatsApp-Image-2025-05-13-at-09.02.19-768x504.jpeg 768w, https:\/\/www.ovg.org.br\/site\/wp-content\/uploads\/2025\/05\/WhatsApp-Image-2025-05-13-at-09.02.19-1536x1009.jpeg 1536w, https:\/\/www.ovg.org.br\/site\/wp-content\/uploads\/2025\/05\/WhatsApp-Image-2025-05-13-at-09.02.19-2048x1345.jpeg 2048w\" sizes=\"auto, (max-width: 1024px) 100vw, 1024px\" \/><\/figure>\n<\/div>\n\n\n<p>A campanha cria uma grande rede de prote\u00e7\u00e3o aos mais vulner\u00e1veis com a distribui\u00e7\u00e3o dos cobertores para os 246 munic\u00edpios goianos, por meio do Goi\u00e1s Social. Al\u00e9m dos 105 mil cobertores que ser\u00e3o distribu\u00eddos agora em 2025, desde 2019 o Governo de Goi\u00e1s j\u00e1 distribuiu outros 364,7 mil, totalizando mais de 470 mil itens. Os investimentos superam R$ 16 milh\u00f5es.<\/p>\n\n\n\n<p>\u201cEssas pessoas merecem respeito e cuidado. E n\u00f3s temos que atender aos mais vulner\u00e1veis, que tanto precisam da nossa m\u00e3o estendida para ajudar\u201d, completou a primeira-dama, Gracinha Caiado.<\/p>\n\n\n\n<p>Al\u00e9m da distribui\u00e7\u00e3o de cobertores, a campanha tamb\u00e9m vai arrecadar agasalhos em diversos pontos espalhados por Goi\u00e2nia. Ser\u00e3o quase 50 locais de coleta, que envolvem as secretarias, ag\u00eancias, autarquias e funda\u00e7\u00f5es do Estado, al\u00e9m de entidades e outros \u00f3rg\u00e3os parceiros. Podem ser doados cobertores, mantas, agasalhos e jaquetas, al\u00e9m de blusas e cal\u00e7as de moletom. As doa\u00e7\u00f5es podem ser feitas at\u00e9 o dia 05 de junho (05\/6).<\/p>\n\n\n\n<p>Os gestores municipais fazem a retirada dos itens na capital e s\u00e3o respons\u00e1veis pela distribui\u00e7\u00e3o. Representando as entidades parceiras, a presidente do Colegiado Estadual de Gestores Municipais de Assist\u00eancia Social de Goi\u00e1s (Coegemas-GO), Adriana Souza, comentou que \u201ca campanha aquece o cora\u00e7\u00e3o de muitas fam\u00edlias vulner\u00e1veis com sensibilidade e responsabilidade, sempre ajudando quem mais precisa\u201d.<\/p>\n\n\n\n<p>O presidente da Federa\u00e7\u00e3o Goiana dos Munic\u00edpios (FGM), Jos\u00e9 Ad\u00e9lio J\u00fanior, ressaltou que os cobertores doados pelo programa s\u00e3o de qualidade e que, antes da atual gest\u00e3o estadual, os munic\u00edpios n\u00e3o tinham uma parceria deste porte.<\/p>\n\n\n\n<p>J\u00e1 o presidente da Associa\u00e7\u00e3o Goiana de Munic\u00edpios, Paulo Vitor Avelar, destacou o comprometimento da equipe do Goi\u00e1s Social em viabilizar a iniciativa, com um time de mais de 100 pessoas envolvidas. \u201c\u00c9 um trabalho feito com muita dedica\u00e7\u00e3o, carinho e uni\u00e3o, para que esse benef\u00edcio possa chegar em todos os lares necessitados do nosso Estado. S\u00f3 temos que agradecer esse governo que realiza e entrega\u201d, afirmou.<\/p>\n\n\n\n<p><strong>Secretaria de Comunica\u00e7\u00e3o \u2013 Governo de Goi\u00e1s<\/strong><\/p>\n","protected":false},"excerpt":{"rendered":"<p>Iniciativa prev\u00ea investimento de R$ 5 milh\u00f5es para distribui\u00e7\u00e3o de 105 mil cobertores para pessoas em vulnerabilidade e situa\u00e7\u00e3o de rua nos 246 munic\u00edpios goianos<\/p>\n","protected":false},"author":8,"featured_media":25672,"comment_status":"closed","ping_status":"closed","sticky":false,"template":"","format":"standard","meta":{"_acf_changed":false,"footnotes":""},"categories":[1],"tags":[],"class_list":["post-25671","post","type-post","status-publish","format-standard","has-post-thumbnail","hentry","category-noticias-ovg"],"acf":[],"_links":{"self":[{"href":"https:\/\/www.ovg.org.br\/site\/index.php?rest_route=\/wp\/v2\/posts\/25671","targetHints":{"allow":["GET"]}}],"collection":[{"href":"https:\/\/www.ovg.org.br\/site\/index.php?rest_route=\/wp\/v2\/posts"}],"about":[{"href":"https:\/\/www.ovg.org.br\/site\/index.php?rest_route=\/wp\/v2\/types\/post"}],"author":[{"embeddable":true,"href":"https:\/\/www.ovg.org.br\/site\/index.php?rest_route=\/wp\/v2\/users\/8"}],"replies":[{"embeddable":true,"href":"https:\/\/www.ovg.org.br\/site\/index.php?rest_route=%2Fwp%2Fv2%2Fcomments&post=25671"}],"version-history":[{"count":1,"href":"https:\/\/www.ovg.org.br\/site\/index.php?rest_route=\/wp\/v2\/posts\/25671\/revisions"}],"predecessor-version":[{"id":25674,"href":"https:\/\/www.ovg.org.br\/site\/index.php?rest_route=\/wp\/v2\/posts\/25671\/revisions\/25674"}],"wp:featuredmedia":[{"embeddable":true,"href":"https:\/\/www.ovg.org.br\/site\/index.php?rest_route=\/wp\/v2\/media\/25672"}],"wp:attachment":[{"href":"https:\/\/www.ovg.org.br\/site\/index.php?rest_route=%2Fwp%2Fv2%2Fmedia&parent=25671"}],"wp:term":[{"taxonomy":"category","embeddable":true,"href":"https:\/\/www.ovg.org.br\/site\/index.php?rest_route=%2Fwp%2Fv2%2Fcategories&post=25671"},{"taxonomy":"post_tag","embeddable":true,"href":"https:\/\/www.ovg.org.br\/site\/index.php?rest_route=%2Fwp%2Fv2%2Ftags&post=25671"}],"curies":[{"name":"wp","href":"https:\/\/api.w.org\/{rel}","templated":true}]}}