{"id":25802,"date":"2025-05-21T11:39:26","date_gmt":"2025-05-21T14:39:26","guid":{"rendered":"https:\/\/www.ovg.org.br\/site\/?p=25802"},"modified":"2025-05-21T11:42:33","modified_gmt":"2025-05-21T14:42:33","slug":"goias-social-atualizacao-de-cadunico-e-obrigatoria-para-quem-tem-ou-quer-o-probem","status":"publish","type":"post","link":"https:\/\/www.ovg.org.br\/site\/?p=25802","title":{"rendered":"Goi\u00e1s Social: Atualiza\u00e7\u00e3o de Cad\u00danico \u00e9 obrigat\u00f3ria para quem tem ou quer o ProBem"},"content":{"rendered":"\n<p class=\"has-text-align-center has-small-font-size\">Organiza\u00e7\u00e3o das Volunt\u00e1rias de Goi\u00e1s (OVG) alerta sobre a obrigatoriedade da atualiza\u00e7\u00e3o anual do Cad\u00danico aos benefici\u00e1rios do ProBem<\/p>\n\n\n\n<p><strong>Elis\u00e2ngela Vieira<\/strong><\/p>\n\n\n\n<p>A Organiza\u00e7\u00e3o das Volunt\u00e1rias de Goi\u00e1s (OVG) alerta os benefici\u00e1rios do Programa Universit\u00e1rio do Bem (ProBem) que a atualiza\u00e7\u00e3o anual do Cad\u00danico \u00e9 obrigat\u00f3ria para manter o benef\u00edcio. A recomenda\u00e7\u00e3o tamb\u00e9m \u00e9 v\u00e1lida para aqueles que querem participar dos processos seletivos para a bolsa de estudo, uma iniciativa do Goi\u00e1s Social do Governo Estadual.<\/p>\n\n\n\n<p>A presidente de honra da OVG e coordenadora do Goi\u00e1s Social, primeira-dama Gracinha Caiado, lembra que o ProBem veio para mudar a realidade de pessoas que vivem em situa\u00e7\u00e3o de vulnerabilidade social e que sonham em concluir um curso superior, e que, ao criar o Programa, o governador Ronaldo Caiado fez quest\u00e3o de que fossem usadas ferramentas que garantissem que a iniciativa chegue realmente a quem mais precisa. Por isso, o Cad\u00danico, banco de dados nacional que traz informa\u00e7\u00f5es como qualidade de moradia, inscri\u00e7\u00f5es em programas sociais e dificuldades de acesso \u00e0 educa\u00e7\u00e3o, foi a porta de entrada escolhida para o ProBem.<\/p>\n\n\n\n<p>\u201cO ProBem \u00e9 acima de tudo democr\u00e1tico. N\u00f3s sabemos que sempre haver\u00e1, entre os vulner\u00e1veis, aqueles que precisam ainda mais e, por isso, a sele\u00e7\u00e3o do Programa leva em conta n\u00e3o s\u00f3 a renda, mas a condi\u00e7\u00e3o de vida da fam\u00edlia\u201d, pontua Gracinha Caiado, que completa: \u201cTrabalhar com transpar\u00eancia e para aqueles que realmente precisam sempre foi e ser\u00e1 a nossa meta. Queremos que essas pessoas tenham uma nova perspectiva de vida, al\u00e9m de contribu\u00edrem para o crescimento econ\u00f4mico e o desenvolvimento social do nosso Estado&#8221;.<\/p>\n\n\n\n<p><strong>Onde<\/strong><br>Para se inscrever ou atualizar os dados do Cad\u00danico \u00e9 necess\u00e1rio ir presencialmente a um Centro de Refer\u00eancia de Assist\u00eancia Social (Cras) ou a um posto de atendimento do Cadastro \u00danico no munic\u00edpio. Para facilitar o preenchimento dos dados, \u00e9 importante ter em m\u00e3os documentos de identifica\u00e7\u00e3o do grupo familiar, como CPF, RG e Certid\u00e3o de Nascimento, al\u00e9m de comprovante de resid\u00eancia e contas de luz, \u00e1gua ou declara\u00e7\u00e3o de moradia.<\/p>\n\n\n\n<p>Para conferir se est\u00e1 com o Cad\u00danico em dia, basta usar o aplicativo oficial \u201cCadastro \u00danico\u201d, dispon\u00edvel e gratuito nas lojas Apple e Play Stores. O app \u00e9 um canal direto de comunica\u00e7\u00e3o entre o Governo Federal e as fam\u00edlias e traz mensagens sobre pend\u00eancias, atualiza\u00e7\u00f5es cadastrais ou convoca\u00e7\u00f5es. Bolsistas e futuros bolsistas devem ficar atentos porque para ter o benef\u00edcio do ProBem, a atualiza\u00e7\u00e3o deve ser anual.<\/p>\n\n\n\n<p><strong>O ProBem<\/strong><br>Divididas entre parciais e integrais, as bolsas correspondem a 50% do valor da mensalidade, limitadas a R$ 650, ou a 100% do valor da mensalidade, limitadas a R$ 1.500. J\u00e1 as bolsas concedidas aos estudantes que cursam Medicina ou Odontologia t\u00eam seus limites maiores: R$ 2.900 para parciais e R$ 5.800 para integrais, uma vez que os valores das mensalidades desses cursos s\u00e3o superiores aos dos demais.<\/p>\n\n\n\n<p>Al\u00e9m da forma\u00e7\u00e3o acad\u00eamica, o ProBem tamb\u00e9m auxilia no encaminhamento ao mercado de trabalho. O Programa oferece oportunidades de est\u00e1gio, cursos de capacita\u00e7\u00e3o, participa\u00e7\u00e3o em projetos sociais e integra\u00e7\u00e3o ao mundo do trabalho por meio do Banco de Oportunidades. Em todo o estado, desde janeiro de 2019, j\u00e1 s\u00e3o quase 49 mil estudantes beneficiados com a bolsa do ProBem. S\u00e3o benefici\u00e1rios de 241 munic\u00edpios goianos, de 107 cursos superiores.<\/p>\n\n\n\n<p><strong>Organiza\u00e7\u00e3o das Volunt\u00e1rias de Goi\u00e1s (OVG) | Goi\u00e1s Social \u2013 Governo de Goi\u00e1s<\/strong><\/p>\n","protected":false},"excerpt":{"rendered":"<p>A atualiza\u00e7\u00e3o deve ser feita anualmente, e de forma presencial em um Centro de Refer\u00eancia de Assist\u00eancia Social (Cras) ou posto de atendimento do Cadastro \u00danico no munic\u00edpio. \u201cTrabalhar com transpar\u00eancia e para aqueles que realmente precisam sempre foi e ser\u00e1 a nossa meta\u201d, diz Gracinha Caiado<\/p>\n","protected":false},"author":4,"featured_media":25806,"comment_status":"closed","ping_status":"closed","sticky":false,"template":"","format":"standard","meta":{"_acf_changed":false,"footnotes":""},"categories":[1],"tags":[],"class_list":["post-25802","post","type-post","status-publish","format-standard","has-post-thumbnail","hentry","category-noticias-ovg"],"acf":[],"_links":{"self":[{"href":"https:\/\/www.ovg.org.br\/site\/index.php?rest_route=\/wp\/v2\/posts\/25802","targetHints":{"allow":["GET"]}}],"collection":[{"href":"https:\/\/www.ovg.org.br\/site\/index.php?rest_route=\/wp\/v2\/posts"}],"about":[{"href":"https:\/\/www.ovg.org.br\/site\/index.php?rest_route=\/wp\/v2\/types\/post"}],"author":[{"embeddable":true,"href":"https:\/\/www.ovg.org.br\/site\/index.php?rest_route=\/wp\/v2\/users\/4"}],"replies":[{"embeddable":true,"href":"https:\/\/www.ovg.org.br\/site\/index.php?rest_route=%2Fwp%2Fv2%2Fcomments&post=25802"}],"version-history":[{"count":3,"href":"https:\/\/www.ovg.org.br\/site\/index.php?rest_route=\/wp\/v2\/posts\/25802\/revisions"}],"predecessor-version":[{"id":25813,"href":"https:\/\/www.ovg.org.br\/site\/index.php?rest_route=\/wp\/v2\/posts\/25802\/revisions\/25813"}],"wp:featuredmedia":[{"embeddable":true,"href":"https:\/\/www.ovg.org.br\/site\/index.php?rest_route=\/wp\/v2\/media\/25806"}],"wp:attachment":[{"href":"https:\/\/www.ovg.org.br\/site\/index.php?rest_route=%2Fwp%2Fv2%2Fmedia&parent=25802"}],"wp:term":[{"taxonomy":"category","embeddable":true,"href":"https:\/\/www.ovg.org.br\/site\/index.php?rest_route=%2Fwp%2Fv2%2Fcategories&post=25802"},{"taxonomy":"post_tag","embeddable":true,"href":"https:\/\/www.ovg.org.br\/site\/index.php?rest_route=%2Fwp%2Fv2%2Ftags&post=25802"}],"curies":[{"name":"wp","href":"https:\/\/api.w.org\/{rel}","templated":true}]}}