{"id":25854,"date":"2025-05-22T15:12:46","date_gmt":"2025-05-22T18:12:46","guid":{"rendered":"https:\/\/www.ovg.org.br\/site\/?p=25854"},"modified":"2025-05-22T15:12:47","modified_gmt":"2025-05-22T18:12:47","slug":"governo-de-goias-recebe-doacao-de-60-mil-litros-de-leite","status":"publish","type":"post","link":"https:\/\/www.ovg.org.br\/site\/?p=25854","title":{"rendered":"Governo de Goi\u00e1s recebe doa\u00e7\u00e3o de 60 mil litros de leite"},"content":{"rendered":"\n<p><strong>Elis\u00e2ngela Vieira<\/strong><\/p>\n\n\n\n<p>O governador Ronaldo Caiado agradeceu, nesta quinta-feira (22\/5), a doa\u00e7\u00e3o de 60 mil litros de leite feita pelo Sindicato das Ind\u00fastrias de Latic\u00ednios de Goi\u00e1s (Sindileite-GO), Sindicato das Ind\u00fastrias de Energias de Goi\u00e1s (Sindienergias), pela Cooperativa Central de Latic\u00ednios de Goi\u00e1s (Centroleite), pelo Sindicato da Ind\u00fastria de Fabrica\u00e7\u00e3o de A\u00e7\u00facar de Goi\u00e1s (Sifa\u00e7\u00facar) e produtores rurais. A entrega simb\u00f3lica ocorreu durante evento no Pal\u00e1cio das Esmeraldas, em Goi\u00e2nia (GO). A iniciativa, que se repete anualmente, \u00e9 uma celebra\u00e7\u00e3o ao Dia Mundial do Leite e refor\u00e7a o compromisso do Governo de Goi\u00e1s com o combate \u00e0 fome e \u00e0 vulnerabilidade social, por meio do programa Goi\u00e1s Social.<\/p>\n\n\n\n<p>Para Caiado, o ato representa mais do que uma doa\u00e7\u00e3o. \u201cRepresenta uni\u00e3o, respeito e compromisso com quem mais precisa. Goi\u00e1s est\u00e1 dando exemplo ao Brasil. Quando o setor produtivo se une ao poder p\u00fablico e ao terceiro setor, conseguimos alcan\u00e7ar quem est\u00e1 l\u00e1 na ponta, nas comunidades, nas institui\u00e7\u00f5es que cuidam das nossas crian\u00e7as e idosos. Isso \u00e9 fazer pol\u00edtica social de verdade\u201d, destacou.<\/p>\n\n\n\n<p>O presidente do Sindileite-GO, Jair Jos\u00e9 Ant\u00f4nio Borges, refor\u00e7ou o car\u00e1ter solid\u00e1rio da a\u00e7\u00e3o e o papel do setor na manuten\u00e7\u00e3o da vida no campo e no fortalecimento das fam\u00edlias produtoras de leite. \u201cEsse evento \u00e9 uma tradi\u00e7\u00e3o para n\u00f3s. \u00c9 uma alegria enorme poder contribuir, sabendo que esse leite vai chegar at\u00e9 quem realmente precisa. E tudo isso s\u00f3 \u00e9 poss\u00edvel porque existe um ambiente de di\u00e1logo, de parceria com o governo, que valoriza o setor produtivo e entende a import\u00e2ncia de manter o homem no campo com dignidade\u201d, afirmou.<\/p>\n\n\n\n<p>O vice-governador Daniel Vilela tamb\u00e9m participou do evento e lembrou o compromisso da atual gest\u00e3o com o fortalecimento das parcerias que geram impacto social. \u201cEssa entrega de hoje \u00e9 mais um s\u00edmbolo da for\u00e7a que tem a colabora\u00e7\u00e3o entre governo, setor produtivo e sociedade civil. Quando somamos esfor\u00e7os, conseguimos transformar realidades. E o papel do Governo de Goi\u00e1s \u00e9 justamente esse: criar pontes, abrir espa\u00e7o para quem quer contribuir e garantir que essa ajuda chegue a quem mais precisa\u201d.<\/p>\n\n\n\n<p>Engajamento<br>A diretora-geral da Organiza\u00e7\u00e3o das Volunt\u00e1rias de Goi\u00e1s (OVG), Adryanna Caiado, refor\u00e7ou que a parceria entre o setor p\u00fablico, privado e o terceiro setor tem feito a diferen\u00e7a na vida de milhares de pessoas em Goi\u00e1s. \u201c\u00c9 emocionante ver o engajamento de tantas empresas e cooperativas do leite em mais um ano dessa campanha. Esses 60 mil litros ser\u00e3o distribu\u00eddos com muito cuidado, especialmente para institui\u00e7\u00f5es que atendem crian\u00e7as e idosos, que precisam desse alimento t\u00e3o nutritivo\u201d, disse ela.<\/p>\n\n\n\n<p>O presidente do Sistema Faeg (Federa\u00e7\u00e3o da Agricultura e Pecu\u00e1ria de Goi\u00e1s), Jos\u00e9 M\u00e1rio Schreiner, citou o papel do Sindileite e o diferencial do Governo de Goi\u00e1s na articula\u00e7\u00e3o de a\u00e7\u00f5es efetivas. \u201cSolidariedade \u00e9 isso: estender a m\u00e3o a quem precisa. E quando vemos o setor produtivo unido ao governo para fazer o bem, percebemos que Goi\u00e1s est\u00e1 no caminho certo. Isso n\u00e3o acontece por acaso. Temos um governador que d\u00e1 o tom, que lidera com responsabilidade e sensibilidade\u201d, pontuou.<\/p>\n\n\n\n<p>Os 60 mil litros de leite arrecadados ser\u00e3o distribu\u00eddos pela Organiza\u00e7\u00e3o para institui\u00e7\u00f5es sociais cadastradas no Estado, priorizando aquelas que atendem crian\u00e7as e idosos em situa\u00e7\u00e3o de vulnerabilidade. Desde 2019, j\u00e1 s\u00e3o 410,7 mil litros e 500kg de leite em p\u00f3 doados pelo Sindileite e parceiros \u00e0 OVG.<\/p>\n\n\n\n<p><strong>Secretaria de Comunica\u00e7\u00e3o &#8211; Governo de Goi\u00e1s<\/strong><\/p>\n","protected":false},"excerpt":{"rendered":"<p>Alimento arrecadado junto ao Sindileite-GO, Sindienergias, Centroleite, Sifa\u00e7\u00facar e produtores rurais vai beneficiar entidades sociais cadastradas na OVG<\/p>\n","protected":false},"author":8,"featured_media":25855,"comment_status":"closed","ping_status":"closed","sticky":false,"template":"","format":"standard","meta":{"_acf_changed":false,"footnotes":""},"categories":[1],"tags":[],"class_list":["post-25854","post","type-post","status-publish","format-standard","has-post-thumbnail","hentry","category-noticias-ovg"],"acf":[],"_links":{"self":[{"href":"https:\/\/www.ovg.org.br\/site\/index.php?rest_route=\/wp\/v2\/posts\/25854","targetHints":{"allow":["GET"]}}],"collection":[{"href":"https:\/\/www.ovg.org.br\/site\/index.php?rest_route=\/wp\/v2\/posts"}],"about":[{"href":"https:\/\/www.ovg.org.br\/site\/index.php?rest_route=\/wp\/v2\/types\/post"}],"author":[{"embeddable":true,"href":"https:\/\/www.ovg.org.br\/site\/index.php?rest_route=\/wp\/v2\/users\/8"}],"replies":[{"embeddable":true,"href":"https:\/\/www.ovg.org.br\/site\/index.php?rest_route=%2Fwp%2Fv2%2Fcomments&post=25854"}],"version-history":[{"count":1,"href":"https:\/\/www.ovg.org.br\/site\/index.php?rest_route=\/wp\/v2\/posts\/25854\/revisions"}],"predecessor-version":[{"id":25856,"href":"https:\/\/www.ovg.org.br\/site\/index.php?rest_route=\/wp\/v2\/posts\/25854\/revisions\/25856"}],"wp:featuredmedia":[{"embeddable":true,"href":"https:\/\/www.ovg.org.br\/site\/index.php?rest_route=\/wp\/v2\/media\/25855"}],"wp:attachment":[{"href":"https:\/\/www.ovg.org.br\/site\/index.php?rest_route=%2Fwp%2Fv2%2Fmedia&parent=25854"}],"wp:term":[{"taxonomy":"category","embeddable":true,"href":"https:\/\/www.ovg.org.br\/site\/index.php?rest_route=%2Fwp%2Fv2%2Fcategories&post=25854"},{"taxonomy":"post_tag","embeddable":true,"href":"https:\/\/www.ovg.org.br\/site\/index.php?rest_route=%2Fwp%2Fv2%2Ftags&post=25854"}],"curies":[{"name":"wp","href":"https:\/\/api.w.org\/{rel}","templated":true}]}}