{"id":26052,"date":"2025-06-05T16:28:57","date_gmt":"2025-06-05T19:28:57","guid":{"rendered":"https:\/\/www.ovg.org.br\/site\/?p=26052"},"modified":"2025-06-05T16:30:46","modified_gmt":"2025-06-05T19:30:46","slug":"ovg-conquista-segundo-lugar-no-premio-goias-sustentavel-com-projeto-que-une-inclusao-social-e-preservacao-ambiental","status":"publish","type":"post","link":"https:\/\/www.ovg.org.br\/site\/?p=26052","title":{"rendered":"OVG conquista segundo lugar no pr\u00eamio \u201cGoi\u00e1s Sustent\u00e1vel\u201d com projeto que une inclus\u00e3o social e preserva\u00e7\u00e3o ambiental"},"content":{"rendered":"\n<p><\/p>\n\n\n\n<p><strong>Lucas Dellamare<\/strong><\/p>\n\n\n\n<p>A Organiza\u00e7\u00e3o das Volunt\u00e1rias de Goi\u00e1s (OVG) foi finalista, pela segunda vez, do pr\u00eamio \u201cGoi\u00e1s Sustent\u00e1vel\u201d, concedido pelo Governo de Goi\u00e1s, por meio da Secretaria de Estado de Meio Ambiente e Desenvolvimento Sustent\u00e1vel (Semad), com o objetivo de reconhecer a\u00e7\u00f5es que contribuem para a constru\u00e7\u00e3o de um estado mais justo, sustent\u00e1vel e inclusivo. A cerim\u00f4nia de premia\u00e7\u00e3o foi realizada no dia 4 de junho, em Goi\u00e2nia, e reconheceu iniciativas que promovem pr\u00e1ticas respons\u00e1veis e transformadoras em prol da sustentabilidade e da justi\u00e7a social em todo o estado.<\/p>\n\n\n\n<p>Neste ano, o projeto premiado foi \u201cCooperativa In Loco \u2013 Eventos Natal do Bem e Centro de Apoio ao Romeiro de Trindade\u201d, que destacou a atua\u00e7\u00e3o de catadores de materiais recicl\u00e1veis durante dois grandes eventos promovidos pela OVG, em parceria com o Goi\u00e1s Social. A iniciativa envolveu a Cooperativa de Trabalho de Catadores de Material Recicl\u00e1vel Feminina de Aparecida de Goi\u00e2nia (Coorfap), no Natal do Bem, e a Cooperativa Santa F\u00e9, no CAR Trindade, promovendo um significativo impacto social e ambiental com a separa\u00e7\u00e3o e destina\u00e7\u00e3o correta de res\u00edduos.<\/p>\n\n\n\n<p>\u201cA sustentabilidade \u00e9 um compromisso que abra\u00e7amos com amor. Ver nossas a\u00e7\u00f5es sendo reconhecidas mostra que \u00e9 poss\u00edvel cuidar das pessoas e do planeta ao mesmo tempo. Esse pr\u00eamio \u00e9 das fam\u00edlias, dos cooperados, dos volunt\u00e1rios e de todos que acreditam em um Goi\u00e1s mais justo, humano e sustent\u00e1vel&#8221;, destacou a presidente de honra da OVG e coordenadora do Goi\u00e1s Social, primeira-dama Gracinha Caiado.<\/p>\n\n\n\n<p>A a\u00e7\u00e3o premiada est\u00e1 alinhada aos Objetivos de Desenvolvimento Sustent\u00e1vel (ODS) da ONU, contemplando temas como erradica\u00e7\u00e3o da pobreza; redu\u00e7\u00e3o das desigualdades; cidades e comunidades sustent\u00e1veis; consumo e produ\u00e7\u00e3o respons\u00e1veis e a\u00e7\u00e3o contra a mudan\u00e7a global do clima. De acordo com a Respons\u00e1vel T\u00e9cnica pela Gest\u00e3o de Res\u00edduos da OVG, Rosiane Goulart, \u201ca proposta do projeto foi estruturar uma log\u00edstica de gest\u00e3o de res\u00edduos s\u00f3lida, eficiente e socialmente respons\u00e1vel, com foco na inclus\u00e3o produtiva de cooperativas&#8221;. Ainda segundo ela, &#8220;a ader\u00eancia aos Objetivos da ONU refor\u00e7a nosso compromisso em integrar pol\u00edticas ambientais e sociais nos eventos promovidos pela OVG e pelo Goi\u00e1s Social, tornando-os espa\u00e7os de transforma\u00e7\u00e3o social, educa\u00e7\u00e3o ambiental e gera\u00e7\u00e3o de trabalho e renda para popula\u00e7\u00f5es em situa\u00e7\u00e3o de vulnerabilidade\u201d.<\/p>\n\n\n\n<figure class=\"wp-block-image size-large\"><img loading=\"lazy\" decoding=\"async\" width=\"1024\" height=\"683\" src=\"https:\/\/www.ovg.org.br\/site\/wp-content\/uploads\/2025\/06\/DSC09979-1-1024x683.jpg\" alt=\"\" class=\"wp-image-26055\" srcset=\"https:\/\/www.ovg.org.br\/site\/wp-content\/uploads\/2025\/06\/DSC09979-1-1024x683.jpg 1024w, https:\/\/www.ovg.org.br\/site\/wp-content\/uploads\/2025\/06\/DSC09979-1-300x200.jpg 300w, https:\/\/www.ovg.org.br\/site\/wp-content\/uploads\/2025\/06\/DSC09979-1-768x512.jpg 768w, https:\/\/www.ovg.org.br\/site\/wp-content\/uploads\/2025\/06\/DSC09979-1-1536x1024.jpg 1536w, https:\/\/www.ovg.org.br\/site\/wp-content\/uploads\/2025\/06\/DSC09979-1-2048x1365.jpg 2048w\" sizes=\"auto, (max-width: 1024px) 100vw, 1024px\" \/><\/figure>\n\n\n\n<p>Al\u00e9m da prote\u00e7\u00e3o ao meio ambiente, a atua\u00e7\u00e3o das cooperativas proporciona gera\u00e7\u00e3o de renda, dignidade e inclus\u00e3o social para dezenas de fam\u00edlias goianas. No Natal do Bem, por exemplo, foram mais de 50 toneladas de res\u00edduos recicl\u00e1veis triados e destinados corretamente, gra\u00e7as ao trabalho da Coorfap. \u201cParticipar do Natal do Bem foi uma b\u00ean\u00e7\u00e3o. A gente n\u00e3o ganha s\u00f3 dinheiro, a gente ganha reconhecimento. Ser tratada com dignidade muda tudo\u201d, ressalta Adriana dos Santos, presidente da Coorfap. Durante a romaria do Divino Pai Eterno, a Cooperativa Santa F\u00e9 tamb\u00e9m atuou diretamente no Centro de Apoio ao Romeiro de Trindade, ajudando a manter a cidade limpa e sustent\u00e1vel, mesmo com o intenso fluxo de visitantes.<\/p>\n\n\n\n<p>\u201cCada cooperativa parceira representa uma oportunidade real de mudan\u00e7a na vida das pessoas. Ver esses homens e mulheres sendo inclu\u00eddos, respeitados e reconhecidos \u00e9 a maior prova de que pol\u00edticas p\u00fablicas podem, sim, promover dignidade e transforma\u00e7\u00e3o social. Esse reconhecimento \u00e9 o resultado de um trabalho feito com compromisso, responsabilidade social e cuidado com cada detalhe&#8221;, comentou a diretora-geral da OVG, Adryanna Caiado.<\/p>\n\n\n\n<p>Com a nova conquista, a OVG se consolida como refer\u00eancia em boas pr\u00e1ticas de sustentabilidade e inclus\u00e3o produtiva, inspirando outras institui\u00e7\u00f5es p\u00fablicas e privadas a adotarem modelos que respeitam o meio ambiente e valorizam o ser humano. \u201cQuando cuidamos das pessoas e do meio ambiente, constru\u00edmos um futuro mais justo. Esse pr\u00eamio mostra que \u00e9 poss\u00edvel transformar vidas com dignidade e responsabilidade\u201d, finalizou Gracinha Caiado.<\/p>\n\n\n\n<p><br><strong>Organiza\u00e7\u00e3o das Volunt\u00e1rias de Goi\u00e1s (OVG) | Goi\u00e1s Social<\/strong><\/p>\n\n\n\n<p><\/p>\n","protected":false},"excerpt":{"rendered":"<p>Reconhecimento refor\u00e7a o compromisso da Organiza\u00e7\u00e3o com os Objetivos de Desenvolvimento Sustent\u00e1vel da ONU, por meio da atua\u00e7\u00e3o de cooperativas em grandes eventos sociais, como o Natal do Bem e o Centro de Apoio ao Romeiro de Trindade<\/p>\n","protected":false},"author":8,"featured_media":26053,"comment_status":"closed","ping_status":"closed","sticky":false,"template":"","format":"standard","meta":{"_acf_changed":false,"footnotes":""},"categories":[1],"tags":[],"class_list":["post-26052","post","type-post","status-publish","format-standard","has-post-thumbnail","hentry","category-noticias-ovg"],"acf":[],"_links":{"self":[{"href":"https:\/\/www.ovg.org.br\/site\/index.php?rest_route=\/wp\/v2\/posts\/26052","targetHints":{"allow":["GET"]}}],"collection":[{"href":"https:\/\/www.ovg.org.br\/site\/index.php?rest_route=\/wp\/v2\/posts"}],"about":[{"href":"https:\/\/www.ovg.org.br\/site\/index.php?rest_route=\/wp\/v2\/types\/post"}],"author":[{"embeddable":true,"href":"https:\/\/www.ovg.org.br\/site\/index.php?rest_route=\/wp\/v2\/users\/8"}],"replies":[{"embeddable":true,"href":"https:\/\/www.ovg.org.br\/site\/index.php?rest_route=%2Fwp%2Fv2%2Fcomments&post=26052"}],"version-history":[{"count":4,"href":"https:\/\/www.ovg.org.br\/site\/index.php?rest_route=\/wp\/v2\/posts\/26052\/revisions"}],"predecessor-version":[{"id":26059,"href":"https:\/\/www.ovg.org.br\/site\/index.php?rest_route=\/wp\/v2\/posts\/26052\/revisions\/26059"}],"wp:featuredmedia":[{"embeddable":true,"href":"https:\/\/www.ovg.org.br\/site\/index.php?rest_route=\/wp\/v2\/media\/26053"}],"wp:attachment":[{"href":"https:\/\/www.ovg.org.br\/site\/index.php?rest_route=%2Fwp%2Fv2%2Fmedia&parent=26052"}],"wp:term":[{"taxonomy":"category","embeddable":true,"href":"https:\/\/www.ovg.org.br\/site\/index.php?rest_route=%2Fwp%2Fv2%2Fcategories&post=26052"},{"taxonomy":"post_tag","embeddable":true,"href":"https:\/\/www.ovg.org.br\/site\/index.php?rest_route=%2Fwp%2Fv2%2Ftags&post=26052"}],"curies":[{"name":"wp","href":"https:\/\/api.w.org\/{rel}","templated":true}]}}