{"id":26194,"date":"2025-06-13T09:23:03","date_gmt":"2025-06-13T12:23:03","guid":{"rendered":"https:\/\/www.ovg.org.br\/site\/?p=26194"},"modified":"2025-06-13T09:23:04","modified_gmt":"2025-06-13T12:23:04","slug":"caiado-e-gracinha-celebram-a-solidariedade-na-5o-edicao-do-arraia-do-bem","status":"publish","type":"post","link":"https:\/\/www.ovg.org.br\/site\/?p=26194","title":{"rendered":"Caiado e Gracinha celebram a solidariedade na 5\u00ba edi\u00e7\u00e3o do Arrai\u00e1 do Bem"},"content":{"rendered":"\n<p class=\"has-text-align-center has-small-font-size\">Ronaldo e Gracinha Caiado receberam convidados para a quarta edi\u00e7\u00e3o da festa junina solid\u00e1ria<\/p>\n\n\n\n<p>Uma noite de celebra\u00e7\u00e3o e solidariedade marcou mais uma edi\u00e7\u00e3o do Arrai\u00e1 do Bem, realizado nesta quinta-feira (12\/6) no Pal\u00e1cio das Esmeraldas, em Goi\u00e2nia. O evento foi comandado pelo governador Ronaldo Caiado e pela coordenadora do Goi\u00e1s Social, primeira-dama Gracinha Caiado, que receberam os convidados para a quinta edi\u00e7\u00e3o da festa junina solid\u00e1ria.<\/p>\n\n\n\n<p>L\u00edder do Goi\u00e1s Social e anfitri\u00e3 da noite, a primeira-dama enfatizou que a iniciativa contribui para fomentar a\u00e7\u00f5es focadas na melhoria da qualidade de vida de pessoas vulner\u00e1veis em todo o estado. \u201cHoje aqui mostramos a todos o quanto Goi\u00e1s tem no seu povo o esp\u00edrito de solidariedade. Porque enquanto n\u00f3s estamos aqui, com alegria, estamos fazendo bem a muitas pessoas que precisam do nosso apoio\u201d, afirmou Gracinha Caiado.<\/p>\n\n\n\n<p>\u201cN\u00e3o tem nada melhor do que quando se governa com amor ao pr\u00f3ximo, com solidariedade, com transpar\u00eancia, com condi\u00e7\u00e3o de ver o povo goiano cada vez mais alegre, cada vez mais ciente de que aquilo que \u00e9 produzido aqui \u00e9 repassado para as pessoas\u201d, afirmou o governador. Ele enfatizou a assertividade das a\u00e7\u00f5es sociais do Estado que, implementadas de forma integrada entre diferentes \u00e1reas do governo, s\u00e3o refer\u00eancia nacional na emancipa\u00e7\u00e3o de fam\u00edlias.<\/p>\n\n\n\n<p>Neste ano, o Arrai\u00e1 do Bem contou com barracas recheadas de comidas t\u00edpicas, decora\u00e7\u00e3o com enfeites tradicionais e as apresenta\u00e7\u00f5es de quadrilhas. O locutor Cuiabano Lima conduziu as atra\u00e7\u00f5es da noite. Entre os convidados, as duplas sertanejas Maiara e Mara\u00edsa, Edson e Hudson, al\u00e9m dos cantores Rayan Barreto, Hugo Vitti e Malu\u00ea. \u201cTodo mundo que est\u00e1 aqui pode curtir o nosso show. Mas, na verdade, estamos aqui para ajudar o pr\u00f3ximo\u201d, afirmou a cantora Maiara. \u201cQuero agradecer por dar essa oportunidade. A gente ama se engajar\u201d, disse.<\/p>\n\n\n\n<p>O vice-governador Daniel Vilela avalia que o evento se consolidou entre os goianos. \u201cEstamos aqui hoje em uma festa maravilhosa para todos que t\u00eam um esp\u00edrito solid\u00e1rio, que querem contribuir com as causas importantes do nosso estado\u201d, enalteceu. \u201cEssas coisas boas precisam ser mantidas\u201d, afirmou ao fazer o compromisso de levar a iniciativa de sucesso adiante.<\/p>\n\n\n\n<p><strong>Evento<\/strong><br>O Arrai\u00e1 do Bem \u00e9 realizado por meio de parcerias com a sociedade civil e iniciativa privada que contribuem com valores, alimentos e bebidas que s\u00e3o consumidas na festa. No ano passado, o Governo de Goi\u00e1s conseguiu arrecadar quase R$ 1 milh\u00e3o, que foram destinados a projetos sociais que apoiam entidades beneficentes e fam\u00edlias em situa\u00e7\u00e3o de vulnerabilidade social.<\/p>\n\n\n\n<p>\u201cO Arrai\u00e1 do Bem \u00e9 uma festa solid\u00e1ria\u201d, afirmou a diretora-geral da Organiza\u00e7\u00e3o das Volunt\u00e1rias de Goi\u00e1s (OVG), Adryanna Caiado, ao refor\u00e7ar que a entidade realiza assist\u00eancia social junto a 700 institui\u00e7\u00f5es, com 6,7 milh\u00f5es de atendimentos por ano. \u201cA nossa inten\u00e7\u00e3o \u00e9 que n\u00f3s, juntos, possamos ajudar o pr\u00f3ximo, as pessoas vulner\u00e1veis em todo o estado de Goi\u00e1s\u201d, acrescentou.<\/p>\n\n\n\n<p>O evento teve a presen\u00e7a de integrantes da equipe de governo, bem como de in\u00fameras autoridades e representantes de v\u00e1rios segmentos. \u201cA gente percebe que fazer o bem \u00e9 sempre um sinal de gra\u00e7a e \u00e9 sempre um sinal de uma b\u00ean\u00e7\u00e3o, \u00e9 abrir portas\u201d, afirmou o padre Marcos Rog\u00e9rio.<\/p>\n\n\n\n<p>\u201cS\u00e3o duas festas com o mesmo prop\u00f3sito. Aqui, feita com doa\u00e7\u00f5es, a renda dos ingressos \u00e9 toda revertida para as obras da OVG. No Serra Dourada, n\u00f3s revertemos os alimentos para a OVG, mas l\u00e1 tivemos a inclus\u00e3o das pessoas que foram nos shows com aquele padr\u00e3o\u201d, avaliou o titular da Secretaria da Retomada, C\u00e9sar Moura, ao citar a etapa realizada com a presen\u00e7a de mais de 100 mil pessoas.<\/p>\n\n\n\n<p>Foram patrocinadores do Arrai\u00e1 do Bem 2025: Aba Medical, Associa\u00e7\u00e3o Pr\u00f3-Desenvolvimento Industrial de Goi\u00e1s (Adial), S\u00e3o Salvador Alimentos (SSA), Associa\u00e7\u00e3o Goiana de Suinocultura (AGS), ArteTrigo, Andrea Balestra, Belacci, Brasil Ilumina\u00e7\u00e3o, Cacha\u00e7a Orizona, Caiap\u00f3 Construtora, Caramuru Alimentos, CCB Construtora, Construtora Centro-Leste (CCL), Comitiva Gourmet, Construtora Rassi, Costa Atacad\u00e3o, EA3 Desenvolvimento Urbano, Equus Veterin\u00e1ria, \u00c9tica Construtora, Fieg, Goldman, Grassa, Icone, Instituto de Longevidade, Instituto NW, IPM P\u00f3s, Grupo Keldrin, Laborat\u00f3rio N\u00facleo, Leilo Azul, Manibrasil, Milh\u00e3o, Minerva Foods, MOBI \u2013 AGM, Nelore EV, New Line, Pimenta Mendez, Pipoca Pop Corn, Porto A\u00e7u, Grupo Porto Seco Centro- Oeste, Rayan Barreto, Reserva 35, Richesse, Sesc Fecom\u00e9rcio, Sicoob, Tecpav\u00a0e\u00a0Qualy\u00a0Boi.<\/p>\n\n\n\n<p><strong>Secretaria de Comunica\u00e7\u00e3o \u2013 Governo\u00a0de\u00a0Goi\u00e1s<\/strong><\/p>\n","protected":false},"excerpt":{"rendered":"<p>Festa junina arrecada recursos para as a\u00e7\u00f5es do Goi\u00e1s Social e da OVG nos 246 munic\u00edpios goianos<\/p>\n","protected":false},"author":4,"featured_media":26195,"comment_status":"closed","ping_status":"closed","sticky":false,"template":"","format":"standard","meta":{"_acf_changed":false,"footnotes":""},"categories":[1],"tags":[],"class_list":["post-26194","post","type-post","status-publish","format-standard","has-post-thumbnail","hentry","category-noticias-ovg"],"acf":[],"_links":{"self":[{"href":"https:\/\/www.ovg.org.br\/site\/index.php?rest_route=\/wp\/v2\/posts\/26194","targetHints":{"allow":["GET"]}}],"collection":[{"href":"https:\/\/www.ovg.org.br\/site\/index.php?rest_route=\/wp\/v2\/posts"}],"about":[{"href":"https:\/\/www.ovg.org.br\/site\/index.php?rest_route=\/wp\/v2\/types\/post"}],"author":[{"embeddable":true,"href":"https:\/\/www.ovg.org.br\/site\/index.php?rest_route=\/wp\/v2\/users\/4"}],"replies":[{"embeddable":true,"href":"https:\/\/www.ovg.org.br\/site\/index.php?rest_route=%2Fwp%2Fv2%2Fcomments&post=26194"}],"version-history":[{"count":1,"href":"https:\/\/www.ovg.org.br\/site\/index.php?rest_route=\/wp\/v2\/posts\/26194\/revisions"}],"predecessor-version":[{"id":26196,"href":"https:\/\/www.ovg.org.br\/site\/index.php?rest_route=\/wp\/v2\/posts\/26194\/revisions\/26196"}],"wp:featuredmedia":[{"embeddable":true,"href":"https:\/\/www.ovg.org.br\/site\/index.php?rest_route=\/wp\/v2\/media\/26195"}],"wp:attachment":[{"href":"https:\/\/www.ovg.org.br\/site\/index.php?rest_route=%2Fwp%2Fv2%2Fmedia&parent=26194"}],"wp:term":[{"taxonomy":"category","embeddable":true,"href":"https:\/\/www.ovg.org.br\/site\/index.php?rest_route=%2Fwp%2Fv2%2Fcategories&post=26194"},{"taxonomy":"post_tag","embeddable":true,"href":"https:\/\/www.ovg.org.br\/site\/index.php?rest_route=%2Fwp%2Fv2%2Ftags&post=26194"}],"curies":[{"name":"wp","href":"https:\/\/api.w.org\/{rel}","templated":true}]}}