{"id":26333,"date":"2025-06-27T09:41:27","date_gmt":"2025-06-27T12:41:27","guid":{"rendered":"https:\/\/www.ovg.org.br\/site\/?p=26333"},"modified":"2025-06-27T09:42:34","modified_gmt":"2025-06-27T12:42:34","slug":"goias-social-centro-de-apoio-ao-romeiro-de-trindade-e-inaugurado","status":"publish","type":"post","link":"https:\/\/www.ovg.org.br\/site\/?p=26333","title":{"rendered":"Goi\u00e1s Social: Centro de Apoio ao Romeiro de Trindade \u00e9 inaugurado"},"content":{"rendered":"\n<p class=\"has-text-align-center has-small-font-size\">CAR Trindade funcionar\u00e1 at\u00e9 24 horas at\u00e9 o dia 6 de julho<\/p>\n\n\n\n<p><strong>Elis\u00e2ngela Vieira<\/strong><\/p>\n\n\n\n<p>O governador Ronaldo Caiado e a presidente de honra da Organiza\u00e7\u00e3o das Volunt\u00e1rias de Goi\u00e1s (OVG) e coordenadora do Goi\u00e1s Social, primeira-dama Gracinha Caiado, abriram, na tarde desta quinta-feira (26\/07) os atendimentos no Centro de Apoio ao Romeiro (CAR) de Trindade. As tendas montadas no quil\u00f4metro 10 da GO-060, mais conhecida como Rodovia da F\u00e9, funcionar\u00e3o 24 horas at\u00e9 o dia 6 de julho. A expectativa \u00e9 que 450 mil pessoas sejam atendidas.<\/p>\n\n\n\n<p>\u201cTemos um sentimento todo especial por essa festa. Preparamos esse espa\u00e7o com todo o suporte necess\u00e1rio. Tudo foi pensado para acolher quem faz essa caminhada da f\u00e9 nessa que \u00e9 a maior romaria do Centro-Oeste e a terceira maior do Pa\u00eds\u201d, disse o governador Ronaldo Caiado. &nbsp;<\/p>\n\n\n\n<p><strong>Acolhimento e qualidade<\/strong><\/p>\n\n\n\n<p>O Centro de Apoio ao Romeiro conta com um servi\u00e7o de acolhimento para oferecer conforto e seguran\u00e7a para os devotos do Divino Pai Eterno. O espa\u00e7o conta com banheiros acess\u00edveis, frald\u00e1rio, capela, <em>Wi-Fi<\/em> gratuito, local para descanso, ambul\u00e2ncia e atendimentos de sa\u00fade que s\u00e3o ofertados por profissionais da Prefeitura de Trindade e do Centro Estadual de Reabilita\u00e7\u00e3o e Readapta\u00e7\u00e3o Dr. Henrique Santillo (Crer), que prestam orienta\u00e7\u00f5es para uma caminhada mais segura e d\u00e3o suporte em primeiros-socorros. Todas as \u00e1reas s\u00e3o frequentemente higienizadas.<\/p>\n\n\n\n<p>Ao passar pelo Centro de Apoio, os romeiros recebem lanches, como leite com canela, caf\u00e9, ch\u00e1, suco, \u00e1gua, p\u00e3o com manteiga e p\u00e3o com mortadela. Equipes formadas por cerca de 150 pessoas, entre funcion\u00e1rios da OVG, volunt\u00e1rios e contratados especialmente para o CAR, trabalham em cada turno. Eles se revezam na produ\u00e7\u00e3o de p\u00e3o, em uma padaria instalada dentro do Centro de Apoio e na distribui\u00e7\u00e3o de lanches.<\/p>\n\n\n\n<p>\u201cReceber todos esses romeiros ao longo dos dias da Festa de Trindade \u00e9 mais que simplesmente oferecer um aux\u00edlio m\u00e9dico ou um lanche. \u00c9 um apoio que o Goi\u00e1s Social oferece \u00e0 cultura religiosa goiana, t\u00e3o forte nessa romaria. Isso \u00e9 proporcionar dignidade e qualidade de vida a todos os goianos, sem exce\u00e7\u00e3o\u201d, afirmou a presidente de honra da OVG e coordenadora do Goi\u00e1s Social, primeira-dama Gracinha Caiado.<\/p>\n\n\n\n<p>J\u00e1 a diretora-geral da OVG, Adryanna Caiado, enfatizou sobre a import\u00e2ncia do CAR. \u201cSabemos que a caminhada feita por tantos peregrinos \u00e9 carregada de devo\u00e7\u00e3o, sacrif\u00edcio e esperan\u00e7a. Muitos percorrem longas dist\u00e2ncias, enfrentando dificuldades como dor e cansa\u00e7o. \u00c9 por isso que este Centro representa mais que um ponto de apoio f\u00edsico, representa um acolhimento em forma de estrutura e servi\u00e7o.\u201d<\/p>\n\n\n\n<p>Durante a abertura do CAR, o bispo auxiliar da arquidiocese de Goi\u00e2nia, Dom Jos\u00e9 Roberto dos Reis, aben\u00e7oou o local.&nbsp; \u201cO pai eterno est\u00e1 com o cora\u00e7\u00e3o feliz e est\u00e1 presente aqui. \u00c9 um gesto de amor profundo, solidariedade e compaix\u00e3o. Parab\u00e9ns pela iniciativa e que o pai eterno nos aben\u00e7oe\u201d, invocou o religioso.<\/p>\n\n\n\n<p>Desde 2022, o Centro de Apoio ao Romeiro possui uma grandiosa estrutura, com 4,2 mil metros quadrados. O espa\u00e7o conta, ainda, com uma base da Pol\u00edcia Militar e do Corpo de Bombeiros, que dar\u00e3o suporte com um grupamento de apoio. Al\u00e9m do Estado, entidades e empresas da iniciativa privada contribuem com o CAR por meio da doa\u00e7\u00e3o de servi\u00e7os e produtos.<\/p>\n\n\n\n<p>Em 2025 s\u00e3o parceiros e patrocinadores do CAR Trindade: 3 Cora\u00e7\u00f5es, Achei Auto Socorro, Grupo Redering, Natura, Nutriex, Nutriza (Friato), o Sindileite, Bello Charque, Bionstinto, Comigo, CRER, FaSeM, Grupo Jos\u00e9 Alvez (Refrescos Bandeirantes), GSA Gama Sucos e Alimentos Ltda, Oswaldo Cruz, Piracanjuba, Seddas, Anicuns SA Alcool e Derivados (Grupo Farias), Caramuru Alimentos, Hospital do Rim e Prefeitura de Trindade.<\/p>\n\n\n\n<p><strong>Organiza\u00e7\u00e3o das Volunt\u00e1rias de Goi\u00e1s \u2013 Governo&nbsp;de&nbsp;Goi\u00e1s<\/strong><\/p>\n","protected":false},"excerpt":{"rendered":"<p>A expectativa \u00e9 que 450 mil pessoas passem pelo espa\u00e7o preparado para acolher os romeiros da maior romaria do Centro-Oeste<\/p>\n","protected":false},"author":4,"featured_media":26334,"comment_status":"closed","ping_status":"closed","sticky":false,"template":"","format":"standard","meta":{"_acf_changed":false,"footnotes":""},"categories":[1],"tags":[],"class_list":["post-26333","post","type-post","status-publish","format-standard","has-post-thumbnail","hentry","category-noticias-ovg"],"acf":[],"_links":{"self":[{"href":"https:\/\/www.ovg.org.br\/site\/index.php?rest_route=\/wp\/v2\/posts\/26333","targetHints":{"allow":["GET"]}}],"collection":[{"href":"https:\/\/www.ovg.org.br\/site\/index.php?rest_route=\/wp\/v2\/posts"}],"about":[{"href":"https:\/\/www.ovg.org.br\/site\/index.php?rest_route=\/wp\/v2\/types\/post"}],"author":[{"embeddable":true,"href":"https:\/\/www.ovg.org.br\/site\/index.php?rest_route=\/wp\/v2\/users\/4"}],"replies":[{"embeddable":true,"href":"https:\/\/www.ovg.org.br\/site\/index.php?rest_route=%2Fwp%2Fv2%2Fcomments&post=26333"}],"version-history":[{"count":3,"href":"https:\/\/www.ovg.org.br\/site\/index.php?rest_route=\/wp\/v2\/posts\/26333\/revisions"}],"predecessor-version":[{"id":26337,"href":"https:\/\/www.ovg.org.br\/site\/index.php?rest_route=\/wp\/v2\/posts\/26333\/revisions\/26337"}],"wp:featuredmedia":[{"embeddable":true,"href":"https:\/\/www.ovg.org.br\/site\/index.php?rest_route=\/wp\/v2\/media\/26334"}],"wp:attachment":[{"href":"https:\/\/www.ovg.org.br\/site\/index.php?rest_route=%2Fwp%2Fv2%2Fmedia&parent=26333"}],"wp:term":[{"taxonomy":"category","embeddable":true,"href":"https:\/\/www.ovg.org.br\/site\/index.php?rest_route=%2Fwp%2Fv2%2Fcategories&post=26333"},{"taxonomy":"post_tag","embeddable":true,"href":"https:\/\/www.ovg.org.br\/site\/index.php?rest_route=%2Fwp%2Fv2%2Ftags&post=26333"}],"curies":[{"name":"wp","href":"https:\/\/api.w.org\/{rel}","templated":true}]}}