{"id":26784,"date":"2025-07-23T09:39:38","date_gmt":"2025-07-23T12:39:38","guid":{"rendered":"https:\/\/www.ovg.org.br\/site\/?p=26784"},"modified":"2025-07-23T09:54:30","modified_gmt":"2025-07-23T12:54:30","slug":"ovg-e-goias-social-fortalecem-voluntariado-no-estado-com-capacitacoes-gratuitas-presenciais-e-online","status":"publish","type":"post","link":"https:\/\/www.ovg.org.br\/site\/?p=26784","title":{"rendered":"OVG e Goi\u00e1s Social fortalecem voluntariado no Estado com capacita\u00e7\u00f5es gratuitas"},"content":{"rendered":"\n<p><strong>Lucas Dellamare<\/strong><\/p>\n\n\n\n<p>Desde 2019, Goi\u00e1s vive uma verdadeira onda de solidariedade. Mais de 18 mil volunt\u00e1rios foram formados pela Organiza\u00e7\u00e3o das Volunt\u00e1rias de Goi\u00e1s (OVG), em parceria com o Goi\u00e1s Social, em um movimento que une pessoas com um prop\u00f3sito comum: fazer o bem. Ao lado deles, quase 400 a\u00e7\u00f5es sociais j\u00e1 impactaram crian\u00e7as, jovens, adultos e idosos em todo o Estado.<\/p>\n\n\n\n<p>Neste segundo semestre de 2025, a OVG refor\u00e7a essa corrente solid\u00e1ria com um cronograma ampliado de capacita\u00e7\u00f5es, voltadas a volunt\u00e1rios e entidades sociais. A programa\u00e7\u00e3o inclui encontros presenciais e online, com temas como benef\u00edcios sociais e psicol\u00f3gicos do voluntariado, aspectos legais e \u00e9ticos da atua\u00e7\u00e3o volunt\u00e1ria e formas de acolher volunt\u00e1rios nas entidades parceiras.<\/p>\n\n\n\n<p>\u201cO voluntariado \u00e9 a alma do Goi\u00e1s Social e da OVG. Cada pessoa que decide doar seu tempo para ajudar o outro constr\u00f3i, com a gente, um estado mais justo, humano e fraterno. Por isso, capacitamos e acompanhamos de perto nossos volunt\u00e1rios e as entidades envolvidas\u201d, afirma a presidente de honra da OVG e coordenadora do Goi\u00e1s Social, primeira-dama Gracinha Caiado.<\/p>\n\n\n\n<p>As capacita\u00e7\u00f5es s\u00e3o pensadas para p\u00fablicos diversos. Futuros volunt\u00e1rios recebem conte\u00fados te\u00f3ricos e pr\u00e1ticos para iniciar sua trajet\u00f3ria com seguran\u00e7a e preparo. J\u00e1 as entidades sociais aprendem a abrir vagas, receber volunt\u00e1rios adequadamente e estruturar suas a\u00e7\u00f5es com responsabilidade. Qualquer pessoa maior de idade (ou menor, com autoriza\u00e7\u00e3o dos respons\u00e1veis) pode participar das capacita\u00e7\u00f5es e se tornar volunt\u00e1ria.<\/p>\n\n\n<div class=\"wp-block-image\">\n<figure class=\"alignright size-large is-resized\"><img loading=\"lazy\" decoding=\"async\" width=\"1024\" height=\"682\" src=\"https:\/\/www.ovg.org.br\/site\/wp-content\/uploads\/2025\/07\/WhatsApp-Image-2025-07-23-at-09.33.56-1024x682.jpeg\" alt=\"\" class=\"wp-image-26786\" style=\"width:403px;height:auto\" srcset=\"https:\/\/www.ovg.org.br\/site\/wp-content\/uploads\/2025\/07\/WhatsApp-Image-2025-07-23-at-09.33.56-1024x682.jpeg 1024w, https:\/\/www.ovg.org.br\/site\/wp-content\/uploads\/2025\/07\/WhatsApp-Image-2025-07-23-at-09.33.56-300x200.jpeg 300w, https:\/\/www.ovg.org.br\/site\/wp-content\/uploads\/2025\/07\/WhatsApp-Image-2025-07-23-at-09.33.56-768x512.jpeg 768w, https:\/\/www.ovg.org.br\/site\/wp-content\/uploads\/2025\/07\/WhatsApp-Image-2025-07-23-at-09.33.56-1536x1023.jpeg 1536w, https:\/\/www.ovg.org.br\/site\/wp-content\/uploads\/2025\/07\/WhatsApp-Image-2025-07-23-at-09.33.56.jpeg 1600w\" sizes=\"auto, (max-width: 1024px) 100vw, 1024px\" \/><\/figure>\n<\/div>\n\n\n<p>\u201cAntes de participar da forma\u00e7\u00e3o, eu achava que voluntariado era s\u00f3 boa vontade. Hoje sei que \u00e9 muito mais: \u00e9 preparo, escuta e responsabilidade. Eu sempre quis realizar um trabalho volunt\u00e1rio e a OVG me ajudou na realiza\u00e7\u00e3o desse sonho\u201d, conta o nutricionista Marcos Vinicius dos Anjos, que iniciou sua trajet\u00f3ria no voluntariado com mais preparo e consci\u00eancia sobre a import\u00e2ncia do compromisso social.<\/p>\n\n\n\n<p><strong>Plataforma do Voluntariado<\/strong><br>A Plataforma do Voluntariado (https:\/\/www.ovg.org.br\/voluntariado\/) \u00e9 um espa\u00e7o virtual que conecta quem quer ajudar com quem precisa de ajuda. Por meio dela, qualquer pessoa pode se cadastrar, conferir vagas abertas, participar de capacita\u00e7\u00f5es gratuitas e acompanhar as a\u00e7\u00f5es da OVG e de entidades parceiras.<\/p>\n\n\n\n<p>A ferramenta tem sido fundamental para fortalecer a rede solid\u00e1ria do Estado. Desde 2019, 7.494 entidades sociais foram apoiadas pela OVG, sendo que 4.656 delas receberam capacita\u00e7\u00e3o ou assessoramento especializado para qualificar sua atua\u00e7\u00e3o e seu acolhimento aos volunt\u00e1rios.<\/p>\n\n\n<div class=\"wp-block-image\">\n<figure class=\"alignleft size-large is-resized\"><img loading=\"lazy\" decoding=\"async\" width=\"1024\" height=\"682\" src=\"https:\/\/www.ovg.org.br\/site\/wp-content\/uploads\/2025\/07\/WhatsApp-Image-2025-07-23-at-09.33.57-1024x682.jpeg\" alt=\"\" class=\"wp-image-26785\" style=\"width:360px;height:auto\" srcset=\"https:\/\/www.ovg.org.br\/site\/wp-content\/uploads\/2025\/07\/WhatsApp-Image-2025-07-23-at-09.33.57-1024x682.jpeg 1024w, https:\/\/www.ovg.org.br\/site\/wp-content\/uploads\/2025\/07\/WhatsApp-Image-2025-07-23-at-09.33.57-300x200.jpeg 300w, https:\/\/www.ovg.org.br\/site\/wp-content\/uploads\/2025\/07\/WhatsApp-Image-2025-07-23-at-09.33.57-768x512.jpeg 768w, https:\/\/www.ovg.org.br\/site\/wp-content\/uploads\/2025\/07\/WhatsApp-Image-2025-07-23-at-09.33.57-1536x1024.jpeg 1536w, https:\/\/www.ovg.org.br\/site\/wp-content\/uploads\/2025\/07\/WhatsApp-Image-2025-07-23-at-09.33.57-2048x1365.jpeg 2048w\" sizes=\"auto, (max-width: 1024px) 100vw, 1024px\" \/><\/figure>\n<\/div>\n\n\n<p>\u201cSou colaboradora da OVG e tamb\u00e9m volunt\u00e1ria. Percebi que o voluntariado exige sensibilidade, mas tamb\u00e9m organiza\u00e7\u00e3o e responsabilidade. \u00c9 isso que a OVG ensina\u201d, destaca Gainza Naves, que anualmente concilia trabalho e voluntariado durante o Centro de Apoio ao Romeiro (CAR) em Trindade, no m\u00eas de junho, e durante a distribui\u00e7\u00e3o de brinquedos a crian\u00e7as no Natal do Bem, em dezembro.<\/p>\n\n\n\n<p><strong>Caminhada do Bem celebra o Dia do Voluntariado<\/strong><br>Um dos momentos mais aguardados da agenda de 2025 \u00e9 a Caminhada do Bem, que ser\u00e1 realizada no dia 23 de agosto, em comemora\u00e7\u00e3o ao Dia do Voluntariado. Em sua terceira edi\u00e7\u00e3o, o evento promete reunir centenas de volunt\u00e1rios, em uma grande manifesta\u00e7\u00e3o p\u00fablica de amor, f\u00e9, esperan\u00e7a e solidariedade.<\/p>\n\n\n\n<p>Al\u00e9m da caminhada, o calend\u00e1rio inclui a\u00e7\u00f5es como o Caf\u00e9 com Voluntariado, o Projeto Papai Noel dos Correios, e a divulga\u00e7\u00e3o dos \u201cClassificados do Bem\u201d, com vagas abertas de voluntariado, entre outras atividades que fortalecem os la\u00e7os da comunidade com as causas sociais. A programa\u00e7\u00e3o \u00e9 gratuita e pode ser acessada pelo site da OVG.<\/p>\n\n\n\n<p><strong>Quer ser Volunt\u00e1rio do Bem?<\/strong><br>Se voc\u00ea quer ajudar, mas n\u00e3o sabe por onde come\u00e7ar, a OVG est\u00e1 pronta para te acolher. Pela Plataforma do Voluntariado, \u00e9 poss\u00edvel se cadastrar, participar de capacita\u00e7\u00f5es online, encontrar vagas e acompanhar a\u00e7\u00f5es transformadoras. A solidariedade come\u00e7a com um passo: o primeiro.<\/p>\n\n\n\n<p>\u201cAcredite: seu gesto pode mudar a vida de quem mais precisa, e a sua tamb\u00e9m. Venha com a gente construir um Goi\u00e1s mais humano. O voluntariado \u00e9 uma for\u00e7a poderosa de transforma\u00e7\u00e3o, e voc\u00ea faz parte dela!\u201d, convida a primeira-dama Gracinha Caiado.<\/p>\n\n\n\n<p class=\"has-text-align-left\"><strong>Organiza\u00e7\u00e3o das Volunt\u00e1rias de Goi\u00e1s | Goi\u00e1s Social \u2013 Governo de Goi\u00e1s<\/strong><br><\/p>\n\n\n\n<p><\/p>\n","protected":false},"excerpt":{"rendered":"<p>Capacita\u00e7\u00f5es j\u00e1 formaram mais de 18 mil volunt\u00e1rios e quase 7,5 mil entidades sociais em todo o Estado. Qualquer pessoa pode participar das capacita\u00e7\u00f5es e se tornar volunt\u00e1ria<\/p>\n","protected":false},"author":8,"featured_media":26787,"comment_status":"closed","ping_status":"closed","sticky":false,"template":"","format":"standard","meta":{"_acf_changed":false,"footnotes":""},"categories":[1],"tags":[],"class_list":["post-26784","post","type-post","status-publish","format-standard","has-post-thumbnail","hentry","category-noticias-ovg"],"acf":[],"_links":{"self":[{"href":"https:\/\/www.ovg.org.br\/site\/index.php?rest_route=\/wp\/v2\/posts\/26784","targetHints":{"allow":["GET"]}}],"collection":[{"href":"https:\/\/www.ovg.org.br\/site\/index.php?rest_route=\/wp\/v2\/posts"}],"about":[{"href":"https:\/\/www.ovg.org.br\/site\/index.php?rest_route=\/wp\/v2\/types\/post"}],"author":[{"embeddable":true,"href":"https:\/\/www.ovg.org.br\/site\/index.php?rest_route=\/wp\/v2\/users\/8"}],"replies":[{"embeddable":true,"href":"https:\/\/www.ovg.org.br\/site\/index.php?rest_route=%2Fwp%2Fv2%2Fcomments&post=26784"}],"version-history":[{"count":6,"href":"https:\/\/www.ovg.org.br\/site\/index.php?rest_route=\/wp\/v2\/posts\/26784\/revisions"}],"predecessor-version":[{"id":26795,"href":"https:\/\/www.ovg.org.br\/site\/index.php?rest_route=\/wp\/v2\/posts\/26784\/revisions\/26795"}],"wp:featuredmedia":[{"embeddable":true,"href":"https:\/\/www.ovg.org.br\/site\/index.php?rest_route=\/wp\/v2\/media\/26787"}],"wp:attachment":[{"href":"https:\/\/www.ovg.org.br\/site\/index.php?rest_route=%2Fwp%2Fv2%2Fmedia&parent=26784"}],"wp:term":[{"taxonomy":"category","embeddable":true,"href":"https:\/\/www.ovg.org.br\/site\/index.php?rest_route=%2Fwp%2Fv2%2Fcategories&post=26784"},{"taxonomy":"post_tag","embeddable":true,"href":"https:\/\/www.ovg.org.br\/site\/index.php?rest_route=%2Fwp%2Fv2%2Ftags&post=26784"}],"curies":[{"name":"wp","href":"https:\/\/api.w.org\/{rel}","templated":true}]}}