{"id":26848,"date":"2025-07-29T14:07:00","date_gmt":"2025-07-29T17:07:00","guid":{"rendered":"https:\/\/www.ovg.org.br\/site\/?p=26848"},"modified":"2025-07-29T14:07:01","modified_gmt":"2025-07-29T17:07:01","slug":"goias-social-e-ovg-abrem-inscricoes-para-a-caminhada-do-bem-2025","status":"publish","type":"post","link":"https:\/\/www.ovg.org.br\/site\/?p=26848","title":{"rendered":"Goi\u00e1s Social e OVG abrem inscri\u00e7\u00f5es para a Caminhada do Bem 2025"},"content":{"rendered":"\n<p><strong>Lucas Dellamare<br><\/strong>Um dos momentos mais aguardados do ano por volunt\u00e1rios de todo o estado \u00e9 a Caminhada do Bem, que chega \u00e0 sua terceira edi\u00e7\u00e3o com expectativa de recorde de p\u00fablico. Promovida pela Organiza\u00e7\u00e3o das Volunt\u00e1rias de Goi\u00e1s (OVG) e pelo Goi\u00e1s Social, a a\u00e7\u00e3o ser\u00e1 realizada no dia 23 de agosto, como parte das comemora\u00e7\u00f5es pelo Dia Nacional do Voluntariado, celebrado em 28 de agosto.<\/p>\n\n\n\n<p>A concentra\u00e7\u00e3o come\u00e7ar\u00e1 \u00e0s 16h, na sede da OVG, que fica na Avenida T-14, no Setor Bueno, em Goi\u00e2nia. O ponto de chegada ser\u00e1 a Pra\u00e7a C\u00edvica, na regi\u00e3o Central da capital, onde haver\u00e1 uma recep\u00e7\u00e3o com atividades recreativas e de bem-estar. A expectativa \u00e9 que o percurso de cerca de 5 km seja feito em uma hora. Em suas duas primeiras edi\u00e7\u00f5es, o evento mobilizou mais de 2 mil volunt\u00e1rios. Somente em 2024, mais de 1,5 mil pessoas participaram do trajeto.<\/p>\n\n\n\n<p>A inscri\u00e7\u00e3o deve ser feita pelo site da OVG (ovg.org.br), com a entrega de seis litros de leite longa vida como forma de participa\u00e7\u00e3o. Todo o leite arrecadado ser\u00e1 destinado a entidades sociais cadastradas na OVG, que atendem crian\u00e7as, idosos, pessoas com defici\u00eancia, gestantes e fam\u00edlias em situa\u00e7\u00e3o de vulnerabilidade. As vagas s\u00e3o limitadas e cada participante inscrito receber\u00e1 um kit exclusivo do evento.<\/p>\n\n\n\n<p>\u201cA Caminhada do Bem \u00e9 uma forma bonita e simb\u00f3lica de celebrar o poder transformador do voluntariado. \u00c9 um momento de uni\u00e3o, de f\u00e9, de alegria, e, acima de tudo, de amor ao pr\u00f3ximo, onde n\u00e3o s\u00f3 celebramos, mas arrecadamos muitos litros de leite para serem doados a quem precisa\u201d, afirma a presidente de honra da OVG e coordenadora do Goi\u00e1s Social, primeira-dama Gracinha Caiado.<\/p>\n\n\n\n<p><strong>Voluntariado que transforma<br><\/strong>Desde 2019, mais de 18 mil pessoas j\u00e1 foram capacitadas para o voluntariado por meio da OVG, em parceria com o Goi\u00e1s Social. Com esse apoio, quase 400 iniciativas sociais j\u00e1 beneficiaram milhares de goianos, nos quatro cantos do Estado. Os interessados em se tornar volunt\u00e1rios podem se inscrever pela Plataforma do Voluntariado (ovg.org.br\/voluntariado\/), al\u00e9m de participar de capacita\u00e7\u00f5es virtuais e descobrir oportunidades de atua\u00e7\u00e3o.<\/p>\n\n\n\n<p><strong>Organiza\u00e7\u00e3o das Volunt\u00e1rias de Goi\u00e1s (OVG) | Goi\u00e1s Social \u2013 Governo de Goi\u00e1s<\/strong><\/p>\n","protected":false},"excerpt":{"rendered":"<p>A\u00e7\u00e3o ocorre em 23 de agosto, com sa\u00edda da sede da OVG, no setor Bueno, rumo \u00e0 Pra\u00e7a C\u00edvica, em Goi\u00e2nia. Cada participante \u00e9 convidado a doar 6 litros de leite pela inscri\u00e7\u00e3o<\/p>\n","protected":false},"author":8,"featured_media":26849,"comment_status":"closed","ping_status":"closed","sticky":false,"template":"","format":"standard","meta":{"_acf_changed":false,"footnotes":""},"categories":[1],"tags":[],"class_list":["post-26848","post","type-post","status-publish","format-standard","has-post-thumbnail","hentry","category-noticias-ovg"],"acf":[],"_links":{"self":[{"href":"https:\/\/www.ovg.org.br\/site\/index.php?rest_route=\/wp\/v2\/posts\/26848","targetHints":{"allow":["GET"]}}],"collection":[{"href":"https:\/\/www.ovg.org.br\/site\/index.php?rest_route=\/wp\/v2\/posts"}],"about":[{"href":"https:\/\/www.ovg.org.br\/site\/index.php?rest_route=\/wp\/v2\/types\/post"}],"author":[{"embeddable":true,"href":"https:\/\/www.ovg.org.br\/site\/index.php?rest_route=\/wp\/v2\/users\/8"}],"replies":[{"embeddable":true,"href":"https:\/\/www.ovg.org.br\/site\/index.php?rest_route=%2Fwp%2Fv2%2Fcomments&post=26848"}],"version-history":[{"count":1,"href":"https:\/\/www.ovg.org.br\/site\/index.php?rest_route=\/wp\/v2\/posts\/26848\/revisions"}],"predecessor-version":[{"id":26850,"href":"https:\/\/www.ovg.org.br\/site\/index.php?rest_route=\/wp\/v2\/posts\/26848\/revisions\/26850"}],"wp:featuredmedia":[{"embeddable":true,"href":"https:\/\/www.ovg.org.br\/site\/index.php?rest_route=\/wp\/v2\/media\/26849"}],"wp:attachment":[{"href":"https:\/\/www.ovg.org.br\/site\/index.php?rest_route=%2Fwp%2Fv2%2Fmedia&parent=26848"}],"wp:term":[{"taxonomy":"category","embeddable":true,"href":"https:\/\/www.ovg.org.br\/site\/index.php?rest_route=%2Fwp%2Fv2%2Fcategories&post=26848"},{"taxonomy":"post_tag","embeddable":true,"href":"https:\/\/www.ovg.org.br\/site\/index.php?rest_route=%2Fwp%2Fv2%2Ftags&post=26848"}],"curies":[{"name":"wp","href":"https:\/\/api.w.org\/{rel}","templated":true}]}}