{"id":26870,"date":"2025-07-30T14:04:47","date_gmt":"2025-07-30T17:04:47","guid":{"rendered":"https:\/\/www.ovg.org.br\/site\/?p=26870"},"modified":"2025-07-30T14:04:48","modified_gmt":"2025-07-30T17:04:48","slug":"ovg-e-goias-social-divulgam-resultado-final-do-probem","status":"publish","type":"post","link":"https:\/\/www.ovg.org.br\/site\/?p=26870","title":{"rendered":"OVG e Goi\u00e1s Social divulgam resultado final do ProBem"},"content":{"rendered":"\n<p><strong>Elis\u00e2ngela Vieira<\/strong><\/p>\n\n\n\n<p>A Organiza\u00e7\u00e3o das Volunt\u00e1rias de Goi\u00e1s (OVG) e o Goi\u00e1s Social divulgaram, nesta quarta-feira (30\/7), o resultado final do processo seletivo para cinco mil novos bolsistas do Programa Universit\u00e1rio do Bem (ProBem). A lista dos estudantes classificados est\u00e1 dispon\u00edvel no site da OVG, www.ovg.org.br, onde \u00e9 poss\u00edvel conferir tamb\u00e9m o tipo de benef\u00edcio concedido &#8211; parcial ou integral &#8211; conforme dados de vulnerabilidade da fam\u00edlia do candidato. Para participar da sele\u00e7\u00e3o, todos os inscritos precisaram estar com registro ativo e atualizado no Cadastro \u00danico para Programas Sociais do Governo Federal (Cad\u00danico), condi\u00e7\u00e3o essencial para a an\u00e1lise socioecon\u00f4mica exigida pelo programa.<\/p>\n\n\n\n<p>Os universit\u00e1rios beneficiados t\u00eam at\u00e9 o dia 15 de agosto para efetivar a sua matr\u00edcula junto \u00e0 Institui\u00e7\u00e3o de Ensino Superior (IES). Caso esse pr\u00e9-requisito n\u00e3o seja cumprido, o estudante perder\u00e1 o direito ao benef\u00edcio e a bolsa ser\u00e1 direcionada aos pr\u00f3ximos classificados, conforme prev\u00ea o edital. O resultado da 2\u00aa chamada est\u00e1 previsto para 19 de agosto.<\/p>\n\n\n\n<p>Os contemplados v\u00e3o receber o benef\u00edcio a partir da matr\u00edcula deste semestre, ou seja, julho de 2025. Caso o benefici\u00e1rio j\u00e1 tenha arcado com os custos da matr\u00edcula e ganhe a bolsa, poder\u00e1 solicitar \u00e0 faculdade o reembolso do valor ou da diferen\u00e7a, dependendo do tipo de bolsa.<\/p>\n\n\n\n<p>\u201c\u00c9 uma alegria muito grande ver que mais cinco mil estudantes vulner\u00e1veis de todas as regi\u00f5es de Goi\u00e1s ter\u00e3o o futuro transformado com a ajuda do Governo de Goi\u00e1s\u201d, afirma a presidente de honra da OVG e coordenadora do Goi\u00e1s Social, primeira-dama Gracinha Caiado, que completa: \u201cO ProBem \u00e9 o caminho para o futuro. Uma iniciativa que traz um Banco de Oportunidades que desenvolve talentos e ajuda os universit\u00e1rios a estabelecerem e se colocarem no mercado de trabalho, obtendo assim emprego e renda.\u201d<\/p>\n\n\n\n<p><strong>ProBem<\/strong><br>Criado pelo atual governo, o ProBem amplia a capacidade de atendimento aos mais vulner\u00e1veis, trazendo maior seguran\u00e7a ao processo seletivo, promovendo a redu\u00e7\u00e3o das desigualdades sociais por meio do acesso ao ensino superior, al\u00e9m de gerar m\u00e3o de obra qualificada. Desde 2019, o Programa j\u00e1 beneficiou 49.369 estudantes matriculados em 117 cursos diferentes e contemplou universit\u00e1rios residentes em 239 munic\u00edpios goianos. Ao todo, 117 Institui\u00e7\u00f5es de Ensino Superior (IES) sediadas em Goi\u00e1s recebem bolsistas do ProBem.<\/p>\n\n\n\n<p><strong>Organiza\u00e7\u00e3o das Volunt\u00e1rias de Goi\u00e1s (OVG) | Goi\u00e1s Social \u2013 Governo de Goi\u00e1s<\/strong><\/p>\n\n\n\n<p><\/p>\n","protected":false},"excerpt":{"rendered":"<p>A lista dos classificados est\u00e1 dispon\u00edvel no site da Organiza\u00e7\u00e3o das Volunt\u00e1rias de Goi\u00e1s (OVG), www.ovg.org.br. Foram oferecidas cinco mil novas bolsas<\/p>\n","protected":false},"author":8,"featured_media":26871,"comment_status":"closed","ping_status":"closed","sticky":false,"template":"","format":"standard","meta":{"_acf_changed":false,"footnotes":""},"categories":[1],"tags":[],"class_list":["post-26870","post","type-post","status-publish","format-standard","has-post-thumbnail","hentry","category-noticias-ovg"],"acf":[],"_links":{"self":[{"href":"https:\/\/www.ovg.org.br\/site\/index.php?rest_route=\/wp\/v2\/posts\/26870","targetHints":{"allow":["GET"]}}],"collection":[{"href":"https:\/\/www.ovg.org.br\/site\/index.php?rest_route=\/wp\/v2\/posts"}],"about":[{"href":"https:\/\/www.ovg.org.br\/site\/index.php?rest_route=\/wp\/v2\/types\/post"}],"author":[{"embeddable":true,"href":"https:\/\/www.ovg.org.br\/site\/index.php?rest_route=\/wp\/v2\/users\/8"}],"replies":[{"embeddable":true,"href":"https:\/\/www.ovg.org.br\/site\/index.php?rest_route=%2Fwp%2Fv2%2Fcomments&post=26870"}],"version-history":[{"count":1,"href":"https:\/\/www.ovg.org.br\/site\/index.php?rest_route=\/wp\/v2\/posts\/26870\/revisions"}],"predecessor-version":[{"id":26872,"href":"https:\/\/www.ovg.org.br\/site\/index.php?rest_route=\/wp\/v2\/posts\/26870\/revisions\/26872"}],"wp:featuredmedia":[{"embeddable":true,"href":"https:\/\/www.ovg.org.br\/site\/index.php?rest_route=\/wp\/v2\/media\/26871"}],"wp:attachment":[{"href":"https:\/\/www.ovg.org.br\/site\/index.php?rest_route=%2Fwp%2Fv2%2Fmedia&parent=26870"}],"wp:term":[{"taxonomy":"category","embeddable":true,"href":"https:\/\/www.ovg.org.br\/site\/index.php?rest_route=%2Fwp%2Fv2%2Fcategories&post=26870"},{"taxonomy":"post_tag","embeddable":true,"href":"https:\/\/www.ovg.org.br\/site\/index.php?rest_route=%2Fwp%2Fv2%2Ftags&post=26870"}],"curies":[{"name":"wp","href":"https:\/\/api.w.org\/{rel}","templated":true}]}}