{"id":26908,"date":"2025-07-30T15:43:40","date_gmt":"2025-07-30T18:43:40","guid":{"rendered":"https:\/\/www.ovg.org.br\/site\/?p=26908"},"modified":"2025-07-30T16:08:06","modified_gmt":"2025-07-30T19:08:06","slug":"gracinha-caiado-reinaugura-restaurante-do-bem-em-jaragua-com-estrutura-moderna-e-acessivel","status":"publish","type":"post","link":"https:\/\/www.ovg.org.br\/site\/?p=26908","title":{"rendered":"Gracinha Caiado reinaugura Restaurante do Bem em Jaragu\u00e1 com estrutura moderna e acess\u00edvel"},"content":{"rendered":"\n<p>Em mais uma a\u00e7\u00e3o do Governo de Goi\u00e1s no combate \u00e0 fome, a presidente de honra da Organiza\u00e7\u00e3o das Volunt\u00e1rias de Goi\u00e1s (OVG) e coordenadora do Goi\u00e1s Social, primeira-dama Gracinha Caiado, entregou nesta quarta-feira (30\/7) a reforma do Restaurante do Bem de Jaragu\u00e1. Com investimento superior a R$ 648 mil, a unidade passou por moderniza\u00e7\u00e3o completa para atender com dignidade os cidad\u00e3os mais vulner\u00e1veis.<\/p>\n\n\n\n<p>\u201cS\u00e3o quase 800 refei\u00e7\u00f5es servidas todos os dias aqui. E quando o mundo fala em combate \u00e0 fome, a gente trabalha, de fato, para combater a fome. Voc\u00ea v\u00ea, j\u00e1 s\u00e3o 17 restaurantes com essa qualidade, nesse estilo, para oferecer o que h\u00e1 de melhor \u00e0 popula\u00e7\u00e3o carente. E vem mais por a\u00ed\u201d, afirmou Gracinha durante a solenidade.<\/p>\n\n\n\n<p>Localizada na regi\u00e3o central da cidade, a unidade passou por moderniza\u00e7\u00e3o completa. Agora, o restaurante conta com ambiente climatizado, rampas de acessibilidade, sanit\u00e1rios adaptados, mobili\u00e1rio novo e cozinha equipada com eletrodom\u00e9sticos modernos. O atendimento continua de segunda a sexta-feira, com capacidade para at\u00e9 750 refei\u00e7\u00f5es por dia ao valor simb\u00f3lico de R$ 2.<\/p>\n\n\n\n<p>Durante a obra, iniciada em janeiro deste ano, o fornecimento de alimentos n\u00e3o foi interrompido. A popula\u00e7\u00e3o continuou sendo atendida com marmitas, incluindo doa\u00e7\u00f5es destinadas a pessoas em situa\u00e7\u00e3o de rua e fam\u00edlias de refugiados venezuelanos. Desde 2021, j\u00e1 foram mais de 12,3 mil refei\u00e7\u00f5es gratuitas servidas no munic\u00edpio.<\/p>\n\n\n\n<p>O prefeito de Jaragu\u00e1 agradeceu a primeira-dama pela entrega da nova unidade durante as comemora\u00e7\u00f5es do anivers\u00e1rio do munic\u00edpio, que completou 289 anos. \u201cO local ficou lindo e vai servir os trabalhadores de Jaragu\u00e1. A gente n\u00e3o entrega s\u00f3 obra, a gente entrega cuidado com as pessoas, que \u00e9 o bem mais precioso da cidade\u201d, afirmou.<\/p>\n\n\n<div class=\"wp-block-image\">\n<figure class=\"alignleft size-large is-resized\"><img loading=\"lazy\" decoding=\"async\" width=\"1024\" height=\"683\" src=\"https:\/\/www.ovg.org.br\/site\/wp-content\/uploads\/2025\/07\/WhatsApp-Image-2025-07-30-at-15.33.26-1024x683.jpeg\" alt=\"\" class=\"wp-image-26910\" style=\"width:511px;height:auto\" srcset=\"https:\/\/www.ovg.org.br\/site\/wp-content\/uploads\/2025\/07\/WhatsApp-Image-2025-07-30-at-15.33.26-1024x683.jpeg 1024w, https:\/\/www.ovg.org.br\/site\/wp-content\/uploads\/2025\/07\/WhatsApp-Image-2025-07-30-at-15.33.26-300x200.jpeg 300w, https:\/\/www.ovg.org.br\/site\/wp-content\/uploads\/2025\/07\/WhatsApp-Image-2025-07-30-at-15.33.26-768x512.jpeg 768w, https:\/\/www.ovg.org.br\/site\/wp-content\/uploads\/2025\/07\/WhatsApp-Image-2025-07-30-at-15.33.26-1536x1024.jpeg 1536w, https:\/\/www.ovg.org.br\/site\/wp-content\/uploads\/2025\/07\/WhatsApp-Image-2025-07-30-at-15.33.26-2048x1366.jpeg 2048w\" sizes=\"auto, (max-width: 1024px) 100vw, 1024px\" \/><\/figure>\n<\/div>\n\n\n<p><strong>Expans\u00e3o e Melhorias<br><\/strong>A entrega em Jaragu\u00e1 faz parte do plano de expans\u00e3o e melhorias do Programa Restaurante do Bem, que j\u00e1 ultrapassou a marca de 23 milh\u00f5es de refei\u00e7\u00f5es servidas em Goi\u00e1s desde 2019, com mais de R$ 152 milh\u00f5es em investimentos. Atualmente, s\u00e3o 17 unidades no estado, sendo quatro inauguradas apenas nos \u00faltimos dois anos \u2014 entre elas, a de Cavalcante, entregue neste m\u00eas.<\/p>\n\n\n\n<p>Usu\u00e1rio h\u00e1 tr\u00eas anos do restaurante de Jaragu\u00e1, Domingos Batista de Almeida, estava animado por ver o novo local de almo\u00e7o. \u201cFicou muito bom, melhor que as expectativas\u201c, afirmou. Ednalva dos Santos, que tamb\u00e9m esteve na reinaugura\u00e7\u00e3o da unidade, estava satisfeita. \u201cMuito bom o que est\u00e3o fazendo para a popula\u00e7\u00e3o\u201d, elogiou.<\/p>\n\n\n\n<p><\/p>\n","protected":false},"excerpt":{"rendered":"<p>Unidade da OVG passou por reforma e moderniza\u00e7\u00e3o completa para garantir conforto, acessibilidade e seguran\u00e7a alimentar a quem mais precisa. Investimento foi de mais de R$ 648 mil<\/p>\n","protected":false},"author":8,"featured_media":26909,"comment_status":"closed","ping_status":"closed","sticky":false,"template":"","format":"standard","meta":{"_acf_changed":false,"footnotes":""},"categories":[1],"tags":[],"class_list":["post-26908","post","type-post","status-publish","format-standard","has-post-thumbnail","hentry","category-noticias-ovg"],"acf":[],"_links":{"self":[{"href":"https:\/\/www.ovg.org.br\/site\/index.php?rest_route=\/wp\/v2\/posts\/26908","targetHints":{"allow":["GET"]}}],"collection":[{"href":"https:\/\/www.ovg.org.br\/site\/index.php?rest_route=\/wp\/v2\/posts"}],"about":[{"href":"https:\/\/www.ovg.org.br\/site\/index.php?rest_route=\/wp\/v2\/types\/post"}],"author":[{"embeddable":true,"href":"https:\/\/www.ovg.org.br\/site\/index.php?rest_route=\/wp\/v2\/users\/8"}],"replies":[{"embeddable":true,"href":"https:\/\/www.ovg.org.br\/site\/index.php?rest_route=%2Fwp%2Fv2%2Fcomments&post=26908"}],"version-history":[{"count":3,"href":"https:\/\/www.ovg.org.br\/site\/index.php?rest_route=\/wp\/v2\/posts\/26908\/revisions"}],"predecessor-version":[{"id":26914,"href":"https:\/\/www.ovg.org.br\/site\/index.php?rest_route=\/wp\/v2\/posts\/26908\/revisions\/26914"}],"wp:featuredmedia":[{"embeddable":true,"href":"https:\/\/www.ovg.org.br\/site\/index.php?rest_route=\/wp\/v2\/media\/26909"}],"wp:attachment":[{"href":"https:\/\/www.ovg.org.br\/site\/index.php?rest_route=%2Fwp%2Fv2%2Fmedia&parent=26908"}],"wp:term":[{"taxonomy":"category","embeddable":true,"href":"https:\/\/www.ovg.org.br\/site\/index.php?rest_route=%2Fwp%2Fv2%2Fcategories&post=26908"},{"taxonomy":"post_tag","embeddable":true,"href":"https:\/\/www.ovg.org.br\/site\/index.php?rest_route=%2Fwp%2Fv2%2Ftags&post=26908"}],"curies":[{"name":"wp","href":"https:\/\/api.w.org\/{rel}","templated":true}]}}