{"id":26996,"date":"2025-01-10T08:00:00","date_gmt":"2025-01-10T11:00:00","guid":{"rendered":"https:\/\/www.ovg.org.br\/site\/?p=26996"},"modified":"2025-08-07T16:09:01","modified_gmt":"2025-08-07T19:09:01","slug":"cooperativa-de-mulheres-coleta-quatro-toneladas-de-residuos-no-natal-do-bem-e-amplia-geracao-de-renda-em-aparecida-de-goiania","status":"publish","type":"post","link":"https:\/\/www.ovg.org.br\/site\/?p=26996","title":{"rendered":"Cooperativa de mulheres coleta quatro toneladas de res\u00edduos no Natal do Bem e amplia gera\u00e7\u00e3o de renda em Aparecida de Goi\u00e2nia"},"content":{"rendered":"\n<p><strong>Lucas Dellamare<\/strong><\/p>\n\n\n\n<p>Uma a\u00e7\u00e3o do Governo de Goi\u00e1s, por meio da Organiza\u00e7\u00e3o das Volunt\u00e1rias de Goi\u00e1s (OVG) e do Goi\u00e1s Social, promoveu uma transforma\u00e7\u00e3o social e ambiental no cora\u00e7\u00e3o de Goi\u00e2nia. Durante o Natal do Bem, evento realizado no Centro Cultural Oscar Niemeyer, mais de quatro toneladas de res\u00edduos recicl\u00e1veis foram coletadas por uma cooperativa feminina de Aparecida de Goi\u00e2nia, gerando renda direta para 18 mulheres que vivem da reciclagem.<\/p>\n\n\n\n<p>A Cooperativa de Trabalho de Catadores de Material Recicl\u00e1vel Feminina de Aparecida de Goi\u00e2nia (Coorfap), presidida por Adriana dos Santos, conhecida como Dona Ana, foi selecionada para a a\u00e7\u00e3o por sua atua\u00e7\u00e3o organizada na coleta, separa\u00e7\u00e3o e comercializa\u00e7\u00e3o de recicl\u00e1veis. A iniciativa se inseriu em um contexto maior de incentivo ao cooperativismo social e \u00e0 responsabilidade ambiental, com foco em oferecer oportunidades de crescimento econ\u00f4mico para grupos vulner\u00e1veis.<\/p>\n\n\n\n<p>\u201cEstivemos ajudando essas mulheres a terem uma renda maior durante o Natal do Bem e tamb\u00e9m oferecendo uma nova perspectiva para a cooperativa. Elas agora t\u00eam como oferecer esse servi\u00e7o profissionalmente em outros eventos\u201d, afirmou a presidente de honra da OVG e coordenadora do Goi\u00e1s Social, primeira-dama Gracinha Caiado.<\/p>\n\n\n\n<p>A cooperativa atuou diariamente no evento, realizando a triagem dos res\u00edduos gerados nas festas e atra\u00e7\u00f5es do Natal do Bem. Dona Ana ressaltou que a iniciativa representou uma conquista hist\u00f3rica. \u201cComecei no lix\u00e3o de Aparecida. Hoje, ver essa quantidade de material sendo reciclado e termos reconhecimento e remunera\u00e7\u00e3o por isso, \u00e9 um divisor de \u00e1guas\u201d. Al\u00e9m da venda dos materiais recicl\u00e1veis, as cooperadas tamb\u00e9m receberam di\u00e1rias remuneradas pela atua\u00e7\u00e3o no evento, uma pr\u00e1tica in\u00e9dita para muitas delas. \u201cFoi o Natal do Bem que garantiu o Natal na minha casa\u201d, disse Samara It\u00e1lia, 28 anos, m\u00e3e e principal provedora de sua fam\u00edlia.<\/p>\n\n\n\n<p><strong>Impacto sustent\u00e1vel e social<\/strong><br>Segundo a Respons\u00e1vel T\u00e9cnica pela Gest\u00e3o de Res\u00edduos da OVG, Rosiane Goulart, a escolha por um modelo de gest\u00e3o sustent\u00e1vel para o evento teve como prioridade a combina\u00e7\u00e3o de impacto ambiental e inclus\u00e3o social. \u201cCom quase quatro mil quilos de res\u00edduos coletados e corretamente destinados, conseguimos n\u00e3o apenas mitigar o impacto ambiental de um evento com mais de 1,5 milh\u00e3o de visitantes, mas tamb\u00e9m promover cidadania e dignidade por meio da sustentabilidade e do trabalho dessas mulheres empreendedoras.\u201d<\/p>\n\n\n\n<p><strong>Hist\u00f3rias que inspiram: do lix\u00e3o \u00e0 lideran\u00e7a<\/strong><br>A trajet\u00f3ria de Dona Ana \u00e9 s\u00edmbolo de supera\u00e7\u00e3o e do impacto do cooperativismo na transforma\u00e7\u00e3o de vidas. Ap\u00f3s perder o pai, aos 30 anos, e deixar a antiga olaria da fam\u00edlia, ela se viu obrigada a buscar sustento no lix\u00e3o de Aparecida de Goi\u00e2nia. \u201cEra lixo at\u00e9 os joelhos, animais passando perto e a gente l\u00e1, tentando encontrar algo que virasse comida. Foi o momento mais dif\u00edcil da minha vida. Um trabalho honesto, mas que feria minha dignidade\u201d, relembrou, emocionada.<\/p>\n\n\n\n<p>Foi no meio do caos que ela teve a ideia de unir for\u00e7as com outros catadores e fundar uma cooperativa. \u201cChamei o pessoal e disse: a gente n\u00e3o pode continuar aqui. Vamos montar algo nosso, onde todos possam crescer.\u201d Assim nasceu a Coorfap, que passou a reunir 18 mulheres e se tornou refer\u00eancia em protagonismo feminino no setor.<\/p>\n\n\n\n<p>Entre as cooperadas estava Samara It\u00e1lia, m\u00e3e solo e respons\u00e1vel pelo sustento da casa. \u201cA cooperativa \u00e9 tudo pra mim. Aqui, temos organiza\u00e7\u00e3o, justi\u00e7a, forma\u00e7\u00e3o e esperan\u00e7a. \u00c9 daqui que sai o p\u00e3o dos meus filhos e, com muito orgulho, \u00e9 daqui que sai tamb\u00e9m o nosso papel na constru\u00e7\u00e3o de um mundo melhor.\u201d<\/p>\n\n\n\n<p>Participando de forma\u00e7\u00f5es t\u00e9cnicas e gerenciais que possibilitaram inova\u00e7\u00f5es no trabalho e uma nova perspectiva de futuro, Dona Ana garantiu: \u201cN\u00f3s aprendemos a enxergar o que fazemos com mais clareza. Somos mais do que catadoras, somos empreendedoras.\u201d<\/p>\n\n\n\n<p>Ao final da entrevista, a l\u00edder da cooperativa deixou uma mensagem \u00e0s mulheres que enfrentaram dificuldades como as que viveu no passado:<\/p>\n\n\n\n<p>\u201cSe eu pudesse falar com aquela Adriana mais jovem, diria: persiste, menina. De m\u00e3os dadas com outras mulheres, voc\u00ea vai vencer. Vai ser dif\u00edcil, mas vai encontrar apoio. A sua salva\u00e7\u00e3o est\u00e1 na cooperativa que voc\u00ea tanto sonha.\u201d<\/p>\n\n\n\n<p><strong>Natal do Bem: maior Natal gratuito do Brasil<\/strong><br>Al\u00e9m de promover inclus\u00e3o produtiva por meio do cooperativismo sustent\u00e1vel, o Natal do Bem encantou o p\u00fablico com uma programa\u00e7\u00e3o grandiosa. O tradicional acendimento das luzes, as vilas tem\u00e1ticas com quase 3 milh\u00f5es de pontos de luz, o desfile natalino com a chegada do Papai Noel e mais de 300 apresenta\u00e7\u00f5es culturais movimentaram o Pal\u00e1cio da M\u00fasica e o Coreto do Centro Cultural Oscar Niemeyer.<\/p>\n\n\n\n<p>Para garantir o acesso da popula\u00e7\u00e3o, quatro linhas de \u00f4nibus (duas exclusivas e gratuitas) facilitaram a chegada ao local, com sa\u00eddas de pontos estrat\u00e9gicos de Goi\u00e2nia. J\u00e1 a infraestrutura do evento contou com ampla cobertura de sa\u00fade e seguran\u00e7a, com equipes da Pol\u00edcia Militar, Corpo de Bombeiros, Guarda Civil Metropolitana, Pol\u00edcia Rodovi\u00e1ria Federal, entre outros \u00f3rg\u00e3os, al\u00e9m de recursos de acessibilidade como int\u00e9rpretes de libras, rampas, piso t\u00e1til e cadeiras de rodas.<\/p>\n\n\n\n<p>Realizado com apoio do setor privado, o Natal do Bem contou com os patroc\u00ednios da Saneago, Flamboyant Shopping, Flamboyant Urbanismo, O Botic\u00e1rio, Sicoob, Sistema OCB, Equatorial e Mobi Transporte, consolidando-se como o maior evento natalino de cunho social do Brasil, onde a magia do Natal encontrou a for\u00e7a da inclus\u00e3o e da responsabilidade coletiva.<\/p>\n\n\n\n<p>Com mais de 1,5 milh\u00e3o de visitantes, o evento aliou cultura, solidariedade e desenvolvimento social. \u201cO Natal do Bem j\u00e1 \u00e9 refer\u00eancia nacional. Ele mostra que \u00e9 poss\u00edvel aliar pol\u00edtica p\u00fablica, sustentabilidade, cidadania e esperan\u00e7a\u201d, concluiu Gracinha Caiado.<\/p>\n","protected":false},"excerpt":{"rendered":"<p>Iniciativa da OVG, em parceria com o Goi\u00e1s Social e o Governo do Estado, promoveu inclus\u00e3o produtiva, responsabilidade ambiental e fortalecimento do cooperativismo social durante o maior evento natalino do Brasil<\/p>\n","protected":false},"author":8,"featured_media":26997,"comment_status":"closed","ping_status":"closed","sticky":false,"template":"","format":"standard","meta":{"_acf_changed":false,"footnotes":""},"categories":[1],"tags":[],"class_list":["post-26996","post","type-post","status-publish","format-standard","has-post-thumbnail","hentry","category-noticias-ovg"],"acf":[],"_links":{"self":[{"href":"https:\/\/www.ovg.org.br\/site\/index.php?rest_route=\/wp\/v2\/posts\/26996","targetHints":{"allow":["GET"]}}],"collection":[{"href":"https:\/\/www.ovg.org.br\/site\/index.php?rest_route=\/wp\/v2\/posts"}],"about":[{"href":"https:\/\/www.ovg.org.br\/site\/index.php?rest_route=\/wp\/v2\/types\/post"}],"author":[{"embeddable":true,"href":"https:\/\/www.ovg.org.br\/site\/index.php?rest_route=\/wp\/v2\/users\/8"}],"replies":[{"embeddable":true,"href":"https:\/\/www.ovg.org.br\/site\/index.php?rest_route=%2Fwp%2Fv2%2Fcomments&post=26996"}],"version-history":[{"count":1,"href":"https:\/\/www.ovg.org.br\/site\/index.php?rest_route=\/wp\/v2\/posts\/26996\/revisions"}],"predecessor-version":[{"id":26998,"href":"https:\/\/www.ovg.org.br\/site\/index.php?rest_route=\/wp\/v2\/posts\/26996\/revisions\/26998"}],"wp:featuredmedia":[{"embeddable":true,"href":"https:\/\/www.ovg.org.br\/site\/index.php?rest_route=\/wp\/v2\/media\/26997"}],"wp:attachment":[{"href":"https:\/\/www.ovg.org.br\/site\/index.php?rest_route=%2Fwp%2Fv2%2Fmedia&parent=26996"}],"wp:term":[{"taxonomy":"category","embeddable":true,"href":"https:\/\/www.ovg.org.br\/site\/index.php?rest_route=%2Fwp%2Fv2%2Fcategories&post=26996"},{"taxonomy":"post_tag","embeddable":true,"href":"https:\/\/www.ovg.org.br\/site\/index.php?rest_route=%2Fwp%2Fv2%2Ftags&post=26996"}],"curies":[{"name":"wp","href":"https:\/\/api.w.org\/{rel}","templated":true}]}}