{"id":27244,"date":"2025-08-28T11:53:27","date_gmt":"2025-08-28T14:53:27","guid":{"rendered":"https:\/\/www.ovg.org.br\/site\/?p=27244"},"modified":"2025-08-28T11:53:28","modified_gmt":"2025-08-28T14:53:28","slug":"caiado-e-gracinha-celebram-inclusao-de-cinco-mil-estudantes-no-probem","status":"publish","type":"post","link":"https:\/\/www.ovg.org.br\/site\/?p=27244","title":{"rendered":"Caiado e Gracinha celebram inclus\u00e3o de cinco mil estudantes no ProBem"},"content":{"rendered":"\n<p class=\"has-small-font-size\">Caiado e Gracinha recepcionam novos benefici\u00e1rios do Programa Universit\u00e1rio do Bem, em evento no Centro de Conven\u00e7\u00f5es de Goi\u00e2nia<\/p>\n\n\n\n<p>O governador Ronaldo Caiado e a coordenadora do Goi\u00e1s Social, primeira-dama Gracinha Caiado, recepcionaram nesta quarta-feira (27\/8) os cinco mil novos benefici\u00e1rios do Programa Universit\u00e1rio do Bem (ProBem), da Organiza\u00e7\u00e3o das Volunt\u00e1rias de Goi\u00e1s (OVG). A inclus\u00e3o foi oficializada em cerim\u00f4nia no Centro de Conven\u00e7\u00f5es de Goi\u00e2nia, espa\u00e7o que tamb\u00e9m sediou a Feira de Oportunidades, iniciativa in\u00e9dita que oferece oportunidades de aprimorar a forma\u00e7\u00e3o.<\/p>\n\n\n\n<p>Com os novos benefici\u00e1rios, o ProBem j\u00e1 atendeu quase 50 mil universit\u00e1rios desde 2019, com um investimento superior a R$ 675 milh\u00f5es. &#8220;Das fam\u00edlias de baixa renda, que estavam inclu\u00eddas na pobreza ou na extrema pobreza e que n\u00e3o tinham chance alguma na vida, 20% j\u00e1 est\u00e3o dentro das faculdades. Isso \u00e9 algo que n\u00e3o h\u00e1 em lugar nenhum do Brasil e mostra nosso grau de inclus\u00e3o social, de dar \u00e0s pessoas a condicionante de sa\u00edrem do assistencialismo e terem sua pr\u00f3pria atividade&#8221;, pontuou o chefe do Executivo goiano. &#8220;Com isso, Goi\u00e1s passa a respirar um novo momento, de independ\u00eancia, de forma\u00e7\u00e3o, de cultura. Cidadania \u00e9 a palavra que exprime tudo isso&#8221;, completou.<\/p>\n\n\n\n<p>O ProBem \u00e9 a oportunidade de acesso a milhares de pessoas, principalmente jovens em situa\u00e7\u00e3o de vulnerabilidade social, a bolsas de estudos integrais e parciais para a primeira gradua\u00e7\u00e3o. Para participar, o universit\u00e1rio deve estar inscrito no Cadastro \u00danico do governo federal, o Cad\u00danico, residir em territ\u00f3rio goiano e ter v\u00ednculo com a Institui\u00e7\u00e3o de Ensino Superior (IES).<\/p>\n\n\n\n<p>&#8220;Esse programa n\u00e3o \u00e9 apenas um pagamento de uma bolsa de estudos. Vai muito al\u00e9m disso. Transforma vidas com o Banco de Oportunidades, com palestras, com capacita\u00e7\u00e3o, dando oportunidade de est\u00e1gio e de emprego. As pessoas n\u00e3o querem favor, mas que o governo possa dar oportunidade e ferramentas para que possam mudar a vida da sua fam\u00edlia e as suas pr\u00f3prias vidas tamb\u00e9m. E \u00e9 isso que estamos fazendo hoje. Quando vejo esses jovens transformando seus sonhos em realidade, meu cora\u00e7\u00e3o se aquece&#8221;, expressou Gracinha Caiado.<\/p>\n\n\n\n<p>Das bolsas oferecidas no processo seletivo para o segundo semestre de 2025, 3.750 s\u00e3o parciais e 1.250 integrais. Destas, 200 foram destinadas a estudantes de Medicina e 200 para Odontologia. O incentivo parcial corresponde a 50% do valor da mensalidade, limitado a R$ 650. J\u00e1 as integrais a 100%, tem o limite de R$ 1.500. Por ter custo superior a outros cursos, as bolsas concedidas aos estudantes que cursam Medicina ou Odontologia t\u00eam limites maiores: R$ 2.900 parcial e R$ 5.800 integral. Os contemplados v\u00e3o receber o benef\u00edcio a partir da matr\u00edcula, ou seja, julho de 2025.<\/p>\n\n\n\n<p>A diretora-geral da Organiza\u00e7\u00e3o das Volunt\u00e1rias de Goi\u00e1s (OVG), Adryanna Caiado, enfatizou que o programa tem sido efetivo ao citar o percentual de estudantes que conseguem concluir suas gradua\u00e7\u00f5es mediante o apoio. \u201cEm 2018, essa taxa era de 30%. Em 2024, chegou a 71%. Esse dado revela que o programa realmente est\u00e1 cumprindo o seu papel e transformando a realidade da nossa educa\u00e7\u00e3o\u201d, afirmou. \u201cAs bolsas representam mais do que um benef\u00edcio, representam uma ponte que conecta sonhos com a realidade\u201d, acrescentou.<\/p>\n\n\n\n<p><strong>Parceria<\/strong><br>Lideran\u00e7a do relacionamento com o Setor P\u00fablico Brasil do Google, Mar\u00edlia Sturm ressaltou que a parceria com o Governo de Goi\u00e1s permite que o contato com tecnologia seja mais democratizado. \u201cO programa Cres\u00e7a com o Google foi criado para oferecer treinamento em habilidades digitais. Juntos, estamos construindo um futuro mais inclusivo e pr\u00f3spero para todos os goianos\u201d, afirmou, em men\u00e7\u00e3o \u00e0 oferta gratuita de cursos profissionalizantes de renome internacional aos benefici\u00e1rios. \u201cEssa parceria \u00e9 um exemplo de como o setor privado e p\u00fablico podem gerar um impacto real e duradouro\u201d, disse.<\/p>\n\n\n\n<p>Para o CEO do CIEE, Humberto Casagrande, a iniciativa goiana atua diretamente para reduzir os impactos da evas\u00e3o escolar. \u201cEste programa combate a evas\u00e3o escolar, d\u00e1 oportunidade aos jovens, transforma as vidas. Eu acho isso de fundamental import\u00e2ncia\u201d, avaliou. Ele incentivou os graduandos a seguirem seus sonhos e enalteceu o momento favor\u00e1vel constitu\u00eddo pelas pol\u00edticas p\u00fablicas estaduais. &#8220;Goi\u00e1s \u00e9 um local onde n\u00e3o s\u00f3 h\u00e1 uma ret\u00f3rica, mas existem a\u00e7\u00f5es efetivas em prol da educa\u00e7\u00e3o.&#8221;<\/p>\n\n\n\n<p>O ProBem est\u00e1 presente em 239 munic\u00edpios e contempla estudantes matriculados em 117 Institui\u00e7\u00f5es de Ensino Superior (IES) de Goi\u00e1s, em 110 cursos diferentes. \u00c9 o caso da estudante de Enfermagem Angela Soares. \u201cEu quero concluir a faculdade, \u00e9 um sonho antigo. Comecei h\u00e1 22 anos e n\u00e3o consegui concluir, por condi\u00e7\u00f5es financeiras mesmo. Essa bolsa, al\u00e9m de me ajudar, d\u00e1 um novo rumo\u201d, enalteceu. Ela est\u00e1 no segundo per\u00edodo da forma\u00e7\u00e3o e o valor da mensalidade \u00e9 R$ 1,2 mil por m\u00eas.<\/p>\n\n\n\n<p>A bolsista Jennifer Vitoria da Silva Peixoto, moradora de Claudin\u00e1polis, falou em nome dos demais benefici\u00e1rios. Contemplada com bolsa integral, a estudante compartilhou que passou a se dedicar integralmente ao curso ap\u00f3s o apoio financeiro. \u201c\u00c9 um upgrade na minha vida. O ProBem tem me garantido acesso ao conhecimento e apoio durante a faculdade. Revela o real significado da equidade\u201d, afirmou a graduanda em Ci\u00eancias da Computa\u00e7\u00e3o.<\/p>\n\n\n\n<p><strong>Feira de Oportunidades<\/strong><br>Antes da cerim\u00f4nia de inclus\u00e3o dos bolsistas, Caiado e Gracinha caminharam pela Feira de Oportunidades, uma a\u00e7\u00e3o in\u00e9dita voltada para universit\u00e1rios contemplados pelo ProBem. O evento oferece oportunidades para complementar forma\u00e7\u00e3o, preparar para o mercado de trabalho e fortalecer o protagonismo juvenil.<\/p>\n\n\n\n<p>Dividida em setores, os estandes institucionais do Espa\u00e7o Cerrado levaram oportunidades de est\u00e1gio, din\u00e2micas, sorteios e atividades. J\u00e1 na Arena ProBem, os visitantes integraram bate-papos com convidados. Tamb\u00e9m houve oficinas na Sala de Capacita\u00e7\u00e3o direcionadas a desenvolver habilidades comportamentais, tecnologia, inova\u00e7\u00e3o e empreendedorismo.<\/p>\n\n\n\n<p>Em paralelo, o Teatro Rio Vermelho recebeu palestrantes como o escritor Pedrinho Salom\u00e3o; o especialista em carreira, Rodrigo Dib; e o psic\u00f3logo Rossandro Klinjey. Os bolsistas tiveram, ainda, a op\u00e7\u00e3o de aderir ao Programa Embaixadores da Cidadania, que promove a educa\u00e7\u00e3o c\u00edvica e estimula a sociedade civil a participar ativamente nas pol\u00edticas do Estado. A iniciativa tem parceria com a Universidade Federal de Goi\u00e1s.<\/p>\n\n\n\n<p>O evento conta ainda com a colabora\u00e7\u00e3o de diversos \u00f3rg\u00e3os governamentais e de institui\u00e7\u00f5es de ensino e pesquisa, como Pontif\u00edcia Universidade Cat\u00f3lica de Goi\u00e1s (PUC Goi\u00e1s), Est\u00e1cio Goi\u00e1s, FacMais, Instituto de P\u00f3s-Gradua\u00e7\u00e3o e Gradua\u00e7\u00e3o (Ipog), Unialfa e o Centro Universit\u00e1rio Goyazes. Tamb\u00e9m a presen\u00e7a de institui\u00e7\u00f5es vinculadas ao mercado de trabalho, a exemplo do Centro de Integra\u00e7\u00e3o Empresa-Escola (CIEE), entidades do Sistema S e ainda do Sistema de Cooperativas de Cr\u00e9dito do Brasil (Sicoob).<\/p>\n\n\n\n<p><strong>Secretaria de Comunica\u00e7\u00e3o \u2013 Governo\u00a0de\u00a0Goi\u00e1s<\/strong><\/p>\n\n\n\n<p><\/p>\n","protected":false},"excerpt":{"rendered":"<p>Contemplados v\u00e3o receber benef\u00edcio a partir da matr\u00edcula deste semestre. Iniciativa j\u00e1 atingiu 50 mil universit\u00e1rios, com investimento superior a R$ 675 milh\u00f5es <\/p>\n","protected":false},"author":4,"featured_media":27245,"comment_status":"closed","ping_status":"closed","sticky":false,"template":"","format":"standard","meta":{"_acf_changed":false,"footnotes":""},"categories":[1],"tags":[],"class_list":["post-27244","post","type-post","status-publish","format-standard","has-post-thumbnail","hentry","category-noticias-ovg"],"acf":[],"_links":{"self":[{"href":"https:\/\/www.ovg.org.br\/site\/index.php?rest_route=\/wp\/v2\/posts\/27244","targetHints":{"allow":["GET"]}}],"collection":[{"href":"https:\/\/www.ovg.org.br\/site\/index.php?rest_route=\/wp\/v2\/posts"}],"about":[{"href":"https:\/\/www.ovg.org.br\/site\/index.php?rest_route=\/wp\/v2\/types\/post"}],"author":[{"embeddable":true,"href":"https:\/\/www.ovg.org.br\/site\/index.php?rest_route=\/wp\/v2\/users\/4"}],"replies":[{"embeddable":true,"href":"https:\/\/www.ovg.org.br\/site\/index.php?rest_route=%2Fwp%2Fv2%2Fcomments&post=27244"}],"version-history":[{"count":1,"href":"https:\/\/www.ovg.org.br\/site\/index.php?rest_route=\/wp\/v2\/posts\/27244\/revisions"}],"predecessor-version":[{"id":27246,"href":"https:\/\/www.ovg.org.br\/site\/index.php?rest_route=\/wp\/v2\/posts\/27244\/revisions\/27246"}],"wp:featuredmedia":[{"embeddable":true,"href":"https:\/\/www.ovg.org.br\/site\/index.php?rest_route=\/wp\/v2\/media\/27245"}],"wp:attachment":[{"href":"https:\/\/www.ovg.org.br\/site\/index.php?rest_route=%2Fwp%2Fv2%2Fmedia&parent=27244"}],"wp:term":[{"taxonomy":"category","embeddable":true,"href":"https:\/\/www.ovg.org.br\/site\/index.php?rest_route=%2Fwp%2Fv2%2Fcategories&post=27244"},{"taxonomy":"post_tag","embeddable":true,"href":"https:\/\/www.ovg.org.br\/site\/index.php?rest_route=%2Fwp%2Fv2%2Ftags&post=27244"}],"curies":[{"name":"wp","href":"https:\/\/api.w.org\/{rel}","templated":true}]}}