{"id":27466,"date":"2025-09-15T16:54:19","date_gmt":"2025-09-15T19:54:19","guid":{"rendered":"https:\/\/www.ovg.org.br\/site\/?p=27466"},"modified":"2025-09-15T16:54:20","modified_gmt":"2025-09-15T19:54:20","slug":"secult-divulga-edital-para-artistas-participarem-no-natal-do-bem-2025","status":"publish","type":"post","link":"https:\/\/www.ovg.org.br\/site\/?p=27466","title":{"rendered":"Secult divulga edital para artistas participarem no Natal do Bem 2025"},"content":{"rendered":"\n<p>A Secretaria de Estado da Cultura (Secult), em parceria com a Universidade Federal de Goi\u00e1s (UFG) e a Funda\u00e7\u00e3o RTVE, publicou, nesta segunda-feira (15\/09), o Chamamento P\u00fablico n\u00ba 01\/2025, edital que seleciona artistas e grupos culturais que ir\u00e3o compor a programa\u00e7\u00e3o do Natal do Bem 2025, realizado pela Organiza\u00e7\u00e3o das Volunt\u00e1rias de Goi\u00e1s (OVG). O documento est\u00e1 dispon\u00edvel&nbsp;<a href=\"https:\/\/web.ufg.br\/plateia-editais\/#\/edital\/chamamento-publico-n012025-edital-de-credenciamento-e-selecao-de-apresentacoes-artisticas-para-compor-a-programacao-do-natal-do-bem-2025\">aqui<\/a>.<\/p>\n\n\n\n<p>O edital visa valorizar a cultura goiana e incentivar a participa\u00e7\u00e3o de artistas locais em um dos maiores eventos natalinos do Estado, que acontece entre 14 de novembro de 2025 e 4 de janeiro de 2026, no Centro Cultural Oscar Niemeyer, em Goi\u00e2nia. Ao todo, ser\u00e3o selecionados 52 espet\u00e1culos, sendo 42 musicais entre solos, duetos, trios, quartetos e bandas para se apresentarem no Palco Coreto com cach\u00ea de R$ 5 mil.<\/p>\n\n\n\n<p>Tamb\u00e9m ser\u00e3o selecionados outros 10 espet\u00e1culos de m\u00fasica, dan\u00e7a, teatro e circo, com cach\u00ea de R$ 20 mil. As inscri\u00e7\u00f5es come\u00e7am na pr\u00f3xima quarta-feira (17\/09) e terminam no dia 6 de outubro, exclusivamente na plataforma&nbsp;<a href=\"http:\/\/web.ufg.br\/plateia-editais\">Plateia Editais<\/a>.<\/p>\n\n\n\n<p><strong>Quem pode participar<\/strong><br>Podem se inscrever pessoas f\u00edsicas ou jur\u00eddicas, residentes ou sediadas em Goi\u00e1s, desde que as propostas contemplem majoritariamente artistas locais. O edital refor\u00e7a o compromisso com a valoriza\u00e7\u00e3o da produ\u00e7\u00e3o cultural goiana e a sustentabilidade, buscando reduzir deslocamentos e fortalecendo a economia regional.<\/p>\n\n\n\n<p><strong>Servi\u00e7o<\/strong><br>Edital de chamamento de artistas para o Natal do Bem 2025<br>Per\u00edodo de inscri\u00e7\u00f5es: 17\/09 a 06\/10\/2025<br>Plataforma: Plateia Editais<br>Local: Centro Cultural Oscar Niemeyer \u2013 Goi\u00e2nia (GO)<br>Cach\u00eas: R$ 5 mil (Palco Coreto) | R$ 20 mil (Pal\u00e1cio da M\u00fasica)<\/p>\n","protected":false},"excerpt":{"rendered":"<p>Evento abre espa\u00e7o para 52 apresenta\u00e7\u00f5es art\u00edsticas no Centro Cultural Oscar Niemeyer, com cach\u00eas de at\u00e9 R$ 20 mil, fortalecendo a valoriza\u00e7\u00e3o da cultura goiana<\/p>\n","protected":false},"author":8,"featured_media":27467,"comment_status":"closed","ping_status":"closed","sticky":false,"template":"","format":"standard","meta":{"_acf_changed":false,"footnotes":""},"categories":[1],"tags":[],"class_list":["post-27466","post","type-post","status-publish","format-standard","has-post-thumbnail","hentry","category-noticias-ovg"],"acf":[],"_links":{"self":[{"href":"https:\/\/www.ovg.org.br\/site\/index.php?rest_route=\/wp\/v2\/posts\/27466","targetHints":{"allow":["GET"]}}],"collection":[{"href":"https:\/\/www.ovg.org.br\/site\/index.php?rest_route=\/wp\/v2\/posts"}],"about":[{"href":"https:\/\/www.ovg.org.br\/site\/index.php?rest_route=\/wp\/v2\/types\/post"}],"author":[{"embeddable":true,"href":"https:\/\/www.ovg.org.br\/site\/index.php?rest_route=\/wp\/v2\/users\/8"}],"replies":[{"embeddable":true,"href":"https:\/\/www.ovg.org.br\/site\/index.php?rest_route=%2Fwp%2Fv2%2Fcomments&post=27466"}],"version-history":[{"count":1,"href":"https:\/\/www.ovg.org.br\/site\/index.php?rest_route=\/wp\/v2\/posts\/27466\/revisions"}],"predecessor-version":[{"id":27468,"href":"https:\/\/www.ovg.org.br\/site\/index.php?rest_route=\/wp\/v2\/posts\/27466\/revisions\/27468"}],"wp:featuredmedia":[{"embeddable":true,"href":"https:\/\/www.ovg.org.br\/site\/index.php?rest_route=\/wp\/v2\/media\/27467"}],"wp:attachment":[{"href":"https:\/\/www.ovg.org.br\/site\/index.php?rest_route=%2Fwp%2Fv2%2Fmedia&parent=27466"}],"wp:term":[{"taxonomy":"category","embeddable":true,"href":"https:\/\/www.ovg.org.br\/site\/index.php?rest_route=%2Fwp%2Fv2%2Fcategories&post=27466"},{"taxonomy":"post_tag","embeddable":true,"href":"https:\/\/www.ovg.org.br\/site\/index.php?rest_route=%2Fwp%2Fv2%2Ftags&post=27466"}],"curies":[{"name":"wp","href":"https:\/\/api.w.org\/{rel}","templated":true}]}}