{"id":27497,"date":"2025-09-19T14:30:06","date_gmt":"2025-09-19T17:30:06","guid":{"rendered":"https:\/\/www.ovg.org.br\/site\/?p=27497"},"modified":"2025-09-19T14:30:07","modified_gmt":"2025-09-19T17:30:07","slug":"goias-social-e-ovg-iniciam-a-entrega-de-leite-arrecadado-na-3a-caminhada-do-bem","status":"publish","type":"post","link":"https:\/\/www.ovg.org.br\/site\/?p=27497","title":{"rendered":"Goi\u00e1s Social e OVG iniciam a entrega de leite arrecadado na 3\u00aa Caminhada do Bem"},"content":{"rendered":"\n<p class=\"has-text-align-center has-small-font-size\">Leite arrecadado est\u00e1 sendo entregue para entidades sociais que cuidam de crian\u00e7as, idosos e pessoas em tratamento para depend\u00eancia qu\u00edmica<\/p>\n\n\n\n<p><strong>Elis\u00e2ngela Vieira<\/strong><\/p>\n\n\n\n<p>O Goi\u00e1s Social e a Organiza\u00e7\u00e3o das Volunt\u00e1rias de Goi\u00e1s (OVG) iniciaram a doa\u00e7\u00e3o das caixas de leite longa vida arrecadadas na 3\u00aa Caminhada do Bem, realizada em 23 de agosto. Cerca de 2,1 mil pessoas participaram da a\u00e7\u00e3o, que celebrou o Dia Nacional do Voluntariado e arrecadou 6,8 mil litros, garantindo mais alimento na mesa de quem precisa.<\/p>\n\n\n\n<p>Cada pessoa que se inscreveu doou seis litros de leite longa vida, que est\u00e3o sendo entregues a 22 institui\u00e7\u00f5es sociais de Goi\u00e2nia e da regi\u00e3o metropolitana ao longo de setembro. Essas entidades, cadastradas na OVG, oferecem apoio e acolhimento a crian\u00e7as, idosos e pessoas em tratamento de depend\u00eancia qu\u00edmica. As associa\u00e7\u00f5es sociais tamb\u00e9m est\u00e3o recebendo cestas b\u00e1sicas.<\/p>\n\n\n\n<p>\u201cO governador Ronaldo Caiado sempre diz que ningu\u00e9m faz nada sozinho. Ajudar a fortalecer os la\u00e7os de solidariedade \u00e9 uma das preocupa\u00e7\u00f5es do Governo de Goi\u00e1s, e essas entregas fazem parte do nosso compromisso social com aqueles que mais precisam\u201d, destaca a presidente de honra da OVG e coordenadora do Goi\u00e1s Social, primeira-dama Gracinha Caiado.<\/p>\n\n\n\n<p>A Creche Anjo da Guarda \u2013 Obra Dom Orione, que fica no Bairro Independ\u00eancia Mans\u00f5es, em Aparecida de Goi\u00e2nia, \u00e9 uma das institui\u00e7\u00f5es sociais que recebeu o leite arrecadado na 3\u00aa Caminhada do Bem. A unidade de educa\u00e7\u00e3o infantil, que atende crian\u00e7as de 11 meses a cinco anos, al\u00e9m de funcionar como creche e pr\u00e9-escola, oferece atividades extracurriculares como aula de inform\u00e1tica, leitura, ingl\u00eas, teatro e educa\u00e7\u00e3o f\u00edsica.<\/p>\n\n\n\n<p>Representante da institui\u00e7\u00e3o, Fl\u00e1via Ferreira Concei\u00e7\u00e3o falou sobre a import\u00e2ncia da doa\u00e7\u00e3o recebida. \u201cEsse leite nos ajudar\u00e1 muito na manuten\u00e7\u00e3o da alimenta\u00e7\u00e3o, pois temos uma demanda muito grande. Ofertamos quatro refei\u00e7\u00f5es di\u00e1rias. \u00c9 uma alegria receber essa a\u00e7\u00e3o do Goi\u00e1s Social, que ir\u00e1 abastecer a nossa despensa e proporcionar uma alimenta\u00e7\u00e3o saud\u00e1vel\u201d.<\/p>\n\n\n\n<p><strong>Organiza\u00e7\u00e3o das Volunt\u00e1rias de Goi\u00e1s \u2013 Governo de Goi\u00e1s<\/strong><\/p>\n","protected":false},"excerpt":{"rendered":"<p>Doa\u00e7\u00f5es est\u00e3o sendo repassadas a institui\u00e7\u00f5es sociais que cuidam de crian\u00e7as e idosos. \u201cAjudar a fortalecer os la\u00e7os de solidariedade \u00e9 uma das preocupa\u00e7\u00f5es do governo\u201d, enfatiza Gracinha Caiado, idealizadora do evento<\/p>\n","protected":false},"author":4,"featured_media":27501,"comment_status":"closed","ping_status":"closed","sticky":false,"template":"","format":"standard","meta":{"_acf_changed":false,"footnotes":""},"categories":[1],"tags":[],"class_list":["post-27497","post","type-post","status-publish","format-standard","has-post-thumbnail","hentry","category-noticias-ovg"],"acf":[],"_links":{"self":[{"href":"https:\/\/www.ovg.org.br\/site\/index.php?rest_route=\/wp\/v2\/posts\/27497","targetHints":{"allow":["GET"]}}],"collection":[{"href":"https:\/\/www.ovg.org.br\/site\/index.php?rest_route=\/wp\/v2\/posts"}],"about":[{"href":"https:\/\/www.ovg.org.br\/site\/index.php?rest_route=\/wp\/v2\/types\/post"}],"author":[{"embeddable":true,"href":"https:\/\/www.ovg.org.br\/site\/index.php?rest_route=\/wp\/v2\/users\/4"}],"replies":[{"embeddable":true,"href":"https:\/\/www.ovg.org.br\/site\/index.php?rest_route=%2Fwp%2Fv2%2Fcomments&post=27497"}],"version-history":[{"count":1,"href":"https:\/\/www.ovg.org.br\/site\/index.php?rest_route=\/wp\/v2\/posts\/27497\/revisions"}],"predecessor-version":[{"id":27502,"href":"https:\/\/www.ovg.org.br\/site\/index.php?rest_route=\/wp\/v2\/posts\/27497\/revisions\/27502"}],"wp:featuredmedia":[{"embeddable":true,"href":"https:\/\/www.ovg.org.br\/site\/index.php?rest_route=\/wp\/v2\/media\/27501"}],"wp:attachment":[{"href":"https:\/\/www.ovg.org.br\/site\/index.php?rest_route=%2Fwp%2Fv2%2Fmedia&parent=27497"}],"wp:term":[{"taxonomy":"category","embeddable":true,"href":"https:\/\/www.ovg.org.br\/site\/index.php?rest_route=%2Fwp%2Fv2%2Fcategories&post=27497"},{"taxonomy":"post_tag","embeddable":true,"href":"https:\/\/www.ovg.org.br\/site\/index.php?rest_route=%2Fwp%2Fv2%2Ftags&post=27497"}],"curies":[{"name":"wp","href":"https:\/\/api.w.org\/{rel}","templated":true}]}}