{"id":27632,"date":"2025-10-01T08:38:37","date_gmt":"2025-10-01T11:38:37","guid":{"rendered":"https:\/\/www.ovg.org.br\/site\/?p=27632"},"modified":"2025-10-01T08:38:38","modified_gmt":"2025-10-01T11:38:38","slug":"meninas-de-luz-promove-piquenique-literario-com-apoio-do-crianca-esperanca","status":"publish","type":"post","link":"https:\/\/www.ovg.org.br\/site\/?p=27632","title":{"rendered":"Meninas de Luz promove Piquenique Liter\u00e1rio, com apoio do Crian\u00e7a Esperan\u00e7a"},"content":{"rendered":"\n<p class=\"has-text-align-center has-small-font-size\">Projeto Rede de Hist\u00f3rias, com apoio do Crian\u00e7a Esperan\u00e7a, promove encontros liter\u00e1rios entre m\u00e3es adolescentes e seus beb\u00eas<\/p>\n\n\n\n<p><strong>Elis\u00e2ngela Vieira<\/strong><\/p>\n\n\n\n<p>Parte do jardim do Centro de Adolescentes Tecendo o Futuro foi adaptado e decorado para receber adolescentes e beb\u00eas atendidos pelo Programa Meninas de Luz, em um ambiente colorido e acolhedor. O espa\u00e7o foi palco de um piquenique liter\u00e1rio, promovido pelo Governo de Goi\u00e1s, por meio do Goi\u00e1s Social e pela Organiza\u00e7\u00e3o das Volunt\u00e1rias de Goi\u00e1s (OVG).<\/p>\n\n\n\n<p>A programa\u00e7\u00e3o, com lanches e brincadeiras, faz parte do projeto Rede de Hist\u00f3rias, que promove oficinas de literatura voltadas para as m\u00e3es e seus beb\u00eas. Com a atividade, o Programa Meninas de Luz recebeu reconhecimento nacional ao ser contemplado pelo Crian\u00e7a Esperan\u00e7a, campanha realizada pela TV Globo em parceria com a Organiza\u00e7\u00e3o das Na\u00e7\u00f5es Unidas para a Educa\u00e7\u00e3o, a Ci\u00eancia e a Cultura (Unesco), que destinou R$ 100 mil para a implanta\u00e7\u00e3o de a\u00e7\u00f5es liter\u00e1rias na unidade da OVG.<\/p>\n\n\n\n<p>A presidente de honra da OVG e coordenadora do Goi\u00e1s Social, primeira-dama Gracinha Caiado, lembra que a leitura traz mais dignidade e qualidade de vida para as jovens acolhidas pelo Meninas de Luz. \u201cN\u00e3o \u00e9 f\u00e1cil ser m\u00e3e t\u00e3o jovem. Por isso, escolhemos livros que representam uma oportunidade de transforma\u00e7\u00e3o e de incentivo na busca de sonhos. Al\u00e9m disso, a literatura infantil aumenta ainda mais o v\u00ednculo da m\u00e3e com o seu beb\u00ea\u201d.<\/p>\n\n\n\n<p>Com descontra\u00e7\u00e3o, intera\u00e7\u00e3o e muitas gargalhadas, as adolescentes participaram de din\u00e2micas que relembraram alguns livros j\u00e1 lidos dentro do Rede de Hist\u00f3rias. Entre eles, \u201cA Parte de Falta\u201d, que promove o resgate da autoestima, ao mostrar que a felicidade n\u00e3o est\u00e1 no outro, mas dentro de n\u00f3s e \u201cO que s\u00e3o Classes Sociais\u201d que faz um convite sobre a reflex\u00e3o das desigualdades e o acesso a diferentes oportunidades.<\/p>\n\n\n\n<p>Jennifer Alves, de 20 anos, m\u00e3e do Antony Miguel, de seis meses \u00e9 uma das participantes do projeto Rede de Hist\u00f3rias. \u201cA gente que \u00e9 jovem s\u00f3 fica no celular. E estar nesse projeto \u00e9 muito bom porque mostra que a vida \u00e9 mais que celular e que a gente pode sonhar com o futuro\u201d, comentou.<\/p>\n\n\n\n<p><strong>Meninas de Luz<\/strong><br>O Meninas de Luz oferece atendimento gratuito a jovens gestantes e seus beb\u00eas de at\u00e9 um ano de idade. A iniciativa, que em 2024 atendeu uma m\u00e9dia mensal de 157 meninas, oferece desde apoio emocional, acompanhamento socioassistencial e psicossocial at\u00e9 capacita\u00e7\u00f5es profissionais, promovendo a inclus\u00e3o social dessas jovens.<\/p>\n\n\n\n<p>O projeto ainda doa kits de enxoval completos para beb\u00eas, que incluem bolsa, fraldas, roupinhas, sling, banheira e itens de higiene pessoal. O objetivo principal \u00e9 proporcionar a essas meninas condi\u00e7\u00f5es de criar seus filhos com dignidade e romper o ciclo de pobreza e exclus\u00e3o.<\/p>\n\n\n\n<p><strong>Organiza\u00e7\u00e3o das Volunt\u00e1rias de Goi\u00e1s | Goi\u00e1s Social \u2013 Governo de Goi\u00e1s<\/strong><\/p>\n","protected":false},"excerpt":{"rendered":"<p>Atividade faz parte das a\u00e7\u00f5es do projeto Rede de Hist\u00f3rias. Desenvolvida pelo Goi\u00e1s Social e OVG, a iniciativa promove oficinas de literatura para m\u00e3es e beb\u00eas e foi reconhecida pela TV Globo em parceria com a Unesco<\/p>\n","protected":false},"author":4,"featured_media":27633,"comment_status":"closed","ping_status":"closed","sticky":false,"template":"","format":"standard","meta":{"_acf_changed":false,"footnotes":""},"categories":[1],"tags":[],"class_list":["post-27632","post","type-post","status-publish","format-standard","has-post-thumbnail","hentry","category-noticias-ovg"],"acf":[],"_links":{"self":[{"href":"https:\/\/www.ovg.org.br\/site\/index.php?rest_route=\/wp\/v2\/posts\/27632","targetHints":{"allow":["GET"]}}],"collection":[{"href":"https:\/\/www.ovg.org.br\/site\/index.php?rest_route=\/wp\/v2\/posts"}],"about":[{"href":"https:\/\/www.ovg.org.br\/site\/index.php?rest_route=\/wp\/v2\/types\/post"}],"author":[{"embeddable":true,"href":"https:\/\/www.ovg.org.br\/site\/index.php?rest_route=\/wp\/v2\/users\/4"}],"replies":[{"embeddable":true,"href":"https:\/\/www.ovg.org.br\/site\/index.php?rest_route=%2Fwp%2Fv2%2Fcomments&post=27632"}],"version-history":[{"count":1,"href":"https:\/\/www.ovg.org.br\/site\/index.php?rest_route=\/wp\/v2\/posts\/27632\/revisions"}],"predecessor-version":[{"id":27634,"href":"https:\/\/www.ovg.org.br\/site\/index.php?rest_route=\/wp\/v2\/posts\/27632\/revisions\/27634"}],"wp:featuredmedia":[{"embeddable":true,"href":"https:\/\/www.ovg.org.br\/site\/index.php?rest_route=\/wp\/v2\/media\/27633"}],"wp:attachment":[{"href":"https:\/\/www.ovg.org.br\/site\/index.php?rest_route=%2Fwp%2Fv2%2Fmedia&parent=27632"}],"wp:term":[{"taxonomy":"category","embeddable":true,"href":"https:\/\/www.ovg.org.br\/site\/index.php?rest_route=%2Fwp%2Fv2%2Fcategories&post=27632"},{"taxonomy":"post_tag","embeddable":true,"href":"https:\/\/www.ovg.org.br\/site\/index.php?rest_route=%2Fwp%2Fv2%2Ftags&post=27632"}],"curies":[{"name":"wp","href":"https:\/\/api.w.org\/{rel}","templated":true}]}}