{"id":27800,"date":"2025-10-15T09:11:25","date_gmt":"2025-10-15T12:11:25","guid":{"rendered":"https:\/\/www.ovg.org.br\/site\/?p=27800"},"modified":"2025-10-15T09:11:26","modified_gmt":"2025-10-15T12:11:26","slug":"gracinha-caiado-abre-goias-social-e-entrega-reforma-de-escola-em-sao-miguel-do-araguaia","status":"publish","type":"post","link":"https:\/\/www.ovg.org.br\/site\/?p=27800","title":{"rendered":"Gracinha Caiado abre Goi\u00e1s Social e entrega reforma de escola em S\u00e3o Miguel do Araguaia"},"content":{"rendered":"\n<p class=\"has-text-align-center has-small-font-size\">Primeira-dama Gracinha Caiado durante a abertura do Goi\u00e1s Social em S\u00e3o Miguel do Araguaia<\/p>\n\n\n\n<p>A estrutura itinerante do Goi\u00e1s Social se instalou em S\u00e3o Miguel do Araguaia, na regi\u00e3o Norte do Estado, para dois dias de servi\u00e7os gratuitos \u00e0 popula\u00e7\u00e3o. Coordenadora do programa, a primeira-dama Gracinha Caiado abriu as atividades nesta ter\u00e7a-feira (14\/10), ocasi\u00e3o em que entregou benef\u00edcios e assinou ordem de servi\u00e7o para a constru\u00e7\u00e3o de 49 casas a custo zero, pelo programa Para Ter Onde Morar.<\/p>\n\n\n\n<p>Gracinha ressaltou que a iniciativa foi pensada para percorrer o territ\u00f3rio goiano com a oferta de oportunidades e praticidade. \u201cO Goi\u00e1s Social veio para facilitar a vida das pessoas e fazer com que elas tenham atendimento de forma integral\u201d, afirmou, ao destacar que cuidar das pessoas \u00e9 um compromisso da gest\u00e3o Ronaldo Caiado. \u201cTantas vezes o social foi esquecido. Governantes se preocupavam em fazer obras \u2014 que n\u00e3o s\u00e3o menos importantes \u2014, mas a gente n\u00e3o pode esquecer das pessoas, de estender a m\u00e3o para quem mais precisa\u201d, comentou.<\/p>\n\n\n\n<p>Na solenidade de abertura, Gracinha anunciou a constru\u00e7\u00e3o de 49 casas a custo zero em S\u00e3o Miguel do Araguaia, por meio da Ag\u00eancia Goiana de Habita\u00e7\u00e3o (Agehab). O Estado deve investir cerca de R$ 8 milh\u00f5es na obra, que beneficiar\u00e1 fam\u00edlias em situa\u00e7\u00e3o de vulnerabilidade social. \u201cGoi\u00e1s \u00e9 o \u00fanico Estado que d\u00e1 moradia sem cobrar um tost\u00e3o, sem deixar boleto para o cidad\u00e3o pagar\u201d, enfatizou a primeira-dama.<\/p>\n\n\n\n<p><strong>Servi\u00e7os gratuitos<\/strong><br>O Goi\u00e1s Social oferece diversos atendimentos do Governo de Goi\u00e1s e de parceiros, todos de forma gratuita. \u201c\u00c9 uma s\u00e9rie de servi\u00e7os que vai do b\u00e1sico, como corte de cabelo solid\u00e1rio, ao mais avan\u00e7ado, como atendimentos de sa\u00fade, oftalmologia, programas de capacita\u00e7\u00e3o, qualifica\u00e7\u00e3o e empregabilidade\u201d, mencionou o secret\u00e1rio de Estado de Desenvolvimento Social, Wellington Matos. \u201cO Goi\u00e1s Social \u00e9 considerado o maior programa de prote\u00e7\u00e3o social do Brasil e tem servido de exemplo para outros estados\u201d, destacou.<\/p>\n\n\n\n<p>\u201c\u00c9 muito gratificante receber ajuda com a alimenta\u00e7\u00e3o e a sa\u00fade das minhas crian\u00e7as\u201d, agradeceu a aut\u00f4noma Mirlane Ara\u00fajo Ferreira, m\u00e3e de tr\u00eas filhos e uma das 39 contempladas com o M\u00e3es de Goi\u00e1s. Al\u00e9m deste programa, ser\u00e3o entregues cart\u00f5es do Dignidade (3), Goi\u00e1s Por Elas (15), Aprendiz do Futuro (4) e Goi\u00e1s + Inclusivo (22), al\u00e9m da Carteira do Autista, Passe Livre da Pessoa com Defici\u00eancia e Passaporte da Pessoa Idosa. J\u00e1 a Organiza\u00e7\u00e3o das Volunt\u00e1rias de Goi\u00e1s (OVG) distribui cadeiras de rodas e de banho, fraldas geri\u00e1tricas e infantis, bengalas, leite NAN, kits de enxoval para beb\u00eas, muletas e o Mix do Bem.<\/p>\n\n\n\n<p>Os estandes do Goi\u00e1s Social est\u00e3o montados no Canteiro Central de Eventos Manuel Soffa. Nesta ter\u00e7a-feira, os atendimentos seguem at\u00e9 as 17h, e na quarta-feira (15\/10), das 8h \u00e0s 12h. A iniciativa tem parceria com a prefeitura. \u201cNunca vi uma estrutura desse tamanho aqui na cidade. \u00c9 fruto da aten\u00e7\u00e3o que a primeira-dama e o governador t\u00eam por S\u00e3o Miguel. S\u00e3o cinco frentes de trabalho do Estado atuando atualmente. Algo in\u00e9dito\u201d, destacou o prefeito Jeronymo Siqueira.<\/p>\n\n\n\n<p><strong>Escolas reformadas<\/strong><br>Durante a passagem por S\u00e3o Miguel do Araguaia, Gracinha Caiado tamb\u00e9m entregou a reforma e amplia\u00e7\u00e3o da Escola Estadual Castelo Branco. \u201cNossos jovens merecem o que h\u00e1 de melhor\u201d, disse a primeira-dama, ao citar os constantes investimentos do Governo de Goi\u00e1s que fizeram da educa\u00e7\u00e3o goiana um destaque nacional.<\/p>\n\n\n\n<p>O Governo de Goi\u00e1s, por meio da Secretaria de Estado da Educa\u00e7\u00e3o (Seduc), investiu R$ 1,4 milh\u00e3o na constru\u00e7\u00e3o de uma quadra coberta e de uma passarela, al\u00e9m de duas novas salas de aula; reforma da cobertura do bloco 2 e dos banheiros; instala\u00e7\u00e3o de novos quadros; pintura geral; obras de acessibilidade e sistemas de preven\u00e7\u00e3o e combate a inc\u00eandio. A aluna Mariana Borges afirmou que as melhorias \u201ct\u00eam transformado o ambiente de aprendizagem, tornando-o mais acolhedor, seguro e prop\u00edcio ao desenvolvimento de habilidades e conhecimentos\u201d.<\/p>\n\n\n\n<p>Outras duas escolas estaduais do munic\u00edpio tamb\u00e9m receberam melhorias recentes na infraestrutura. O Col\u00e9gio Estadual de S\u00e3o Miguel do Araguaia ganhou uma quadra coberta, enquanto o Centro de Ensino em Per\u00edodo Integral S\u00e3o Francisco de Assis recebeu uma quadra coberta com vesti\u00e1rios. As obras somam R$ 1,5 milh\u00e3o em investimentos do Tesouro Estadual. \u201cN\u00f3s trabalhamos, entregamos as melhorias e cumprimos nossos compromissos com a popula\u00e7\u00e3o\u201d, ressaltou a titular da Seduc, F\u00e1tima Gavioli.<\/p>\n\n\n\n<p><strong>Secretaria de Comunica\u00e7\u00e3o \u2013 Governo de Goi\u00e1s<\/strong><\/p>\n\n\n\n<p><\/p>\n","protected":false},"excerpt":{"rendered":"<p>Estrutura oferece dois dias de servi\u00e7os e atendimentos gratuitos. Primeira-dama tamb\u00e9m anuncia a constru\u00e7\u00e3o de 49 casas a custo zero<\/p>\n","protected":false},"author":4,"featured_media":27801,"comment_status":"closed","ping_status":"closed","sticky":false,"template":"","format":"standard","meta":{"_acf_changed":false,"footnotes":""},"categories":[1],"tags":[],"class_list":["post-27800","post","type-post","status-publish","format-standard","has-post-thumbnail","hentry","category-noticias-ovg"],"acf":[],"_links":{"self":[{"href":"https:\/\/www.ovg.org.br\/site\/index.php?rest_route=\/wp\/v2\/posts\/27800","targetHints":{"allow":["GET"]}}],"collection":[{"href":"https:\/\/www.ovg.org.br\/site\/index.php?rest_route=\/wp\/v2\/posts"}],"about":[{"href":"https:\/\/www.ovg.org.br\/site\/index.php?rest_route=\/wp\/v2\/types\/post"}],"author":[{"embeddable":true,"href":"https:\/\/www.ovg.org.br\/site\/index.php?rest_route=\/wp\/v2\/users\/4"}],"replies":[{"embeddable":true,"href":"https:\/\/www.ovg.org.br\/site\/index.php?rest_route=%2Fwp%2Fv2%2Fcomments&post=27800"}],"version-history":[{"count":1,"href":"https:\/\/www.ovg.org.br\/site\/index.php?rest_route=\/wp\/v2\/posts\/27800\/revisions"}],"predecessor-version":[{"id":27802,"href":"https:\/\/www.ovg.org.br\/site\/index.php?rest_route=\/wp\/v2\/posts\/27800\/revisions\/27802"}],"wp:featuredmedia":[{"embeddable":true,"href":"https:\/\/www.ovg.org.br\/site\/index.php?rest_route=\/wp\/v2\/media\/27801"}],"wp:attachment":[{"href":"https:\/\/www.ovg.org.br\/site\/index.php?rest_route=%2Fwp%2Fv2%2Fmedia&parent=27800"}],"wp:term":[{"taxonomy":"category","embeddable":true,"href":"https:\/\/www.ovg.org.br\/site\/index.php?rest_route=%2Fwp%2Fv2%2Fcategories&post=27800"},{"taxonomy":"post_tag","embeddable":true,"href":"https:\/\/www.ovg.org.br\/site\/index.php?rest_route=%2Fwp%2Fv2%2Ftags&post=27800"}],"curies":[{"name":"wp","href":"https:\/\/api.w.org\/{rel}","templated":true}]}}