{"id":27980,"date":"2025-10-29T09:39:24","date_gmt":"2025-10-29T12:39:24","guid":{"rendered":"https:\/\/www.ovg.org.br\/site\/?p=27980"},"modified":"2025-10-31T11:46:09","modified_gmt":"2025-10-31T14:46:09","slug":"goias-social-e-ovg-mobilizam-escolas-publicas-para-a-tradicional-distribuicao-de-brinquedos-do-natal-do-bem","status":"publish","type":"post","link":"https:\/\/www.ovg.org.br\/site\/?p=27980","title":{"rendered":"Goi\u00e1s Social e OVG mobilizam escolas p\u00fablicas para a tradicional distribui\u00e7\u00e3o de brinquedos do Natal do Bem"},"content":{"rendered":"\n<p><strong>Lucas Dellamare<\/strong><\/p>\n\n\n\n<p>O clima de Natal j\u00e1 come\u00e7a a se espalhar pelas escolas p\u00fablicas de Goi\u00e2nia. Equipes da Organiza\u00e7\u00e3o das Volunt\u00e1rias de Goi\u00e1s (OVG) e do Goi\u00e1s Social est\u00e3o percorrendo as unidades de ensino em uma grande mobiliza\u00e7\u00e3o do Natal do Bem 2025, etapa que antecede a tradicional entrega de brinquedos. A a\u00e7\u00e3o leva informa\u00e7\u00f5es e convites \u00e0s comunidades escolares para o evento, que acontece no dia 7 de dezembro, a partir das 8 horas, no Gin\u00e1sio Goi\u00e2nia Arena.<\/p>\n\n\n\n<p>Realizado pelo Governo de Goi\u00e1s \u2013 com o apoio da Secretaria de Estado da Educa\u00e7\u00e3o (Seduc) e da Secretaria Municipal de Educa\u00e7\u00e3o (SME) \u2013 o trabalho busca envolver crian\u00e7as e adolescentes e suas fam\u00edlias em um dos momentos mais esperados do ano. At\u00e9 agora, 268 escolas j\u00e1 receberam as equipes, alcan\u00e7ando 74.345 estudantes. A meta \u00e9 visitar todas as 473 unidades previstas, garantindo que cada crian\u00e7a seja convidada a viver essa grande festa natalina.<\/p>\n\n\n\n<p>\u201cQueremos que cada crian\u00e7a viva a magia do Natal, que sinta alegria e esperan\u00e7a. Este \u00e9 um momento de carinho e solidariedade que transforma vidas\u201d, destaca a presidente de honra da OVG e coordenadora do Goi\u00e1s Social, primeira-dama Gracinha Caiado.<\/p>\n\n\n\n<p>Desde o in\u00edcio da mobiliza\u00e7\u00e3o, dia 20 de outubro, dez equipes percorrem diariamente as escolas da capital e regi\u00e3o. Em apenas quatro dias, mais de 260 institui\u00e7\u00f5es foram visitadas, um esfor\u00e7o conjunto que tem promovido a ampla divulga\u00e7\u00e3o da festa e o engajamento de professores, gestores e fam\u00edlias.<\/p>\n\n\n\n<p>\u201cA uni\u00e3o das escolas \u00e9 essencial para que todas as crian\u00e7as tenham acesso a esse momento t\u00e3o especial, que refor\u00e7a o compromisso do Governo de Goi\u00e1s com a inf\u00e2ncia e a inclus\u00e3o social\u201d, complementa Gracinha.<\/p>\n\n\n\n<p><strong>Brinquedos e alegria<\/strong><\/p>\n\n\n<div class=\"wp-block-image\">\n<figure class=\"alignleft size-large is-resized\"><img loading=\"lazy\" decoding=\"async\" width=\"801\" height=\"1024\" src=\"https:\/\/www.ovg.org.br\/site\/wp-content\/uploads\/2025\/10\/54883496274_fedb53ae25_6k-scaled-e1761921843454-801x1024.jpg\" alt=\"\" class=\"wp-image-28087\" style=\"width:303px;height:auto\" srcset=\"https:\/\/www.ovg.org.br\/site\/wp-content\/uploads\/2025\/10\/54883496274_fedb53ae25_6k-scaled-e1761921843454-801x1024.jpg 801w, https:\/\/www.ovg.org.br\/site\/wp-content\/uploads\/2025\/10\/54883496274_fedb53ae25_6k-scaled-e1761921843454-235x300.jpg 235w, https:\/\/www.ovg.org.br\/site\/wp-content\/uploads\/2025\/10\/54883496274_fedb53ae25_6k-scaled-e1761921843454-768x982.jpg 768w, https:\/\/www.ovg.org.br\/site\/wp-content\/uploads\/2025\/10\/54883496274_fedb53ae25_6k-scaled-e1761921843454-1201x1536.jpg 1201w, https:\/\/www.ovg.org.br\/site\/wp-content\/uploads\/2025\/10\/54883496274_fedb53ae25_6k-scaled-e1761921843454.jpg 1335w\" sizes=\"auto, (max-width: 801px) 100vw, 801px\" \/><\/figure>\n<\/div>\n\n\n<p>A edi\u00e7\u00e3o 2025 da tradicional distribui\u00e7\u00e3o de brinquedos do Natal do Bem promete uma programa\u00e7\u00e3o cheia de encantamento. Ser\u00e3o distribu\u00eddos 20 mil brinquedos na capital, entre bolas de futebol e v\u00f4lei, bonecas, carrinhos, kits cozinha e jogos de tabuleiro. A festa contar\u00e1 ainda com apresenta\u00e7\u00f5es culturais, presen\u00e7a do Papai e da Mam\u00e3e Noel, al\u00e9m de pipoca, algod\u00e3o doce e sorteios de bicicletas doadas por parceiros da OVG e do Goi\u00e1s Social.<\/p>\n\n\n\n<p>Com investimento total de R$ 26,8 milh\u00f5es, o Governo de Goi\u00e1s garante a compra e distribui\u00e7\u00e3o de 665 mil brinquedos em todo o Estado, contemplando os 246 munic\u00edpios goianos. Desde 2019, o programa j\u00e1 entregou mais de 3,2 milh\u00f5es de presentes, somando R$ 72 milh\u00f5es em investimentos.<\/p>\n\n\n\n<p>Mais do que uma simples entrega de presentes, o Natal do Bem \u00e9 um gesto de amor, partilha e esperan\u00e7a. A cada sorriso, renasce o verdadeiro esp\u00edrito natalino, lembrando que a solidariedade tamb\u00e9m se aprende, se vive e se multiplica.<\/p>\n\n\n\n<p><strong>Organiza\u00e7\u00e3o das Volunt\u00e1rias de Goi\u00e1s | Goi\u00e1s Social \u2013 Governo de Goi\u00e1s<\/strong><\/p>\n\n\n\n<p><\/p>\n","protected":false},"excerpt":{"rendered":"<p>A\u00e7\u00e3o convida estudantes e fam\u00edlias para o evento de entrega de presentes, que ser\u00e1 realizado no dia 7 de dezembro, no Gin\u00e1sio Goi\u00e2nia Arena. Iniciativa celebra o esp\u00edrito natalino com alegria, cultura e solidariedade<\/p>\n","protected":false},"author":8,"featured_media":28088,"comment_status":"closed","ping_status":"closed","sticky":false,"template":"","format":"standard","meta":{"_acf_changed":false,"footnotes":""},"categories":[1],"tags":[],"class_list":["post-27980","post","type-post","status-publish","format-standard","has-post-thumbnail","hentry","category-noticias-ovg"],"acf":[],"_links":{"self":[{"href":"https:\/\/www.ovg.org.br\/site\/index.php?rest_route=\/wp\/v2\/posts\/27980","targetHints":{"allow":["GET"]}}],"collection":[{"href":"https:\/\/www.ovg.org.br\/site\/index.php?rest_route=\/wp\/v2\/posts"}],"about":[{"href":"https:\/\/www.ovg.org.br\/site\/index.php?rest_route=\/wp\/v2\/types\/post"}],"author":[{"embeddable":true,"href":"https:\/\/www.ovg.org.br\/site\/index.php?rest_route=\/wp\/v2\/users\/8"}],"replies":[{"embeddable":true,"href":"https:\/\/www.ovg.org.br\/site\/index.php?rest_route=%2Fwp%2Fv2%2Fcomments&post=27980"}],"version-history":[{"count":3,"href":"https:\/\/www.ovg.org.br\/site\/index.php?rest_route=\/wp\/v2\/posts\/27980\/revisions"}],"predecessor-version":[{"id":28091,"href":"https:\/\/www.ovg.org.br\/site\/index.php?rest_route=\/wp\/v2\/posts\/27980\/revisions\/28091"}],"wp:featuredmedia":[{"embeddable":true,"href":"https:\/\/www.ovg.org.br\/site\/index.php?rest_route=\/wp\/v2\/media\/28088"}],"wp:attachment":[{"href":"https:\/\/www.ovg.org.br\/site\/index.php?rest_route=%2Fwp%2Fv2%2Fmedia&parent=27980"}],"wp:term":[{"taxonomy":"category","embeddable":true,"href":"https:\/\/www.ovg.org.br\/site\/index.php?rest_route=%2Fwp%2Fv2%2Fcategories&post=27980"},{"taxonomy":"post_tag","embeddable":true,"href":"https:\/\/www.ovg.org.br\/site\/index.php?rest_route=%2Fwp%2Fv2%2Ftags&post=27980"}],"curies":[{"name":"wp","href":"https:\/\/api.w.org\/{rel}","templated":true}]}}