{"id":28049,"date":"2025-10-30T09:19:17","date_gmt":"2025-10-30T12:19:17","guid":{"rendered":"https:\/\/www.ovg.org.br\/site\/?p=28049"},"modified":"2025-10-30T15:50:33","modified_gmt":"2025-10-30T18:50:33","slug":"ovg-celebra-78-anos-com-recorde-historico-de-atendimentos-e-reconhecimento-internacional","status":"publish","type":"post","link":"https:\/\/www.ovg.org.br\/site\/?p=28049","title":{"rendered":"OVG celebra 78 anos com recorde hist\u00f3rico de atendimentos e reconhecimento internacional"},"content":{"rendered":"\n<p><strong>Lucas Dellamare<\/strong><\/p>\n\n\n\n<p>A Organiza\u00e7\u00e3o das Volunt\u00e1rias de Goi\u00e1s (OVG) celebra, neste dia 30 de outubro, 78 anos de funda\u00e7\u00e3o. Quase oito d\u00e9cadas dedicadas a cuidar de pessoas, transformar realidades e garantir dignidade a quem mais precisa. Desde 2019, a institui\u00e7\u00e3o vive o maior ciclo de crescimento de sua hist\u00f3ria, com mais de 33,5 milh\u00f5es de atendimentos realizados em todo o Estado, resultado de um trabalho que une gest\u00e3o eficiente, sensibilidade humana e compromisso com o bem comum.<\/p>\n\n\n\n<p>\u201cQuando olhamos para esses resultados, vemos um Estado que escolheu cuidar de verdade. Nosso compromisso \u00e9 com a vida, com cada goiano e goiana que precisa de uma chance, e \u00e9 isso que a OVG representa\u201d, afirma o governador Ronaldo Caiado.<\/p>\n\n\n\n<p>\u201cA OVG nunca foi t\u00e3o grande, t\u00e3o presente e t\u00e3o humana como \u00e9 hoje. Crescemos porque acreditamos que cada vida importa e que \u00e9 poss\u00edvel transformar o futuro com amor e responsabilidade social\u201d, diz a presidente de honra da OVG e coordenadora do Goi\u00e1s Social, primeira-dama Gracinha Caiado.<\/p>\n\n\n<div class=\"wp-block-image\">\n<figure class=\"alignleft size-large is-resized\"><img loading=\"lazy\" decoding=\"async\" width=\"1024\" height=\"682\" src=\"https:\/\/www.ovg.org.br\/site\/wp-content\/uploads\/2025\/10\/WhatsApp-Image-2025-10-30-at-09.14.32-1024x682.jpeg\" alt=\"\" class=\"wp-image-28051\" style=\"width:419px;height:auto\" srcset=\"https:\/\/www.ovg.org.br\/site\/wp-content\/uploads\/2025\/10\/WhatsApp-Image-2025-10-30-at-09.14.32-1024x682.jpeg 1024w, https:\/\/www.ovg.org.br\/site\/wp-content\/uploads\/2025\/10\/WhatsApp-Image-2025-10-30-at-09.14.32-300x200.jpeg 300w, https:\/\/www.ovg.org.br\/site\/wp-content\/uploads\/2025\/10\/WhatsApp-Image-2025-10-30-at-09.14.32-768x512.jpeg 768w, https:\/\/www.ovg.org.br\/site\/wp-content\/uploads\/2025\/10\/WhatsApp-Image-2025-10-30-at-09.14.32-1536x1024.jpeg 1536w, https:\/\/www.ovg.org.br\/site\/wp-content\/uploads\/2025\/10\/WhatsApp-Image-2025-10-30-at-09.14.32-2048x1365.jpeg 2048w\" sizes=\"auto, (max-width: 1024px) 100vw, 1024px\" \/><\/figure>\n<\/div>\n\n\n<p>Com presen\u00e7a em todos os 246 munic\u00edpios goianos, a OVG, em parceria com o Goi\u00e1s Social, foi respons\u00e1vel por levar benef\u00edcios como cadeiras de rodas, fraldas, enxovais para beb\u00eas, cestas b\u00e1sicas, cobertores, colch\u00f5es, refei\u00e7\u00f5es e alimentos in natura para fam\u00edlias em vulnerabilidade. Desde 2019, o investimento total do Governo de Goi\u00e1s, por meio da institui\u00e7\u00e3o, ultrapassa R$ 1,79 bilh\u00e3o.<\/p>\n\n\n\n<p>Entre os programas de destaque est\u00e3o o Restaurante do Bem, que j\u00e1 serviu 22,5 milh\u00f5es de refei\u00e7\u00f5es nutritivas a R$ 2,00 e o Banco de Alimentos, que distribuiu 8,3 milh\u00f5es de quilos de alimentos a mais de 7,8 mil fam\u00edlias e 404 entidades sociais, somando R$ 12,6 milh\u00f5es em investimentos. \u201cN\u00e3o falta mais comida na minha casa, principalmente para o meu filho. J\u00e1 passei por muito desespero por n\u00e3o poder trabalhar e n\u00e3o ter o que comer. Agora, isso \u00e9 passado\u201d, conta Ediana Ferreira Monteiro, de 44 anos, benefici\u00e1ria do programa.<\/p>\n\n\n\n<p>Outro marco \u00e9 o Programa Universit\u00e1rio do Bem (ProBem), que j\u00e1 garantiu o acesso ao ensino superior para 53 mil estudantes em 239 munic\u00edpios, com R$ 657,5 milh\u00f5es investidos. \u201cAqui recebi a maior b\u00ean\u00e7\u00e3o que uma pessoa pode ter: a oportunidade de ter mais qualidade de vida e um futuro melhor, e isso s\u00f3 est\u00e1 sendo poss\u00edvel gra\u00e7as ao ProBem\u201d, celebra Gemima Simprime, de 28 anos, benefici\u00e1ria do programa no curso de enfermagem e que representou Goi\u00e1s na Youth International Model United Nations, da ONU, em Nova York.<\/p>\n\n\n<div class=\"wp-block-image\">\n<figure class=\"alignright size-large is-resized\"><img loading=\"lazy\" decoding=\"async\" width=\"1024\" height=\"682\" src=\"https:\/\/www.ovg.org.br\/site\/wp-content\/uploads\/2025\/10\/WhatsApp-Image-2025-10-30-at-09.14.31-1-1024x682.jpeg\" alt=\"\" class=\"wp-image-28052\" style=\"width:421px;height:auto\" srcset=\"https:\/\/www.ovg.org.br\/site\/wp-content\/uploads\/2025\/10\/WhatsApp-Image-2025-10-30-at-09.14.31-1-1024x682.jpeg 1024w, https:\/\/www.ovg.org.br\/site\/wp-content\/uploads\/2025\/10\/WhatsApp-Image-2025-10-30-at-09.14.31-1-300x200.jpeg 300w, https:\/\/www.ovg.org.br\/site\/wp-content\/uploads\/2025\/10\/WhatsApp-Image-2025-10-30-at-09.14.31-1-768x512.jpeg 768w, https:\/\/www.ovg.org.br\/site\/wp-content\/uploads\/2025\/10\/WhatsApp-Image-2025-10-30-at-09.14.31-1-1536x1024.jpeg 1536w, https:\/\/www.ovg.org.br\/site\/wp-content\/uploads\/2025\/10\/WhatsApp-Image-2025-10-30-at-09.14.31-1-2048x1365.jpeg 2048w\" sizes=\"auto, (max-width: 1024px) 100vw, 1024px\" \/><\/figure>\n<\/div>\n\n\n<p>A Campanha Aquecendo Vidas distribuiu 470 mil cobertores, e o tradicional Natal do Bem levou 3,2 milh\u00f5es de brinquedos a crian\u00e7as de todos os munic\u00edpios goianos, reunindo um p\u00fablico de 3,3 milh\u00f5es de pessoas nos eventos natalinos no Centro Cultural Oscar Niemeyer. A OVG tamb\u00e9m promove o Arrai\u00e1 do Bem, que transforma solidariedade em a\u00e7\u00f5es concretas. S\u00f3 em 2024, mais de 1,7 mil ingressos vendidos reverteram recursos a entidades sociais.<\/p>\n\n\n\n<p>Programas como o NutreBem, que produz o Mix do Bem, renderam \u00e0 OVG reconhecimento internacional com o Fab City Awards, pr\u00eamio que destacou a tecnologia social goiana como exemplo de combate \u00e0 fome e desperd\u00edcio. O NutreBem j\u00e1 distribuiu 1,6 milh\u00e3o de pacotes a mais de 214 mil fam\u00edlias.<\/p>\n\n\n\n<p>\u201cReceber um pr\u00eamio internacional \u00e9 o reflexo da nossa capacidade de inovar, com o cora\u00e7\u00e3o voltado \u00e0s pessoas. Goi\u00e1s hoje \u00e9 refer\u00eancia mundial em solu\u00e7\u00f5es sociais criativas e sustent\u00e1veis\u201d, destaca a diretora-geral da OVG, Adryanna Caiado.<\/p>\n\n\n\n<p><strong>Maior legado<br><\/strong>Nas unidades da OVG, o cuidado \u00e9 di\u00e1rio. O Programa Meninas de Luz, por exemplo, j\u00e1 amparou 14,7 mil jovens gr\u00e1vidas, oferecendo acompanhamento psicol\u00f3gico, m\u00e9dico e social. \u201cAqui encontrei carinho e esperan\u00e7a. Aprendi que posso cuidar do meu beb\u00ea e tamb\u00e9m de mim\u201d, diz Jennifer Alves, de 20 anos, m\u00e3e do Antony Miguel, de seis meses, atendida no Centro da Juventude Tecendo o Futuro, que tamb\u00e9m oferece atividades esportivas, cursos e oficinas a centenas de jovens todos os meses.<\/p>\n\n\n<div class=\"wp-block-image\">\n<figure class=\"alignleft size-large is-resized\"><img loading=\"lazy\" decoding=\"async\" width=\"1024\" height=\"682\" src=\"https:\/\/www.ovg.org.br\/site\/wp-content\/uploads\/2025\/10\/WhatsApp-Image-2025-10-30-at-09.14.30-1024x682.jpeg\" alt=\"\" class=\"wp-image-28054\" style=\"width:387px;height:auto\" srcset=\"https:\/\/www.ovg.org.br\/site\/wp-content\/uploads\/2025\/10\/WhatsApp-Image-2025-10-30-at-09.14.30-1024x682.jpeg 1024w, https:\/\/www.ovg.org.br\/site\/wp-content\/uploads\/2025\/10\/WhatsApp-Image-2025-10-30-at-09.14.30-300x200.jpeg 300w, https:\/\/www.ovg.org.br\/site\/wp-content\/uploads\/2025\/10\/WhatsApp-Image-2025-10-30-at-09.14.30-768x512.jpeg 768w, https:\/\/www.ovg.org.br\/site\/wp-content\/uploads\/2025\/10\/WhatsApp-Image-2025-10-30-at-09.14.30-1536x1024.jpeg 1536w, https:\/\/www.ovg.org.br\/site\/wp-content\/uploads\/2025\/10\/WhatsApp-Image-2025-10-30-at-09.14.30-2048x1365.jpeg 2048w\" sizes=\"auto, (max-width: 1024px) 100vw, 1024px\" \/><\/figure>\n<\/div>\n\n\n<p>A rede de prote\u00e7\u00e3o inclui ainda o atendimento a idosos nos Centros Sagrada Fam\u00edlia, Vila Vida e Espa\u00e7os Bem Viver, com 126,8 mil atendimentos desde 2019, e o acolhimento a pacientes vindos do interior na Casa do Interior de Goi\u00e1s, que j\u00e1 recebeu 26,3 mil pessoas para tratamento de sa\u00fade em Goi\u00e2nia.<\/p>\n\n\n\n<p>Com 20,4 mil novos volunt\u00e1rios, 7,8 mil atendimentos de apoio a entidades e mais de 559 a\u00e7\u00f5es itinerantes em 166 munic\u00edpios, a OVG segue escrevendo uma hist\u00f3ria de amor ao pr\u00f3ximo. S\u00e3o 78 anos de solidariedade, efici\u00eancia e f\u00e9 no bem.<\/p>\n\n\n\n<p>\u201cA OVG \u00e9 feita por pessoas que acreditam nas pessoas. Nosso trabalho \u00e9 dar oportunidade, acolher e transformar. E essa \u00e9 a miss\u00e3o que nos move todos os dias\u201d, finaliza Gracinha Caiado.<\/p>\n\n\n\n<p><strong>Organiza\u00e7\u00e3o das Volunt\u00e1rias de Goi\u00e1s | Goi\u00e1s Social \u2013 Governo de Goi\u00e1s<\/strong><\/p>\n","protected":false},"excerpt":{"rendered":"<p>Institui\u00e7\u00e3o soma mais de 33,5 milh\u00f5es de atendimentos desde 2019 e consolida o maior ciclo de impacto social de sua hist\u00f3ria, reafirmando o compromisso em transformar vidas e levar dignidade a quem mais precisa<\/p>\n","protected":false},"author":8,"featured_media":28050,"comment_status":"closed","ping_status":"closed","sticky":false,"template":"","format":"standard","meta":{"_acf_changed":false,"footnotes":""},"categories":[1],"tags":[],"class_list":["post-28049","post","type-post","status-publish","format-standard","has-post-thumbnail","hentry","category-noticias-ovg"],"acf":[],"_links":{"self":[{"href":"https:\/\/www.ovg.org.br\/site\/index.php?rest_route=\/wp\/v2\/posts\/28049","targetHints":{"allow":["GET"]}}],"collection":[{"href":"https:\/\/www.ovg.org.br\/site\/index.php?rest_route=\/wp\/v2\/posts"}],"about":[{"href":"https:\/\/www.ovg.org.br\/site\/index.php?rest_route=\/wp\/v2\/types\/post"}],"author":[{"embeddable":true,"href":"https:\/\/www.ovg.org.br\/site\/index.php?rest_route=\/wp\/v2\/users\/8"}],"replies":[{"embeddable":true,"href":"https:\/\/www.ovg.org.br\/site\/index.php?rest_route=%2Fwp%2Fv2%2Fcomments&post=28049"}],"version-history":[{"count":3,"href":"https:\/\/www.ovg.org.br\/site\/index.php?rest_route=\/wp\/v2\/posts\/28049\/revisions"}],"predecessor-version":[{"id":28065,"href":"https:\/\/www.ovg.org.br\/site\/index.php?rest_route=\/wp\/v2\/posts\/28049\/revisions\/28065"}],"wp:featuredmedia":[{"embeddable":true,"href":"https:\/\/www.ovg.org.br\/site\/index.php?rest_route=\/wp\/v2\/media\/28050"}],"wp:attachment":[{"href":"https:\/\/www.ovg.org.br\/site\/index.php?rest_route=%2Fwp%2Fv2%2Fmedia&parent=28049"}],"wp:term":[{"taxonomy":"category","embeddable":true,"href":"https:\/\/www.ovg.org.br\/site\/index.php?rest_route=%2Fwp%2Fv2%2Fcategories&post=28049"},{"taxonomy":"post_tag","embeddable":true,"href":"https:\/\/www.ovg.org.br\/site\/index.php?rest_route=%2Fwp%2Fv2%2Ftags&post=28049"}],"curies":[{"name":"wp","href":"https:\/\/api.w.org\/{rel}","templated":true}]}}