{"id":28300,"date":"2025-11-14T09:33:03","date_gmt":"2025-11-14T12:33:03","guid":{"rendered":"https:\/\/www.ovg.org.br\/site\/?p=28300"},"modified":"2025-11-14T09:33:03","modified_gmt":"2025-11-14T12:33:03","slug":"natal-do-bem-2025-sera-aberto-ao-publico-nesta-sexta-feira-14-11","status":"publish","type":"post","link":"https:\/\/www.ovg.org.br\/site\/?p=28300","title":{"rendered":"Natal do Bem 2025 ser\u00e1 aberto ao p\u00fablico nesta sexta-feira (14\/11)"},"content":{"rendered":"\n<p class=\"has-text-align-center has-small-font-size\">Ronaldo e Gracinha Caiado na apresenta\u00e7\u00e3o do Natal do Bem 2025: &#8220;Mostramos para o Brasil todo que, quem vive em vulnerabilidade, merece o melhor, sim: o melhor brinquedo, a melhor casa de apoio e o melhor Natal\u201d<\/p>\n\n\n\n<p>O governador Ronaldo Caiado e a coordenadora do Goi\u00e1s Social, primeira-dama Gracinha Caiado, apresentaram nesta quinta-feira (13\/11) a estrutura e as novidades da edi\u00e7\u00e3o 2025 do Natal do Bem, considerado o maior evento natalino gratuito do pa\u00eds. O momento antecedeu o in\u00edcio oficial da temporada em Goi\u00e1s, promovendo as atra\u00e7\u00f5es que prometem encantar o p\u00fablico no Centro Cultural Oscar Niemeyer (CCON) entre os dias 14 de novembro de 2025 e 4 de janeiro de 2026.<\/p>\n\n\n\n<p>Realizado pelo Governo de Goi\u00e1s, o evento este ano volta ainda maior: s\u00e3o mais de 3 milh\u00f5es de pontos de luz, 300 apresenta\u00e7\u00f5es art\u00edsticas, 12 mil vagas de estacionamento gratuitas, al\u00e9m de uma nova \u00e1rea tem\u00e1tica composta por quatro ambientes que revelam o cotidiano do Papai Noel: o Est\u00e1bulo, a Oficina de Cartas, o Ch\u00e1 da Tarde e a Noite M\u00e1gica. O espa\u00e7o conta ainda com Floresta M\u00e1gica de Natal, pres\u00e9pio, t\u00fanel de LED interativo, carrossel, trenzinho, roda-gigante e a tradicional \u00c1rvore de Natal de 40 metros de altura.<\/p>\n\n\n\n<p>O governador enfatizou a magnitude do Natal do Bem e fez o convite aos goianos para desfrutarem da programa\u00e7\u00e3o natalina. \u201cQuando se governa com seriedade e com amor ao pr\u00f3ximo, as coisas acontecem. Est\u00e1 a\u00ed um grande Natal\u201d, ressaltou. \u201cN\u00f3s estamos cuidando das pessoas, estamos proporcionando a elas esse sentimento de igualdade, independente da sua condi\u00e7\u00e3o social. Essa \u00e9 a beleza que quero deixar como a marca do meu governo, que \u00e9 cuidar e resgatar a autoestima das pessoas\u201d, acrescentou.<\/p>\n\n\n\n<p>Durante a apresenta\u00e7\u00e3o, Gracinha Caiado reiterou o prop\u00f3sito social e inclusivo da iniciativa, que busca levar magia e esperan\u00e7a a todas as fam\u00edlias goianas. \u201cO Natal \u00e9 esperan\u00e7a, \u00e9 dignidade, \u00e9 mostrar para todas as crian\u00e7as do estado que elas v\u00e3o poder, sim, viver a magia do Natal\u201d, afirmou. \u201cSempre vi que existia a sensa\u00e7\u00e3o de que o que era feito para as pessoas em vulnerabilidade, sempre foi de uma forma negligenciada. Mostramos para o Brasil todo que, quem vive em vulnerabilidade, merece o melhor, sim: o melhor brinquedo, a melhor casa de apoio e o melhor Natal\u201d, frisou.<\/p>\n\n\n\n<p>O vice-governador Daniel Vilela enalteceu a riqueza de detalhes e a beleza de cada atra\u00e7\u00e3o instalada nos mais de 30 mil metros quadrados. \u201cIsso \u00e9 algo que a gente s\u00f3 v\u00ea em outros pa\u00edses\u201d, comentou sobre a qualidade da estrutura, que atrai visitantes goianos e tamb\u00e9m de outros estados. \u201c\u00c9 um Natal gratuito, o maior do Brasil. Ent\u00e3o fica a\u00ed o convite para todos trazerem a crian\u00e7ada e vir conhecer o Natal mais bonito do Brasil\u201d, disse.<\/p>\n\n\n\n<p>O pr\u00e9-lan\u00e7amento do Natal do Bem contou com a presen\u00e7a de autoridades, inclusive representantes de mais de 200 munic\u00edpios goianos, e patrocinadores. Al\u00e9m das novidades visuais, a Vila Gastron\u00f4mica foi ampliada, passando de 25 para 27 quiosques, todos com op\u00e7\u00f5es de pratos sociais a R$ 12. O Desfile Natalino tamb\u00e9m ganhou refor\u00e7o com 118 artistas e seis alas, em apresenta\u00e7\u00f5es coreogr\u00e1ficas in\u00e9ditas que contar\u00e3o com int\u00e9rpretes de Libras para garantir acessibilidade. O evento teve ainda apresenta\u00e7\u00e3o de Cantata de Natal com crian\u00e7as do Instituto Gustav Ritter.<\/p>\n\n\n\n<p>\u201cVenham todos, que o Natal do Bem est\u00e1 ainda mais bonito e caprichado esse ano\u201d, convidou a diretora-geral da Organiza\u00e7\u00e3o das Volunt\u00e1rias de Goi\u00e1s (OVG), Adryanna Caiado. Com dire\u00e7\u00e3o art\u00edstica da D\u2019Arte Entretenimento e patroc\u00ednio de empresas como Saneago, Flamboyant Shopping e Instituto, O Botic\u00e1rio, Sistema OCB, Equatorial e Fieg, a festa promete superar o p\u00fablico recorde de 1,5 milh\u00e3o de visitantes do ano passado, alcan\u00e7ando 1,8 milh\u00e3o de pessoas nesta temporada.<\/p>\n\n\n\n<p>O Natal do Bem 2025 tamb\u00e9m contar\u00e1 com linhas de \u00f4nibus exclusivas e gratuitas, partindo da Pra\u00e7a C\u00edvica, Shopping Flamboyant e Terminais da B\u00edblia e Isid\u00f3ria, garantindo mobilidade e acesso democr\u00e1tico ao evento. \u201cA cada ano vem melhorando mais. Fico pensando na popula\u00e7\u00e3o de Goi\u00e2nia que, a partir da manh\u00e3, vai ter tudo isso. \u00c9 um neg\u00f3cio fabuloso. N\u00e3o tem um Natal como esse\u201d, enalteceu o prefeito Sandro Mabel. O gestor da capital enfatizou que o evento \u00e9 \u201cfeito com qualidade para todas as pessoas\u201d.<\/p>\n\n\n\n<p><strong>Brinquedos<\/strong><br>Durante o evento, o governador mencionou ainda a campanha de distribui\u00e7\u00e3o de presentes, que neste ano contemplar\u00e1 todos os munic\u00edpios goianos com 665 mil brinquedos, com investimento total de R$ 26,8 milh\u00f5es do Governo de Goi\u00e1s. \u201cPoder oferecer isso \u00e0s crian\u00e7as, n\u00e3o tem nada igual. Junto a isso, milhares de brinquedos distribu\u00eddos aos 246 munic\u00edpios e de padr\u00e3o de excel\u00eancia\u201d, afirmou o governador.<\/p>\n\n\n\n<p><strong>Secretaria de Comunica\u00e7\u00e3o \u2013 Governo\u00a0de\u00a0Goi\u00e1s<\/strong><\/p>\n","protected":false},"excerpt":{"rendered":"<p>Caiado e Gracinha apresentam estrutura decorada com 3 milh\u00f5es de pontos de luz e que receber\u00e1 300 apresenta\u00e7\u00f5es art\u00edsticas at\u00e9 4 de janeiro<\/p>\n","protected":false},"author":4,"featured_media":28301,"comment_status":"closed","ping_status":"closed","sticky":false,"template":"","format":"standard","meta":{"_acf_changed":false,"footnotes":""},"categories":[1],"tags":[],"class_list":["post-28300","post","type-post","status-publish","format-standard","has-post-thumbnail","hentry","category-noticias-ovg"],"acf":[],"_links":{"self":[{"href":"https:\/\/www.ovg.org.br\/site\/index.php?rest_route=\/wp\/v2\/posts\/28300","targetHints":{"allow":["GET"]}}],"collection":[{"href":"https:\/\/www.ovg.org.br\/site\/index.php?rest_route=\/wp\/v2\/posts"}],"about":[{"href":"https:\/\/www.ovg.org.br\/site\/index.php?rest_route=\/wp\/v2\/types\/post"}],"author":[{"embeddable":true,"href":"https:\/\/www.ovg.org.br\/site\/index.php?rest_route=\/wp\/v2\/users\/4"}],"replies":[{"embeddable":true,"href":"https:\/\/www.ovg.org.br\/site\/index.php?rest_route=%2Fwp%2Fv2%2Fcomments&post=28300"}],"version-history":[{"count":1,"href":"https:\/\/www.ovg.org.br\/site\/index.php?rest_route=\/wp\/v2\/posts\/28300\/revisions"}],"predecessor-version":[{"id":28304,"href":"https:\/\/www.ovg.org.br\/site\/index.php?rest_route=\/wp\/v2\/posts\/28300\/revisions\/28304"}],"wp:featuredmedia":[{"embeddable":true,"href":"https:\/\/www.ovg.org.br\/site\/index.php?rest_route=\/wp\/v2\/media\/28301"}],"wp:attachment":[{"href":"https:\/\/www.ovg.org.br\/site\/index.php?rest_route=%2Fwp%2Fv2%2Fmedia&parent=28300"}],"wp:term":[{"taxonomy":"category","embeddable":true,"href":"https:\/\/www.ovg.org.br\/site\/index.php?rest_route=%2Fwp%2Fv2%2Fcategories&post=28300"},{"taxonomy":"post_tag","embeddable":true,"href":"https:\/\/www.ovg.org.br\/site\/index.php?rest_route=%2Fwp%2Fv2%2Ftags&post=28300"}],"curies":[{"name":"wp","href":"https:\/\/api.w.org\/{rel}","templated":true}]}}