{"id":28315,"date":"2025-11-14T14:54:14","date_gmt":"2025-11-14T17:54:14","guid":{"rendered":"https:\/\/www.ovg.org.br\/site\/?p=28315"},"modified":"2025-11-14T14:54:15","modified_gmt":"2025-11-14T17:54:15","slug":"governo-de-goias-oferece-12-mil-vagas-de-estacionamento-para-o-natal-do-bem","status":"publish","type":"post","link":"https:\/\/www.ovg.org.br\/site\/?p=28315","title":{"rendered":"Governo de Goi\u00e1s oferece 12 mil vagas de estacionamento para o Natal do Bem"},"content":{"rendered":"\n<p>O Governo de Goi\u00e1s oferecer\u00e1 12 mil vagas de estacionamento gratuitas durante a temporada 2025 do Natal do Bem, no Centro Cultural Oscar Niemeyer (CCON). A abertura oficial do evento ser\u00e1 realizada nesta sexta-feira (14\/11), com programa\u00e7\u00e3o at\u00e9 o dia 4 de janeiro de 2026. Promovido pelo Goi\u00e1s Social e pela Organiza\u00e7\u00e3o das Volunt\u00e1rias de Goi\u00e1s (OVG), o evento \u00e9 a maior festa natalina gratuita do Brasil e deve receber 1,8 milh\u00e3o de visitantes.<\/p>\n\n\n\n<p>Para garantir a comodidade ao p\u00fablico, a Ag\u00eancia Goiana de Infraestrutura e Transportes (Goinfra) executou obras de amplia\u00e7\u00e3o e aprimoramento da estrutura existente. As interven\u00e7\u00f5es resultaram em um aumento de 33% no n\u00famero de vagas dispon\u00edveis em compara\u00e7\u00e3o ao ano passado. O investimento \u00e9 de R$ 3,2 milh\u00f5es.<\/p>\n\n\n\n<p>O estacionamento tempor\u00e1rio ocupa uma \u00e1rea somada de 150 mil metros quadrados, cedida pelo Flamboyant Shopping. S\u00e3o seis terrenos que abrigam vagas para recep\u00e7\u00e3o ao p\u00fablico, um deles exclusivo e adaptado para pessoas com defici\u00eancia.<\/p>\n\n\n\n<p>Tr\u00eas rotas foram criadas para facilitar a chegada de visitantes aos estacionamentos. Confira:<\/p>\n\n\n<div class=\"wp-block-image\">\n<figure class=\"alignleft size-large is-resized\"><img loading=\"lazy\" decoding=\"async\" width=\"819\" height=\"1024\" src=\"https:\/\/www.ovg.org.br\/site\/wp-content\/uploads\/2025\/11\/WhatsApp-Image-2025-11-14-at-14.41.58-1-819x1024.jpeg\" alt=\"\" class=\"wp-image-28316\" style=\"width:302px;height:auto\" srcset=\"https:\/\/www.ovg.org.br\/site\/wp-content\/uploads\/2025\/11\/WhatsApp-Image-2025-11-14-at-14.41.58-1-819x1024.jpeg 819w, https:\/\/www.ovg.org.br\/site\/wp-content\/uploads\/2025\/11\/WhatsApp-Image-2025-11-14-at-14.41.58-1-240x300.jpeg 240w, https:\/\/www.ovg.org.br\/site\/wp-content\/uploads\/2025\/11\/WhatsApp-Image-2025-11-14-at-14.41.58-1-768x960.jpeg 768w, https:\/\/www.ovg.org.br\/site\/wp-content\/uploads\/2025\/11\/WhatsApp-Image-2025-11-14-at-14.41.58-1.jpeg 1080w\" sizes=\"auto, (max-width: 819px) 100vw, 819px\" \/><\/figure>\n<\/div>\n\n\n<ul class=\"wp-block-list\">\n<li>Acesso 1: Via GO-020, entrada pela Avenida Dr. Jos\u00e9 Hermano, seguida da rotat\u00f3ria at\u00e9 o Centro Cultural;<\/li>\n\n\n\n<li>Acesso 2: Via GO-020, entrada pela avenida Alphaville Flamboyant, continua\u00e7\u00e3o pela Avenida Nossa Senhora de F\u00e1tima e rotat\u00f3ria;<\/li>\n\n\n\n<li>Acesso 3: Duas op\u00e7\u00f5es pela BR-153, com sa\u00edda para Avenida Cuiab\u00e1 e Rua 106, ou pela Rua Recife\/Arax\u00e1, retorno, Alameda Barbacena e Rua 106.<\/li>\n<\/ul>\n\n\n\n<p><strong>Deslocamento mais seguro<br><\/strong>A extens\u00e3o de cal\u00e7adas tamb\u00e9m foi ampliada para garantir mais seguran\u00e7a aos pedestres que circulam pelo entorno do evento. A Goinfra disponibilizou ainda uma \u00e1rea coberta exclusiva para os comerciantes que tradicionalmente se instalam nas proximidades da entrada principal. Tamb\u00e9m h\u00e1 um espa\u00e7o dedicado ao embarque e desembarque de passageiros de t\u00e1xis e ve\u00edculos de transporte por aplicativos.<\/p>\n\n\n\n<p>Um trenzinho far\u00e1 o translado de visitantes dos acessos 1 e 2 que preferirem por n\u00e3o seguir a p\u00e9 at\u00e9 a entrada do evento. O ve\u00edculo circular\u00e1 por pista exclusiva das 18h \u00e0s 23h30, com sa\u00eddas de acordo com a demanda, sem hor\u00e1rios fixos de parada. Para quem estacionar no acesso 3 (BR-153), o transporte ser\u00e1 feito por vans disponibilizadas pela OVG, respons\u00e1vel pela realiza\u00e7\u00e3o da festividade.<\/p>\n\n\n\n<p><strong>Ag\u00eancia Goiana de Infraestrutura e Transportes \u2013 Governo de Goi\u00e1s<\/strong><\/p>\n","protected":false},"excerpt":{"rendered":"<p>O Governo de Goi\u00e1s oferecer\u00e1 12 mil vagas de estacionamento gratuitas durante a temporada 2025 do Natal do Bem, no Centro Cultural Oscar Niemeyer (CCON). A abertura oficial do evento&hellip;<\/p>\n","protected":false},"author":8,"featured_media":28317,"comment_status":"closed","ping_status":"closed","sticky":false,"template":"","format":"standard","meta":{"_acf_changed":false,"footnotes":""},"categories":[1],"tags":[],"class_list":["post-28315","post","type-post","status-publish","format-standard","has-post-thumbnail","hentry","category-noticias-ovg"],"acf":[],"_links":{"self":[{"href":"https:\/\/www.ovg.org.br\/site\/index.php?rest_route=\/wp\/v2\/posts\/28315","targetHints":{"allow":["GET"]}}],"collection":[{"href":"https:\/\/www.ovg.org.br\/site\/index.php?rest_route=\/wp\/v2\/posts"}],"about":[{"href":"https:\/\/www.ovg.org.br\/site\/index.php?rest_route=\/wp\/v2\/types\/post"}],"author":[{"embeddable":true,"href":"https:\/\/www.ovg.org.br\/site\/index.php?rest_route=\/wp\/v2\/users\/8"}],"replies":[{"embeddable":true,"href":"https:\/\/www.ovg.org.br\/site\/index.php?rest_route=%2Fwp%2Fv2%2Fcomments&post=28315"}],"version-history":[{"count":1,"href":"https:\/\/www.ovg.org.br\/site\/index.php?rest_route=\/wp\/v2\/posts\/28315\/revisions"}],"predecessor-version":[{"id":28318,"href":"https:\/\/www.ovg.org.br\/site\/index.php?rest_route=\/wp\/v2\/posts\/28315\/revisions\/28318"}],"wp:featuredmedia":[{"embeddable":true,"href":"https:\/\/www.ovg.org.br\/site\/index.php?rest_route=\/wp\/v2\/media\/28317"}],"wp:attachment":[{"href":"https:\/\/www.ovg.org.br\/site\/index.php?rest_route=%2Fwp%2Fv2%2Fmedia&parent=28315"}],"wp:term":[{"taxonomy":"category","embeddable":true,"href":"https:\/\/www.ovg.org.br\/site\/index.php?rest_route=%2Fwp%2Fv2%2Fcategories&post=28315"},{"taxonomy":"post_tag","embeddable":true,"href":"https:\/\/www.ovg.org.br\/site\/index.php?rest_route=%2Fwp%2Fv2%2Ftags&post=28315"}],"curies":[{"name":"wp","href":"https:\/\/api.w.org\/{rel}","templated":true}]}}