{"id":28365,"date":"2025-11-18T10:29:58","date_gmt":"2025-11-18T13:29:58","guid":{"rendered":"https:\/\/www.ovg.org.br\/site\/?p=28365"},"modified":"2025-11-18T10:42:51","modified_gmt":"2025-11-18T13:42:51","slug":"mais-de-mil-profissionais-fazem-o-natal-do-bem-acontecer-nos-bastidores-e-mantem-acesa-a-magia-natalina-em-goias","status":"publish","type":"post","link":"https:\/\/www.ovg.org.br\/site\/?p=28365","title":{"rendered":"Mais de mil profissionais fazem o Natal do Bem acontecer nos bastidores e mant\u00eam acesa a magia natalina em Goi\u00e1s"},"content":{"rendered":"\n<p class=\"has-text-align-center has-small-font-size\">Juntas, Dulcineia e Marilda atuam na limpeza dos espa\u00e7os do Natal do Bem, mantendo tudo em ordem para que o evento seja m\u00e1gico<\/p>\n\n\n\n<p><strong>Lucas Dellamare<\/strong><\/p>\n\n\n\n<p>O brilho do Natal do Bem 2025, promovido pelo Governo de Goi\u00e1s, por meio da Organiza\u00e7\u00e3o das Volunt\u00e1rias de Goi\u00e1s (OVG) e do Goi\u00e1s Social, vai muito al\u00e9m das milh\u00f5es de luzes que iluminam o Centro Cultural Oscar Niemeyer (CCON). Por tr\u00e1s do encanto e da emo\u00e7\u00e3o que envolvem milhares de visitantes, h\u00e1 uma estrutura humana grandiosa, formada por 1.105 profissionais que trabalham diariamente para garantir que cada detalhe da festa aconte\u00e7a com perfei\u00e7\u00e3o.<\/p>\n\n\n\n<p>A equipe re\u00fane eletricistas, t\u00e9cnicos, profissionais de limpeza e manuten\u00e7\u00e3o, seguran\u00e7as, al\u00e9m de artistas de teatro, m\u00fasica e circo. Juntos, eles s\u00e3o respons\u00e1veis por transformar o CCON em um cen\u00e1rio m\u00e1gico de 30 mil metros quadrados, com 3 milh\u00f5es de pontos de luz, centenas de apresenta\u00e7\u00f5es e dezenas de ambientes tem\u00e1ticos.<\/p>\n\n\n<div class=\"wp-block-image\">\n<figure class=\"alignleft size-large is-resized\"><img loading=\"lazy\" decoding=\"async\" width=\"682\" height=\"1024\" src=\"https:\/\/www.ovg.org.br\/site\/wp-content\/uploads\/2025\/11\/WhatsApp-Image-2025-11-18-at-10.41.14-682x1024.jpeg\" alt=\"\" class=\"wp-image-28369\" style=\"width:312px;height:auto\" srcset=\"https:\/\/www.ovg.org.br\/site\/wp-content\/uploads\/2025\/11\/WhatsApp-Image-2025-11-18-at-10.41.14-682x1024.jpeg 682w, https:\/\/www.ovg.org.br\/site\/wp-content\/uploads\/2025\/11\/WhatsApp-Image-2025-11-18-at-10.41.14-200x300.jpeg 200w, https:\/\/www.ovg.org.br\/site\/wp-content\/uploads\/2025\/11\/WhatsApp-Image-2025-11-18-at-10.41.14-768x1152.jpeg 768w, https:\/\/www.ovg.org.br\/site\/wp-content\/uploads\/2025\/11\/WhatsApp-Image-2025-11-18-at-10.41.14-1024x1536.jpeg 1024w, https:\/\/www.ovg.org.br\/site\/wp-content\/uploads\/2025\/11\/WhatsApp-Image-2025-11-18-at-10.41.14-1365x2048.jpeg 1365w, https:\/\/www.ovg.org.br\/site\/wp-content\/uploads\/2025\/11\/WhatsApp-Image-2025-11-18-at-10.41.14.jpeg 1706w\" sizes=\"auto, (max-width: 682px) 100vw, 682px\" \/><\/figure>\n<\/div>\n\n\n<p>\u201cCada pessoa que trabalha no Natal do Bem tem um papel essencial. S\u00e3o homens e mulheres que dedicam tempo e talento para que o esp\u00edrito natalino toque o cora\u00e7\u00e3o das fam\u00edlias goianas. O que o p\u00fablico v\u00ea \u00e9 o resultado de um grande esfor\u00e7o coletivo, movido pelo amor ao pr\u00f3ximo e pela f\u00e9 em dias melhores\u201d, afirma a presidente de honra da OVG e coordenadora do Goi\u00e1s Social, primeira-dama Gracinha Caiado.<\/p>\n\n\n\n<p>Para garantir o espet\u00e1culo de todas as noites, o Natal do Bem conta com cinco engenheiros eletricistas e uma empresa especializada em sistemas el\u00e9tricos, contratados pela OVG. A ilumina\u00e7\u00e3o \u00e9 acionada por um sistema automatizado chamado Time Code, que sincroniza os efeitos luminosos com a trilha sonora e a cerim\u00f4nia de acendimento das luzes, um dos momentos mais aguardados do evento.<\/p>\n\n\n\n<p>Al\u00e9m disso, todas as segundas-feiras o local \u00e9 fechado ao p\u00fablico para manuten\u00e7\u00f5es preventivas. Nesse dia, cada l\u00e2mpada, fio e equipamento s\u00e3o revisados para garantir a seguran\u00e7a e o bom funcionamento da estrutura. \u201c\u00c9 um trabalho que exige aten\u00e7\u00e3o e cuidado, mas o retorno \u00e9 maravilhoso. Saber que milh\u00f5es de pessoas se emocionam com o resultado do nosso esfor\u00e7o \u00e9 algo que nos motiva todos os dias\u201d, destaca a diretora-geral da OVG, Adryanna Caiado.<\/p>\n\n\n<div class=\"wp-block-image\">\n<figure class=\"alignright size-large is-resized\"><img loading=\"lazy\" decoding=\"async\" width=\"683\" height=\"1024\" src=\"https:\/\/www.ovg.org.br\/site\/wp-content\/uploads\/2025\/11\/WhatsApp-Image-2025-11-15-at-15.29.52-683x1024.jpeg\" alt=\"\" class=\"wp-image-28370\" style=\"width:291px;height:auto\" srcset=\"https:\/\/www.ovg.org.br\/site\/wp-content\/uploads\/2025\/11\/WhatsApp-Image-2025-11-15-at-15.29.52-683x1024.jpeg 683w, https:\/\/www.ovg.org.br\/site\/wp-content\/uploads\/2025\/11\/WhatsApp-Image-2025-11-15-at-15.29.52-200x300.jpeg 200w, https:\/\/www.ovg.org.br\/site\/wp-content\/uploads\/2025\/11\/WhatsApp-Image-2025-11-15-at-15.29.52-768x1151.jpeg 768w, https:\/\/www.ovg.org.br\/site\/wp-content\/uploads\/2025\/11\/WhatsApp-Image-2025-11-15-at-15.29.52.jpeg 854w\" sizes=\"auto, (max-width: 683px) 100vw, 683px\" \/><\/figure>\n<\/div>\n\n\n<p><strong>Arte e dedica\u00e7\u00e3o<\/strong><br>Nos palcos e desfiles, mais de 300 apresenta\u00e7\u00f5es art\u00edsticas d\u00e3o vida \u00e0 programa\u00e7\u00e3o. O desfile natalino deste ano, com 120 artistas divididos em seis alas, traz coreografias in\u00e9ditas e int\u00e9rpretes de Libras, refor\u00e7ando o compromisso do evento com a inclus\u00e3o.<\/p>\n\n\n\n<p>\u201c\u00c9 uma energia diferente. A gente sobe ao palco e sente o carinho do p\u00fablico, v\u00ea o brilho nos olhos das crian\u00e7as. \u00c9 emocionante fazer parte de algo t\u00e3o grandioso, que leva esperan\u00e7a para tantas fam\u00edlias\u201d, conta Vini Queiroz, ator e bailarino que integra o elenco da cerim\u00f4nia de acendimento das luzes.<\/p>\n\n\n\n<p><strong>Trabalho invis\u00edvel, mas essencial<\/strong><br>Enquanto o p\u00fablico se prepara, as equipes de limpeza entram em a\u00e7\u00e3o para deixar tudo pronto para a noite. S\u00e3o dezenas de profissionais que cuidam de cada detalhe, varrendo, lavando e organizando o espa\u00e7o para que o Natal do Bem esteja impec\u00e1vel.<\/p>\n\n\n\n<p>\u201cA gente trabalha com muito carinho, porque sabe que cada crian\u00e7a, cada fam\u00edlia merece encontrar esse lugar bonito e limpo. Quando vejo as pessoas felizes, sinto que vale a pena cada noite de servi\u00e7o\u201d, relata Dulcin\u00e9ia Andrade da Silva, funcion\u00e1ria da equipe de limpeza do evento. Ao lado dela, Marilda Ramos exerce a mesma fun\u00e7\u00e3o. Pela primeira vez trabalhando no Natal do Bem, ela diz que a emo\u00e7\u00e3o \u00e9 a mesma. \u201cAntes eu vinha para visitar e ficava emocionada, agora que eu contribuo para que tudo esteja lindo, \u00e9 um orgulho muito grande\u201d.<\/p>\n\n\n\n<p><strong>Um espet\u00e1culo constru\u00eddo com amor<\/strong><br>Desde sua primeira edi\u00e7\u00e3o, o Natal do Bem n\u00e3o para de crescer. Em 2019, ainda na Pra\u00e7a C\u00edvica, recebeu cerca de 90 mil pessoas. Em 2024, j\u00e1 no CCON, foram 1,5 milh\u00e3o de visitantes. Neste ano, a expectativa \u00e9 chegar a 1,8 milh\u00e3o, com novidades como o t\u00fanel de LED que conta a hist\u00f3ria do Natal e uma nova \u00e1rea tem\u00e1tica que apresenta os bastidores da rotina do Papai Noel.<\/p>\n\n\n\n<p>\u201cO Natal do Bem \u00e9 uma verdadeira corrente do bem. Cada colaborador, cada artista e cada volunt\u00e1rio contribui para transformar o nosso Estado em um lugar ainda mais acolhedor e solid\u00e1rio. \u00c9 a for\u00e7a do amor e da uni\u00e3o que faz esse sonho acontecer\u201d, refor\u00e7a Gracinha Caiado.<\/p>\n\n\n\n<p><strong>Organiza\u00e7\u00e3o das Volunt\u00e1rias de Goi\u00e1s | Goi\u00e1s Social &#8211; Governo de Goi\u00e1s<\/strong><\/p>\n","protected":false},"excerpt":{"rendered":"<p>Equipes de limpeza, eletricistas, t\u00e9cnicos, artistas e volunt\u00e1rios trabalham todos os dias para garantir a beleza, seguran\u00e7a e emo\u00e7\u00e3o do maior evento natalino gratuito do Brasil<\/p>\n","protected":false},"author":4,"featured_media":28366,"comment_status":"closed","ping_status":"closed","sticky":false,"template":"","format":"standard","meta":{"_acf_changed":false,"footnotes":""},"categories":[1],"tags":[],"class_list":["post-28365","post","type-post","status-publish","format-standard","has-post-thumbnail","hentry","category-noticias-ovg"],"acf":[],"_links":{"self":[{"href":"https:\/\/www.ovg.org.br\/site\/index.php?rest_route=\/wp\/v2\/posts\/28365","targetHints":{"allow":["GET"]}}],"collection":[{"href":"https:\/\/www.ovg.org.br\/site\/index.php?rest_route=\/wp\/v2\/posts"}],"about":[{"href":"https:\/\/www.ovg.org.br\/site\/index.php?rest_route=\/wp\/v2\/types\/post"}],"author":[{"embeddable":true,"href":"https:\/\/www.ovg.org.br\/site\/index.php?rest_route=\/wp\/v2\/users\/4"}],"replies":[{"embeddable":true,"href":"https:\/\/www.ovg.org.br\/site\/index.php?rest_route=%2Fwp%2Fv2%2Fcomments&post=28365"}],"version-history":[{"count":2,"href":"https:\/\/www.ovg.org.br\/site\/index.php?rest_route=\/wp\/v2\/posts\/28365\/revisions"}],"predecessor-version":[{"id":28372,"href":"https:\/\/www.ovg.org.br\/site\/index.php?rest_route=\/wp\/v2\/posts\/28365\/revisions\/28372"}],"wp:featuredmedia":[{"embeddable":true,"href":"https:\/\/www.ovg.org.br\/site\/index.php?rest_route=\/wp\/v2\/media\/28366"}],"wp:attachment":[{"href":"https:\/\/www.ovg.org.br\/site\/index.php?rest_route=%2Fwp%2Fv2%2Fmedia&parent=28365"}],"wp:term":[{"taxonomy":"category","embeddable":true,"href":"https:\/\/www.ovg.org.br\/site\/index.php?rest_route=%2Fwp%2Fv2%2Fcategories&post=28365"},{"taxonomy":"post_tag","embeddable":true,"href":"https:\/\/www.ovg.org.br\/site\/index.php?rest_route=%2Fwp%2Fv2%2Ftags&post=28365"}],"curies":[{"name":"wp","href":"https:\/\/api.w.org\/{rel}","templated":true}]}}